{"id":119845,"date":"2025-06-12T16:19:15","date_gmt":"2025-06-12T16:19:15","guid":{"rendered":"https:\/\/tvbrazilusa.com\/2025\/06\/12\/o-homem-de-jacksonville-acusado-de-ameacar-manifestantes-anti-trump-jacksonville-hoje\/"},"modified":"2025-06-12T16:26:33","modified_gmt":"2025-06-12T16:26:33","slug":"o-homem-de-jacksonville-acusado-de-ameacar-manifestantes-anti-trump-jacksonville-hoje","status":"publish","type":"post","link":"https:\/\/tvbrazilusa.com\/pt\/2025\/06\/12\/o-homem-de-jacksonville-acusado-de-ameacar-manifestantes-anti-trump-jacksonville-hoje\/","title":{"rendered":"O homem de Jacksonville acusado de amea\u00e7ar manifestantes anti-Trump | Jacksonville hoje"},"content":{"rendered":"<p> <script async src=\"https:\/\/pagead2.googlesyndication.com\/pagead\/js\/adsbygoogle.js?client=ca-pub-8864793242727901\"\r\n     crossorigin=\"anonymous\"><\/script><br \/>\n<\/p>\n<div>\n<p>Um homem de Jacksonville foi preso na quarta-feira depois de amea\u00e7ar atropelar manifestantes anti-Trump durante nenhuma manifesta\u00e7\u00e3o do Dia dos Kings no s\u00e1bado, disse o escrit\u00f3rio do xerife de Jacksonville.<\/p>\n<p>Zachary Degross, 26, postou sua amea\u00e7a nas m\u00eddias sociais, disse o escrit\u00f3rio do xerife. Ele foi acusado de enviar uma amea\u00e7a por escrito de cometer terrorismo, um crime, de acordo com os registros da pris\u00e3o de Duval County.<\/p>\n<p>As manifesta\u00e7\u00f5es s\u00e3o esperadas em Notheast, na Fl\u00f3rida, e em centenas de cidades no s\u00e1bado, quando as pessoas protestam contra as pol\u00edticas do governo Trump, particularmente os ataques de imigra\u00e7\u00e3o.<\/p>\n<p>O evento ocorre durante os dias de protestos em Los Angeles, onde o presidente Donald Trump empregou a Guarda Nacional para ajudar os agentes de imigra\u00e7\u00e3o e alf\u00e2ndega dos EUA.<\/p>\n<p>A pol\u00edcia diz que recebeu uma dica de algu\u00e9m que viu um texto da m\u00eddia social sobre protestos em Jacksonville. O post disse que o escritor &#8220;atravessaria&#8221; qualquer manifestante com um caminh\u00e3o.<\/p>\n<p>&#8220;Se eu vir alguma grande reuni\u00e3o para protestar contra o gelo&#8221;, disse o post, &#8220;vou pegar meus amigos e atravessar todos os su\u00ednos ignentes e n\u00e3o americanos, vejo protestar a deporta\u00e7\u00e3o de imigrantes ilegais&#8221;, j\u00e1 que voc\u00ea acredita tanto neles por que voc\u00ea vai. &#8220;<\/p>\n<p>Os detetives rastrearam a conta de m\u00eddia social para degross e prenderam -o, segundo a pol\u00edcia.<\/p>\n<p>Em um post de m\u00eddia social, o escrit\u00f3rio do xerife disse que todos t\u00eam um direito constitucional a protestos pac\u00edficos.<\/p>\n<p>&#8220;O que voc\u00ea n\u00e3o tem o direito de fazer \u00e9 amea\u00e7ar os outros. Fazer uma amea\u00e7a como a que Degross fez \u00e9 um crime&#8221;, disse o escrit\u00f3rio do xerife. &#8220;Se voc\u00ea est\u00e1 fazendo amea\u00e7as on -line para prejudicar os outros, mesmo que voc\u00ea n\u00e3o pretenda seguir em frente com essa a\u00e7\u00e3o, prendemos voc\u00ea. Levamos todas as amea\u00e7as incrivelmente a s\u00e9rio&#8221;.<\/p>\n<h3 class=\"wp-block-heading\">Protestos no nordeste da Fl\u00f3rida<\/h3>\n<p>O &#8220;<a href=\"https:\/\/www.mobilize.us\/nokings\/c\/no-kings\/event\/create\/\" rel=\"nofollow noopener\" target=\"_blank\">No Dia Nacional de Mobiliza\u00e7\u00f5es de Kings<\/a>\u201dEst\u00e1 organizado por <a href=\"https:\/\/indivisible.org\/\" target=\"_blank\" rel=\"noreferrer noopener nofollow\">Indivis\u00edvel<\/a>uma coaliz\u00e3o sem fins lucrativos de grupos de a\u00e7\u00e3o pol\u00edtica progressiva. Os protestos est\u00e3o programados no mesmo dia em que Trump planeja um grande desfile de servi\u00e7os armados em Washington, DC, para reconhecer o Dia da Bandeira, que tamb\u00e9m \u00e9 o anivers\u00e1rio de Trump.<\/p>\n<p>Um n\u00famero de protestos no Dia dos Reis est\u00e3o planejados no nordeste da Fl\u00f3rida:<\/p>\n<p><strong>Condado de Duval:<\/strong> Um &#8220;protesto de assinatura&#8221; est\u00e1 marcado para as 9 \u00e0s 10:30 do s\u00e1bado, nas avenidas de Beach e Hodges, no lado sul da cidade. Outro est\u00e1 planejado das 11h \u00e0s 13h no Tribunal do Condado de Duval em 501 W. Adams St.<\/p>\n<p><strong>Condado de Clay:<\/strong> Uma manifesta\u00e7\u00e3o acontecer\u00e1 das 10 \u00e0s 12h na 2297 Kingsley Ave. em Orange Park.<\/p>\n<p><strong>St. Condado de Johns:<\/strong> Um evento est\u00e1 programado das 10 \u00e0s 11h45 de s\u00e1bado no US 1 &#038; Race Track Road em Fruit Cove. Outro est\u00e1 planejado \u00e0s 9h30 em Santo Agostinho. Os participantes devem se registrar em <a href=\"https:\/\/www.nokings.org\/\" rel=\"nofollow noopener\" target=\"_blank\">Nokings.org\/#map<\/a> Para obter o endere\u00e7o.<\/p>\n<\/div>\n<p><br \/>\n<br \/><a href=\"https:\/\/jaxtoday.org\/2025\/06\/12\/jacksonville-man-accused-of-threatening-anti-trump-protesters\/\">Source link <\/a><\/p>","protected":false},"excerpt":{"rendered":"<p>Um homem de Jacksonville foi preso na quarta-feira depois de amea\u00e7ar atropelar manifestantes anti-Trump durante nenhuma manifesta\u00e7\u00e3o do Dia dos Kings no s\u00e1bado, disse o escrit\u00f3rio do xerife de Jacksonville.&hellip;<\/p>","protected":false},"author":1,"featured_media":119846,"comment_status":"closed","ping_status":"open","sticky":false,"template":"","format":"standard","meta":{"content-type":"","footnotes":""},"categories":[1],"tags":[],"class_list":["post-119845","post","type-post","status-publish","format-standard","has-post-thumbnail","hentry","category-uncategorized"],"_links":{"self":[{"href":"https:\/\/tvbrazilusa.com\/pt\/wp-json\/wp\/v2\/posts\/119845","targetHints":{"allow":["GET"]}}],"collection":[{"href":"https:\/\/tvbrazilusa.com\/pt\/wp-json\/wp\/v2\/posts"}],"about":[{"href":"https:\/\/tvbrazilusa.com\/pt\/wp-json\/wp\/v2\/types\/post"}],"author":[{"embeddable":true,"href":"https:\/\/tvbrazilusa.com\/pt\/wp-json\/wp\/v2\/users\/1"}],"replies":[{"embeddable":true,"href":"https:\/\/tvbrazilusa.com\/pt\/wp-json\/wp\/v2\/comments?post=119845"}],"version-history":[{"count":1,"href":"https:\/\/tvbrazilusa.com\/pt\/wp-json\/wp\/v2\/posts\/119845\/revisions"}],"predecessor-version":[{"id":119847,"href":"https:\/\/tvbrazilusa.com\/pt\/wp-json\/wp\/v2\/posts\/119845\/revisions\/119847"}],"wp:featuredmedia":[{"embeddable":true,"href":"https:\/\/tvbrazilusa.com\/pt\/wp-json\/wp\/v2\/media\/119846"}],"wp:attachment":[{"href":"https:\/\/tvbrazilusa.com\/pt\/wp-json\/wp\/v2\/media?parent=119845"}],"wp:term":[{"taxonomy":"category","embeddable":true,"href":"https:\/\/tvbrazilusa.com\/pt\/wp-json\/wp\/v2\/categories?post=119845"},{"taxonomy":"post_tag","embeddable":true,"href":"https:\/\/tvbrazilusa.com\/pt\/wp-json\/wp\/v2\/tags?post=119845"}],"curies":[{"name":"wp","href":"https:\/\/api.w.org\/{rel}","templated":true}]}}