{"id":119914,"date":"2025-06-13T13:49:28","date_gmt":"2025-06-13T13:49:28","guid":{"rendered":"https:\/\/tvbrazilusa.com\/2025\/06\/13\/we-will-mataremos-voce-fl\/"},"modified":"2025-06-13T15:11:08","modified_gmt":"2025-06-13T15:11:08","slug":"we-will-mataremos-voce-fl","status":"publish","type":"post","link":"https:\/\/tvbrazilusa.com\/pt\/2025\/06\/13\/we-will-mataremos-voce-fl\/","title":{"rendered":"&#8216;We Will mataremos voc\u00ea&#8217;: FL."},"content":{"rendered":"<p> <script async src=\"https:\/\/pagead2.googlesyndication.com\/pagead\/js\/adsbygoogle.js?client=ca-pub-8864793242727901\"\r\n     crossorigin=\"anonymous\"><\/script><br \/>\n<\/p>\n<div>\n<p>FLORIDA &#8211; Os funcion\u00e1rios da Fl\u00f3rida e a aplica\u00e7\u00e3o da lei est\u00e3o adotando uma linha dura para manifestantes e ativistas antes dos protestos de &#8220;No Reis&#8221; planejados em todo o pa\u00eds e em todo o estado do sol no s\u00e1bado. <\/p>\n<\/div>\n<div>\n<p>Eles alertam que, se os protestos se tornarem violentos, os participantes poder\u00e3o enfrentar pris\u00e3o ou at\u00e9 morte, segundo relatos. <\/p>\n<p>Os protestos coincidem com um desfile militar em Washington, DC, comemorando o 250\u00ba anivers\u00e1rio do Ex\u00e9rcito dos EUA que cai no 79\u00ba anivers\u00e1rio de Donald Trump. <\/p>\n<\/div>\n<div>\n<p>&#8220;Nenhum reis \u00e9 um dia de desafio em todo o pa\u00eds&#8221;, segundo os organizadores. &#8220;De quarteir\u00f5es da cidade a pequenas cidades, de degraus do tribunal a parques comunit\u00e1rios, estamos tomando medidas para rejeitar o autoritarismo &#8211; e mostrar ao mundo como a democracia realmente se parece.&#8221;<\/p>\n<p>O xerife do condado de Brevard, Wayne Ivey, n\u00e3o mediu palavras, dizendo durante uma entrevista coletiva na quinta -feira: &#8220;Se voc\u00ea jogar um tijolo, um bomba ou apontar uma arma para um de nossos adjuntos, notificaremos sua fam\u00edlia onde recolher seus restos mortais, porque mataremos voc\u00ea morto.<\/p>\n<\/div>\n<div>\n<p>Trump respondeu a dias de protestos contra ataques de imigra\u00e7\u00e3o no gelo em Los Angeles, implantando membros da Guarda Nacional. A cidade tamb\u00e9m imp\u00f4s um toque de recolher durante a noite para o centro da cidade.<\/p>\n<p>O governador Ron DeSantis tamb\u00e9m alertou os manifestantes durante uma entrevista coletiva em Jacksonville que &#8220;a linha \u00e9 muito clara&#8221; com a aplica\u00e7\u00e3o da lei pronta para agir, <a href=\"https:\/\/www.news4jax.com\/news\/politics\/2025\/06\/12\/despite-warning-from-desantis-no-kings-protests-against-trumps-policies-planned-in-florida-on-saturday\/\" target=\"_blank\" rel=\"nofollow\">News4Jax relatou<\/a>. <\/p>\n<\/div>\n<div>\n<p>O governador, denunciando os protestos na Calif\u00f3rnia, disse: &#8220;Nem tente desligar as ruas (na Fl\u00f3rida). Vamos garantir que voc\u00ea n\u00e3o fa\u00e7a isso&#8221;.<\/p>\n<p>Os organizadores de protestos disseram que um princ\u00edpio central por tr\u00e1s de todos os eventos &#8220;No Kings&#8221; \u00e9 um compromisso com a n\u00e3o -viol\u00eancia.<\/p>\n<hr\/>\n<p><strong>Veja tamb\u00e9m:<\/strong><\/p>\n<hr\/>\n<p>Uma lei \u201canti-motim\u201d entrou em vigor na Fl\u00f3rida em 2021 como uma resposta aos protestos da justi\u00e7a racial ap\u00f3s o assassinato de George Floyd, um homem negro que foi morto por um policial branco de Minneapolis.<\/p>\n<p>A lei aumentou as acusa\u00e7\u00f5es criminais por protestos que se tornam violentos. <\/p>\n<\/div>\n<div>\n<p>&#8220;As pessoas s\u00e3o livres para protestar, mas tumultos \u00e9 ilegal na Fl\u00f3rida e ser\u00e3o tratados de acordo&#8221;, Christina Pussaw, um assessor de DeSantis, <a href=\"https:\/\/x.com\/ChristinaPushaw\/status\/1931833908326269036\" target=\"_blank\" rel=\"nofollow\">Postado em x<\/a>anteriormente Twitter. <\/p>\n<\/p><\/div>\n<p><br \/>\n<br \/><a href=\"http:\/\/patch.com\/florida\/southtampa\/we-will-kill-you-fl-officials-warn-arrests-death-if-no-kings-protests-turn?utm_source=article-mostrecent&#038;utm_medium=rss&#038;utm_term=politics%20%26%20government&#038;utm_campaign=recirc&#038;utm_content=aol\">Source link <\/a><\/p>","protected":false},"excerpt":{"rendered":"<p>FLORIDA &#8211; Os funcion\u00e1rios da Fl\u00f3rida e a aplica\u00e7\u00e3o da lei est\u00e3o adotando uma linha dura para manifestantes e ativistas antes dos protestos de &#8220;No Reis&#8221; planejados em todo o&hellip;<\/p>","protected":false},"author":1,"featured_media":119915,"comment_status":"closed","ping_status":"open","sticky":false,"template":"","format":"standard","meta":{"content-type":"","footnotes":""},"categories":[1],"tags":[],"class_list":["post-119914","post","type-post","status-publish","format-standard","has-post-thumbnail","hentry","category-uncategorized"],"_links":{"self":[{"href":"https:\/\/tvbrazilusa.com\/pt\/wp-json\/wp\/v2\/posts\/119914","targetHints":{"allow":["GET"]}}],"collection":[{"href":"https:\/\/tvbrazilusa.com\/pt\/wp-json\/wp\/v2\/posts"}],"about":[{"href":"https:\/\/tvbrazilusa.com\/pt\/wp-json\/wp\/v2\/types\/post"}],"author":[{"embeddable":true,"href":"https:\/\/tvbrazilusa.com\/pt\/wp-json\/wp\/v2\/users\/1"}],"replies":[{"embeddable":true,"href":"https:\/\/tvbrazilusa.com\/pt\/wp-json\/wp\/v2\/comments?post=119914"}],"version-history":[{"count":1,"href":"https:\/\/tvbrazilusa.com\/pt\/wp-json\/wp\/v2\/posts\/119914\/revisions"}],"predecessor-version":[{"id":119916,"href":"https:\/\/tvbrazilusa.com\/pt\/wp-json\/wp\/v2\/posts\/119914\/revisions\/119916"}],"wp:featuredmedia":[{"embeddable":true,"href":"https:\/\/tvbrazilusa.com\/pt\/wp-json\/wp\/v2\/media\/119915"}],"wp:attachment":[{"href":"https:\/\/tvbrazilusa.com\/pt\/wp-json\/wp\/v2\/media?parent=119914"}],"wp:term":[{"taxonomy":"category","embeddable":true,"href":"https:\/\/tvbrazilusa.com\/pt\/wp-json\/wp\/v2\/categories?post=119914"},{"taxonomy":"post_tag","embeddable":true,"href":"https:\/\/tvbrazilusa.com\/pt\/wp-json\/wp\/v2\/tags?post=119914"}],"curies":[{"name":"wp","href":"https:\/\/api.w.org\/{rel}","templated":true}]}}