{"id":119917,"date":"2025-06-13T15:20:00","date_gmt":"2025-06-13T15:20:00","guid":{"rendered":"https:\/\/tvbrazilusa.com\/2025\/06\/13\/os-primeiros-carros-sairam-da-garagem-queimada-no-aeroporto-de-jacksonville-jacksonville-hoje\/"},"modified":"2025-06-13T15:23:42","modified_gmt":"2025-06-13T15:23:42","slug":"os-primeiros-carros-sairam-da-garagem-queimada-no-aeroporto-de-jacksonville-jacksonville-hoje","status":"publish","type":"post","link":"https:\/\/tvbrazilusa.com\/pt\/2025\/06\/13\/os-primeiros-carros-sairam-da-garagem-queimada-no-aeroporto-de-jacksonville-jacksonville-hoje\/","title":{"rendered":"Os primeiros carros sa\u00edram da garagem queimada no aeroporto de Jacksonville | Jacksonville hoje"},"content":{"rendered":"<p> <script async src=\"https:\/\/pagead2.googlesyndication.com\/pagead\/js\/adsbygoogle.js?client=ca-pub-8864793242727901\"\r\n     crossorigin=\"anonymous\"><\/script><br \/>\n<\/p>\n<div>\n<p>Cerca de 20 ve\u00edculos foram cuidadosamente retirados do conv\u00e9s superior da garagem por hora de Jacksonville International Airport Airport Airport, na quinta-feira, quase um m\u00eas depois <a href=\"https:\/\/jaxtoday.org\/2025\/05\/16\/parking-garage-fire-shuts-down-jacksonvilles-airport\/\">Chamas devastadas<\/a> parte de seu terceiro e quarto andares.<\/p>\n<p>Cerca de 20 ve\u00edculos foram cuidadosamente transferidos na quinta-feira do conv\u00e9s superior da garagem devastada pelo inc\u00eandio no Aeroporto Internacional de Jacksonville.<\/p>\n<p>Um guindaste foi usado para mover os ve\u00edculos para uma parte sem danos do quarto andar da garagem, quase um m\u00eas depois <a href=\"https:\/\/jaxtoday.org\/2025\/05\/16\/parking-garage-fire-shuts-down-jacksonvilles-airport\/\">Chamas incendiadas<\/a> parte do terceiro e quarto andares.<\/p>\n<p>Os carros em se\u00e7\u00f5es menos danificadas da garagem foram devolvidas aos propriet\u00e1rios semanas atr\u00e1s.<\/p>\n<p>O inc\u00eandio varreu a garagem a hora na tarde de 16 de maio, aparentemente come\u00e7ando em um ve\u00edculo no terceiro andar pouco antes do meio -dia, deixando cerca de 50 ve\u00edculos presos l\u00e1 e no conv\u00e9s acima.<\/p>\n<p>As equipes removeram os pain\u00e9is solares da frente da garagem para diminuir o peso em partes danificadas do conv\u00e9s superior. Agora, com o primeiro grupo de ve\u00edculos &#8220;com muita seguran\u00e7a e metodicamente&#8221; mudou parte do conv\u00e9s superior na quinta -feira, os esfor\u00e7os para remover mais danificados podem come\u00e7ar em breve, disse o porta -voz da Autoridade do Aeroporto, Michael Stewart.<\/p>\n<p>N\u00e3o h\u00e1 cronograma para a remo\u00e7\u00e3o dos ve\u00edculos mais danificados no terceiro andar, onde o inc\u00eandio come\u00e7ou. Aqueles que n\u00e3o est\u00e3o perto da origem do inc\u00eandio podem ser retirados depois que os trilhos externos s\u00e3o removidos, disse Stewart.<\/p>\n<p>Nada disso pode ser feito at\u00e9 que os engenheiros estruturais possam verificar a integridade do terceiro andar e o deck acima dele. Em seguida, os investigadores podem se concentrar no que Stewart chama de &#8220;Ground Zero&#8221; &#8211; o BMW que era a fonte aparente do inc\u00eandio e os ve\u00edculos danificados ao seu redor.<\/p>\n<\/div>\n<p><br \/>\n<br \/><a href=\"https:\/\/jaxtoday.org\/2025\/06\/13\/first-cars-moved-off-burned-airport-garage\/\">Source link <\/a><\/p>","protected":false},"excerpt":{"rendered":"<p>Cerca de 20 ve\u00edculos foram cuidadosamente retirados do conv\u00e9s superior da garagem por hora de Jacksonville International Airport Airport Airport, na quinta-feira, quase um m\u00eas depois Chamas devastadas parte de&hellip;<\/p>","protected":false},"author":1,"featured_media":119918,"comment_status":"closed","ping_status":"open","sticky":false,"template":"","format":"standard","meta":{"content-type":"","footnotes":""},"categories":[1],"tags":[],"class_list":["post-119917","post","type-post","status-publish","format-standard","has-post-thumbnail","hentry","category-uncategorized"],"_links":{"self":[{"href":"https:\/\/tvbrazilusa.com\/pt\/wp-json\/wp\/v2\/posts\/119917","targetHints":{"allow":["GET"]}}],"collection":[{"href":"https:\/\/tvbrazilusa.com\/pt\/wp-json\/wp\/v2\/posts"}],"about":[{"href":"https:\/\/tvbrazilusa.com\/pt\/wp-json\/wp\/v2\/types\/post"}],"author":[{"embeddable":true,"href":"https:\/\/tvbrazilusa.com\/pt\/wp-json\/wp\/v2\/users\/1"}],"replies":[{"embeddable":true,"href":"https:\/\/tvbrazilusa.com\/pt\/wp-json\/wp\/v2\/comments?post=119917"}],"version-history":[{"count":1,"href":"https:\/\/tvbrazilusa.com\/pt\/wp-json\/wp\/v2\/posts\/119917\/revisions"}],"predecessor-version":[{"id":119919,"href":"https:\/\/tvbrazilusa.com\/pt\/wp-json\/wp\/v2\/posts\/119917\/revisions\/119919"}],"wp:featuredmedia":[{"embeddable":true,"href":"https:\/\/tvbrazilusa.com\/pt\/wp-json\/wp\/v2\/media\/119918"}],"wp:attachment":[{"href":"https:\/\/tvbrazilusa.com\/pt\/wp-json\/wp\/v2\/media?parent=119917"}],"wp:term":[{"taxonomy":"category","embeddable":true,"href":"https:\/\/tvbrazilusa.com\/pt\/wp-json\/wp\/v2\/categories?post=119917"},{"taxonomy":"post_tag","embeddable":true,"href":"https:\/\/tvbrazilusa.com\/pt\/wp-json\/wp\/v2\/tags?post=119917"}],"curies":[{"name":"wp","href":"https:\/\/api.w.org\/{rel}","templated":true}]}}