{"id":11999,"date":"2024-07-30T05:00:33","date_gmt":"2024-07-30T05:00:33","guid":{"rendered":"https:\/\/tvbrazilusa.com\/2024\/07\/30\/milhares-protestam-contra-acordo-da-servia-com-a-uniao-europeia-para-extracao-de-litio\/"},"modified":"2024-07-30T05:19:18","modified_gmt":"2024-07-30T05:19:18","slug":"milhares-protestam-contra-acordo-da-servia-com-a-uniao-europeia-para-extracao-de-litio","status":"publish","type":"post","link":"https:\/\/tvbrazilusa.com\/pt\/2024\/07\/30\/milhares-protestam-contra-acordo-da-servia-com-a-uniao-europeia-para-extracao-de-litio\/","title":{"rendered":"Milhares protestam contra acordo da S\u00e9rvia com a Uni\u00e3o Europeia para extra\u00e7\u00e3o de l\u00edtio"},"content":{"rendered":"<script async src=\"https:\/\/pagead2.googlesyndication.com\/pagead\/js\/adsbygoogle.js?client=ca-pub-8864793242727901\"\r\n     crossorigin=\"anonymous\"><\/script>\n<div id=\"\">\n<p class=\"dist__Box-sc-1fnzlkn-0 dist__TextBase-sc-1fnzlkn-3 CGHCP htMUPQ article-text\"><strong>SABAC<\/strong> \u2013 Milhares de pessoas se reuniram em v\u00e1rias cidades da S\u00e9rvia na segunda-feira para protestar contra um projeto de escava\u00e7\u00e3o de l\u00edtio que o governo do pa\u00eds dos Balc\u00e3s assinou recentemente com a Uni\u00e3o Europeia.<\/p>\n<p class=\"dist__Box-sc-1fnzlkn-0 dist__TextBase-sc-1fnzlkn-3 CGHCP htMUPQ article-text\">Os protestos foram realizados simultaneamente na cidade ocidental de Sabac e nas cidades centrais de Kraljevo, Arandjelovac, Ljig e Barajevo. Eles seguiram reuni\u00f5es semelhantes em outras cidades s\u00e9rvias nas \u00faltimas semanas. <\/p>\n<p class=\"dist__Box-sc-1fnzlkn-0 dist__TextBase-sc-1fnzlkn-3 CGHCP htMUPQ article-text\">O acordo alcan\u00e7ado no in\u00edcio deste m\u00eas sobre &#8220;mat\u00e9rias-primas cr\u00edticas&#8221; pode reduzir a depend\u00eancia da Europa da China e empurrar a S\u00e9rvia, que tem la\u00e7os estreitos com a R\u00fassia e a China, para mais perto da UE. O chanceler alem\u00e3o Olaf Scholz participou da c\u00fapula em Belgrado.<\/p>\n<p class=\"dist__Box-sc-1fnzlkn-0 dist__TextBase-sc-1fnzlkn-3 CGHCP htMUPQ article-text\">O acordo, no entanto, foi duramente criticado por ambientalistas e grupos de oposi\u00e7\u00e3o na S\u00e9rvia, que argumentam que ele causaria danos irrevers\u00edveis ao meio ambiente e traria poucos benef\u00edcios aos cidad\u00e3os.<\/p>\n<p class=\"dist__Box-sc-1fnzlkn-0 dist__TextBase-sc-1fnzlkn-3 CGHCP htMUPQ article-text\">A maior reserva de l\u00edtio da S\u00e9rvia fica em um vale ocidental rico em terra f\u00e9rtil e \u00e1gua. A empresa multinacional Rio Tinto iniciou um projeto de explora\u00e7\u00e3o na \u00e1rea h\u00e1 v\u00e1rios anos, o que gerou enorme oposi\u00e7\u00e3o, for\u00e7ando sua suspens\u00e3o. <\/p>\n<p class=\"dist__Box-sc-1fnzlkn-0 dist__TextBase-sc-1fnzlkn-3 CGHCP htMUPQ article-text\">No entanto, no in\u00edcio deste m\u00eas, o tribunal constitucional da S\u00e9rvia anulou a decis\u00e3o do governo <a href=\"https:\/\/apnews.com\/article\/science-business-environment-serbia-aleksandar-vucic-f966bfe85e7c215de8d19fa4e4558d43\">decis\u00e3o anterior de<\/a> cancelar um projeto de minera\u00e7\u00e3o de US$ 2,4 bilh\u00f5es lan\u00e7ado pela empresa de minera\u00e7\u00e3o brit\u00e2nico-australiana no vale de Jadar, abrindo caminho para sua retomada. <\/p>\n<p class=\"dist__Box-sc-1fnzlkn-0 dist__TextBase-sc-1fnzlkn-3 CGHCP htMUPQ article-text\">O governo s\u00e9rvio <a href=\"https:\/\/apnews.com\/article\/technology-business-belgrade-serbia-blockades-0e6ad9aa1259763f022de1d4d83c6546\">decis\u00e3o de cancelar<\/a> os planos de escava\u00e7\u00e3o surgiram depois que milhares de manifestantes em Belgrado e em outros lugares da S\u00e9rvia bloquearam grandes estradas e pontes em 2021 para se opor \u00e0 Rio Tinto. Aqueles <a href=\"https:\/\/apnews.com\/article\/technology-business-europe-belgrade-environment-d1ded8849cedddbdd356262f3e425207\">protestos<\/a> foram o maior desafio at\u00e9 agora ao governo cada vez mais autocr\u00e1tico da S\u00e9rvia <a href=\"https:\/\/apnews.com\/hub\/aleksandar-vucic\">Presidente Aleksandar Vu\u010di\u0107<\/a>. <\/p>\n<p class=\"dist__Box-sc-1fnzlkn-0 dist__TextBase-sc-1fnzlkn-3 CGHCP htMUPQ article-text\">Vucic disse que nenhuma escava\u00e7\u00e3o come\u00e7aria antes de 2028 e que o governo buscaria garantias ambientais firmes antes de permitir a escava\u00e7\u00e3o. Alguns funcion\u00e1rios do governo sugeriram que um referendo sobre o assunto tamb\u00e9m poderia ser realizado. <\/p>\n<p class=\"dist__Box-sc-1fnzlkn-0 dist__TextBase-sc-1fnzlkn-3 CGHCP htMUPQ article-text\">Manifestantes que se reuniram na segunda-feira em cidades s\u00e9rvias disseram que n\u00e3o confiavam no governo e n\u00e3o permitiriam que as escava\u00e7\u00f5es prosseguissem. <\/p>\n<p class=\"dist__Box-sc-1fnzlkn-0 dist__TextBase-sc-1fnzlkn-3 CGHCP htMUPQ article-text\">\u201cEles usurparam nossos rios, nossas florestas\u201d, disse o ativista Nebojsa Kovandzic da cidade de Kraljevo. \u201cTudo o que eles (governo) fazem, eles fazem por seus pr\u00f3prios interesses e nunca no interesse de n\u00f3s, cidad\u00e3os.\u201d A multid\u00e3o em Kraljevo gritava &#39;ladr\u00f5es, ladr\u00f5es&#39;.<\/p>\n<p class=\"dist__Box-sc-1fnzlkn-0 dist__TextBase-sc-1fnzlkn-3 CGHCP htMUPQ article-text\">Em Sabac, os manifestantes agitaram bandeiras s\u00e9rvias e realizaram uma marcha pela cidade ap\u00f3s o com\u00edcio. <\/p>\n<\/div>\n<p>Copyright 2024 The Associated Press. Todos os direitos reservados. Este material n\u00e3o pode ser publicado, transmitido, reescrito ou redistribu\u00eddo sem permiss\u00e3o.<\/p>\n<p><br \/>\n<br \/><a href=\"https:\/\/www.clickorlando.com\/business\/2024\/07\/29\/thousands-protest-serbias-deal-with-the-european-union-to-excavate-lithium\/\">Source link <\/a><\/p>","protected":false},"excerpt":{"rendered":"<p>SABAC \u2013 Milhares de pessoas se reuniram em v\u00e1rias cidades da S\u00e9rvia na segunda-feira para protestar contra um projeto de escava\u00e7\u00e3o de l\u00edtio que o governo do pa\u00eds dos Balc\u00e3s&hellip;<\/p>","protected":false},"author":1,"featured_media":12000,"comment_status":"closed","ping_status":"open","sticky":false,"template":"","format":"standard","meta":{"content-type":"","footnotes":""},"categories":[1],"tags":[1223,1419,4404,1794],"class_list":["post-11999","post","type-post","status-publish","format-standard","has-post-thumbnail","hentry","category-uncategorized","tag-negocios","tag-noticias-do-mundo","tag-olaf-scholz","tag-tecnologia"],"_links":{"self":[{"href":"https:\/\/tvbrazilusa.com\/pt\/wp-json\/wp\/v2\/posts\/11999","targetHints":{"allow":["GET"]}}],"collection":[{"href":"https:\/\/tvbrazilusa.com\/pt\/wp-json\/wp\/v2\/posts"}],"about":[{"href":"https:\/\/tvbrazilusa.com\/pt\/wp-json\/wp\/v2\/types\/post"}],"author":[{"embeddable":true,"href":"https:\/\/tvbrazilusa.com\/pt\/wp-json\/wp\/v2\/users\/1"}],"replies":[{"embeddable":true,"href":"https:\/\/tvbrazilusa.com\/pt\/wp-json\/wp\/v2\/comments?post=11999"}],"version-history":[{"count":1,"href":"https:\/\/tvbrazilusa.com\/pt\/wp-json\/wp\/v2\/posts\/11999\/revisions"}],"predecessor-version":[{"id":12001,"href":"https:\/\/tvbrazilusa.com\/pt\/wp-json\/wp\/v2\/posts\/11999\/revisions\/12001"}],"wp:featuredmedia":[{"embeddable":true,"href":"https:\/\/tvbrazilusa.com\/pt\/wp-json\/wp\/v2\/media\/12000"}],"wp:attachment":[{"href":"https:\/\/tvbrazilusa.com\/pt\/wp-json\/wp\/v2\/media?parent=11999"}],"wp:term":[{"taxonomy":"category","embeddable":true,"href":"https:\/\/tvbrazilusa.com\/pt\/wp-json\/wp\/v2\/categories?post=11999"},{"taxonomy":"post_tag","embeddable":true,"href":"https:\/\/tvbrazilusa.com\/pt\/wp-json\/wp\/v2\/tags?post=11999"}],"curies":[{"name":"wp","href":"https:\/\/api.w.org\/{rel}","templated":true}]}}