{"id":120052,"date":"2025-06-16T18:28:36","date_gmt":"2025-06-16T18:28:36","guid":{"rendered":"https:\/\/tvbrazilusa.com\/2025\/06\/16\/jax-retorna-4-de-julho-de-fogos-de-artificio-para-um-unico-local-no-centro-da-cidade-jacksonville-hoje\/"},"modified":"2025-06-16T18:41:34","modified_gmt":"2025-06-16T18:41:34","slug":"jax-retorna-4-de-julho-de-fogos-de-artificio-para-um-unico-local-no-centro-da-cidade-jacksonville-hoje","status":"publish","type":"post","link":"https:\/\/tvbrazilusa.com\/pt\/2025\/06\/16\/jax-retorna-4-de-julho-de-fogos-de-artificio-para-um-unico-local-no-centro-da-cidade-jacksonville-hoje\/","title":{"rendered":"Jax retorna 4 de julho de fogos de artif\u00edcio para um \u00fanico local no centro da cidade | Jacksonville hoje"},"content":{"rendered":"<p> <script async src=\"https:\/\/pagead2.googlesyndication.com\/pagead\/js\/adsbygoogle.js?client=ca-pub-8864793242727901\"\r\n     crossorigin=\"anonymous\"><\/script><br \/>\n<\/p>\n<div>\n<p>Downtown Jacksonville ser\u00e1 o \u00fanico lugar para ver a exibi\u00e7\u00e3o de fogos de artif\u00edcio em 4 de julho da cidade, em vez de at\u00e9 cinco locais usados \u200b\u200bnos \u00faltimos anos.<\/p>\n<p>&#8220;Estamos voltando ao local tradicional do centro da cidade apenas para retornar \u00e0 norma e reduzir as despesas&#8221;, disse o porta -voz da prefeitura Phil Perry em um email. &#8220;Os locais expandidos foram iniciados durante a pandemia para facilitar a participa\u00e7\u00e3o dos moradores quando as reuni\u00f5es p\u00fablicas n\u00e3o estavam acontecendo&#8221;.<\/p>\n<p>As autoridades da cidade dizem que os fogos de artif\u00edcio do Dia da Independ\u00eancia deste ano come\u00e7ar\u00e3o \u00e0s 21:00, lan\u00e7ados a partir da ponte Acosta e a leste da ponte da Main Street. <\/p>\n<p>Os locais de visualiza\u00e7\u00e3o prim\u00e1ria ser\u00e3o ao longo das margens do rio Northbank e Southbank ao longo do rio St. Johns. O estacionamento estar\u00e1 dispon\u00edvel nos seguintes sites:<\/p>\n<p>A celebra\u00e7\u00e3o anual exige que as pontes da Main Street e da Acosta sejam fechadas para o lan\u00e7amento de fogos de artif\u00edcio, das 20h45 \u00e0s 22h30, disseram autoridades da cidade. <\/p>\n<p>Os locais nos anos anteriores inclu\u00edam Ray Greene Park, o Avenues Mall, a Trinity Baptist Church e o Ed Austin Regional Park.<\/p>\n<p>Para mais detalhes sobre os fogos de artif\u00edcio de Jacksonville em quatro de julho, v\u00e1 para <a href=\"http:\/\/events.coj.net\/\" rel=\"nofollow noopener\" target=\"_blank\">events.coj.net<\/a>.<\/p>\n<\/div>\n<p><br \/>\n<br \/><a href=\"https:\/\/jaxtoday.org\/2025\/06\/16\/jax-returns-july-4th-fireworks-to-single-site-downtown\/\">Source link <\/a><\/p>","protected":false},"excerpt":{"rendered":"<p>Downtown Jacksonville ser\u00e1 o \u00fanico lugar para ver a exibi\u00e7\u00e3o de fogos de artif\u00edcio em 4 de julho da cidade, em vez de at\u00e9 cinco locais usados \u200b\u200bnos \u00faltimos anos.&hellip;<\/p>","protected":false},"author":1,"featured_media":120053,"comment_status":"closed","ping_status":"open","sticky":false,"template":"","format":"standard","meta":{"content-type":"","footnotes":""},"categories":[1],"tags":[],"class_list":["post-120052","post","type-post","status-publish","format-standard","has-post-thumbnail","hentry","category-uncategorized"],"_links":{"self":[{"href":"https:\/\/tvbrazilusa.com\/pt\/wp-json\/wp\/v2\/posts\/120052","targetHints":{"allow":["GET"]}}],"collection":[{"href":"https:\/\/tvbrazilusa.com\/pt\/wp-json\/wp\/v2\/posts"}],"about":[{"href":"https:\/\/tvbrazilusa.com\/pt\/wp-json\/wp\/v2\/types\/post"}],"author":[{"embeddable":true,"href":"https:\/\/tvbrazilusa.com\/pt\/wp-json\/wp\/v2\/users\/1"}],"replies":[{"embeddable":true,"href":"https:\/\/tvbrazilusa.com\/pt\/wp-json\/wp\/v2\/comments?post=120052"}],"version-history":[{"count":1,"href":"https:\/\/tvbrazilusa.com\/pt\/wp-json\/wp\/v2\/posts\/120052\/revisions"}],"predecessor-version":[{"id":120054,"href":"https:\/\/tvbrazilusa.com\/pt\/wp-json\/wp\/v2\/posts\/120052\/revisions\/120054"}],"wp:featuredmedia":[{"embeddable":true,"href":"https:\/\/tvbrazilusa.com\/pt\/wp-json\/wp\/v2\/media\/120053"}],"wp:attachment":[{"href":"https:\/\/tvbrazilusa.com\/pt\/wp-json\/wp\/v2\/media?parent=120052"}],"wp:term":[{"taxonomy":"category","embeddable":true,"href":"https:\/\/tvbrazilusa.com\/pt\/wp-json\/wp\/v2\/categories?post=120052"},{"taxonomy":"post_tag","embeddable":true,"href":"https:\/\/tvbrazilusa.com\/pt\/wp-json\/wp\/v2\/tags?post=120052"}],"curies":[{"name":"wp","href":"https:\/\/api.w.org\/{rel}","templated":true}]}}