{"id":120097,"date":"2025-06-17T15:40:19","date_gmt":"2025-06-17T15:40:19","guid":{"rendered":"https:\/\/tvbrazilusa.com\/2025\/06\/17\/pa-o-nativo-de-jacksonville-reflete-sobre-o-livro-de-estreia-sobre-o-tiroteio-da-igreja-madre-emanuel-ame-jacksonville-hoje\/"},"modified":"2025-06-17T15:54:16","modified_gmt":"2025-06-17T15:54:16","slug":"pa-o-nativo-de-jacksonville-reflete-sobre-o-livro-de-estreia-sobre-o-tiroteio-da-igreja-madre-emanuel-ame-jacksonville-hoje","status":"publish","type":"post","link":"https:\/\/tvbrazilusa.com\/pt\/2025\/06\/17\/pa-o-nativo-de-jacksonville-reflete-sobre-o-livro-de-estreia-sobre-o-tiroteio-da-igreja-madre-emanuel-ame-jacksonville-hoje\/","title":{"rendered":"P&#038;A | O nativo de Jacksonville reflete sobre o livro de estr\u00e9ia sobre o tiroteio da Igreja Madre Emanuel AME | Jacksonville hoje"},"content":{"rendered":"<p> <script async src=\"https:\/\/pagead2.googlesyndication.com\/pagead\/js\/adsbygoogle.js?client=ca-pub-8864793242727901\"\r\n     crossorigin=\"anonymous\"><\/script><br \/>\n<\/p>\n<div>\n<p>Faz 10 anos desde que um supremacista branco entrou em um dos basti\u00f5es da Igreja Episcopal Metodista Africana e <a href=\"https:\/\/www.scetv.org\/emanuelnine?_gl=1*19w3k17*_ga*MTU5Nzc0OTY3NC4xNzUwMTA5Njk4*_ga_07HRB4TR84*czE3NTAxMDk2OTckbzEkZzEkdDE3NTAxMDk2OTckajYwJGwwJGgw\" rel=\"nofollow noopener\" target=\"_blank\">assassinou nove pessoas durante a b\u00ean\u00e7\u00e3o<\/a>.<\/p>\n<p>O nativo de Jacksonville, Kevin Sack, esteve em Charleston, Carolina do Sul, ap\u00f3s o tiroteio na Igreja Emanuel Ame. No in\u00edcio deste m\u00eas, o nativo de Jacksonville publicou seu primeiro livro, <em>M\u00e3e Emanuel: Dois s\u00e9culos de ra\u00e7a, resist\u00eancia e perd\u00e3o em uma igreja de Charleston.<\/em><\/p>\n<p>Na sexta -feira, a Biblioteca P\u00fablica de Jacksonville sediar\u00e1 Sack para um Litchat na sexta -feira \u00e0 tarde em seu principal local da Biblioteca no centro da Laura Street \u00e0s 16h<\/p>\n<p>A conversa de uma hora \u00e9 gratuita. No entanto, as pessoas devem ter um cart\u00e3o de biblioteca p\u00fablica de Jacksonville e <a href=\"https:\/\/jaxpubliclibrary.libnet.info\/event\/13505714\" rel=\"nofollow noopener\" target=\"_blank\">registrar<\/a> Para comparecer.<\/p>\n<p>Ser\u00e1 um baile para o ex -editor do vencedor do pr\u00eamio Bolles Bugle e Pulitzer.<\/p>\n<p>Em 2003, Sack e Alan Miller combinaram -se para <a href=\"https:\/\/www.pulitzer.org\/winners\/alan-miller-and-kevin-sack\" rel=\"nofollow noopener\" target=\"_blank\">Examine uma aeronave militar que estava ligada \u00e0 morte de dezenas de pilotos<\/a> para o <em>Los Angeles Times<\/em>.<\/p>\n<p>Em 2001, Sack fazia parte de um <em>New York Times<\/em> equipe que ganhou o maior pr\u00eamio do jornalismo por seu <a href=\"https:\/\/www.pulitzer.org\/winners\/staff-50\" rel=\"nofollow noopener\" target=\"_blank\">trabalho explorando atitude e sentimento racial<\/a> Nos Estados Unidos na virada do mil\u00eanio.<\/p>\n<p>Sack falou recentemente com <em>Jacksonville hoje<\/em> sobre seu livro de estr\u00e9ia.<\/p>\n<p><strong>P: Por que voc\u00ea queria escrever este livro nesta hora da hist\u00f3ria americana?<\/strong><\/p>\n<p><strong>UM:<\/strong> Quando os tiroteios aconteceram em Charleston, h\u00e1 10 anos, fui profundamente afetado, acho que ambos como um sulista nativo que havia sido estudante do movimento dos direitos civis, e tamb\u00e9m como jornalista que havia passado a maior parte da minha carreira no sul e muito disso &#8211; talvez uma quantidade incomum &#8211; dentro e ao redor das igrejas negras.<\/p>\n<p>Eu cobri as consequ\u00eancias imediatas para o <em>New York Times<\/em> E tamb\u00e9m voltou a Charleston para cobrir o julgamento pouco mais de um ano depois. Eu rapidamente fui paralisado pela hist\u00f3ria de fundo do local. Muita coisa aconteceu nos 200 anos antes desse evento.<\/p>\n<p>O que aconteceu naquela noite se tornaria um marco importante na hist\u00f3ria racial deste pa\u00eds. Senti algumas coisas logo de cara. Um, que realmente importava que o assassino tivesse escolhido esse alvo em particular. As pessoas deveriam entender por que isso importava, e a igreja n\u00e3o deveria ser conhecida para sempre pelo que aconteceu naquela noite, porque muita importa\u00e7\u00e3o havia acontecido antes.<\/p>\n<p>Quando comecei a me familiarizar com a hist\u00f3ria, comecei a sentir que a igreja forneceu a este maravilhoso ve\u00edculo que me permitiria explorar a hist\u00f3ria da afro-americana Charleston durante um per\u00edodo de dois s\u00e9culos, tudo dentro de uma congrega\u00e7\u00e3o metaf\u00f3rica sob o mesmo teto.<\/p>\n<p>Outra coisa que estava dirigindo toda essa explora\u00e7\u00e3o \u00e9 que &#8230; Houve uma cena incr\u00edvel alguns dias ap\u00f3s o tiroteio em que v\u00e1rios membros da fam\u00edlia em uma audi\u00eancia de v\u00ednculo para o assassino enfrentaram um microfone e expressaram perd\u00e3o de uma forma ou de outra em rela\u00e7\u00e3o a esse supremacista branco de 21 anos de idade, sem remorso.<\/p>\n<p>Como muitos de n\u00f3s, fiquei impressionado e confuso com isso de uma s\u00f3 vez. Enquanto eu cavava a hist\u00f3ria da igreja, come\u00e7ou a me ocorrer que a resposta para a pergunta de como essas pessoas se levantaram naquele dia e isso pode estar em algum lugar da hist\u00f3ria da congrega\u00e7\u00e3o e da denomina\u00e7\u00e3o.<\/p>\n<p><strong>Q:<\/strong> <strong>Como sua inf\u00e2ncia em Jacksonville afetou sua carreira no jornalismo e impactou os relat\u00f3rios que voc\u00ea fez neste livro?<\/strong><\/p>\n<p><strong>UM: <\/strong>Voc\u00ea pode argumentar que minha carreira de jornalismo come\u00e7ou em Jacksonville. Eu era o editor do Bolles Bugle. Estou muito orgulhoso de dizer que esse foi o meu primeiro trabalho de jornalismo. Realmente acendeu meu interesse no of\u00edcio. &#8230;<\/p>\n<p>Dado que acabei escrevendo muito mais sobre ra\u00e7a ao longo da minha carreira &#8211; e, obviamente, esse \u00e9 o tema deste livro &#8211; minha vida em Jacksonville foi muito segregada. Eu me formei em 1977. N\u00e3o tinha um \u00fanico colega de classe negra o tempo todo em que estava na escola em Jacksonville. &#8230;<\/p>\n<p>Eu tinha muito pouco senso da din\u00e2mica racial da cidade ou do lugar e hist\u00f3ria de conflitos raciais no sul at\u00e9 chegar \u00e0 faculdade. Nesse momento, eu estava em um ambiente mais integrado e tinha amigos de todas as listras e cores. Tive aulas de hist\u00f3ria que levaram ao meu interesse pela hist\u00f3ria dos direitos civis em particular.<\/p>\n<p>Fiz muitos cursos de hist\u00f3ria americanos modernos que refletiam sobre o movimento dos direitos civis. Fiquei apaixonado pelo romance dessa hist\u00f3ria. Ent\u00e3o, meus primeiros trabalhos de jornalismo foram em Atlanta. Cheguei l\u00e1 exatamente no momento em que a cidade estava passando da governan\u00e7a branca para a governan\u00e7a negra.<\/p>\n<p>As pessoas que estavam liderando a transi\u00e7\u00e3o e que eu acabei de acabar com muitos dias eram pessoas como Andrew Young, John Lewis, Julian Bond, Joseph Lowry, Maynard Jackson e Hosea Williams. Foi uma educa\u00e7\u00e3o bastante precoce. O poder pol\u00edtico negro, e grande parte da pol\u00edtica negra da cidade, ocorreu em igrejas negras.<\/p>\n<p><strong>P: A Igreja AME tem essa longa hist\u00f3ria de promo\u00e7\u00e3o da educa\u00e7\u00e3o, e a m\u00e3e Emanuel n\u00e3o era diferente. Quanto voc\u00ea acha que considerando onde estamos em termos de acesso \u00e0 educa\u00e7\u00e3o e lacunas educacionais &#8230; (descreva) a maneira como a Igreja Negra est\u00e1 envolvida em pressionar o avan\u00e7o educacional?<\/strong><\/p>\n<p><strong>UM:<\/strong> \u00c9 certamente um papel cr\u00edtico que foi desempenhado por essa denomina\u00e7\u00e3o. Aqueles que est\u00e3o familiarizados com o lugar da igreja em Jacksonville obviamente conhecem <a href=\"https:\/\/jaxtoday.org\/tag\/edward-waters-university\/\">Universidade de Edward Waters<\/a>que \u00e9 uma das v\u00e1rias faculdades e universidades e semin\u00e1rios de AME em todo o pa\u00eds.<\/p>\n<p>H\u00e1 um aqui na Carolina do Sul em Columbia, Universidade de Allen, que contou com muitos dos que perderam a vida na noite de 17 de junho de 2015, incluindo o pastor Clemente Pinckney e a v\u00edtima mais jovem, Tywanza Sanders, que eu acredito ter 26 anos e um rec\u00e9m -formado de Allen.<\/p>\n<p>Sim, a denomina\u00e7\u00e3o est\u00e1 intimamente ligada \u00e0 comunidade HBCU. E acho que h\u00e1 muito orgulho em ambas as dire\u00e7\u00f5es, tanto da denomina\u00e7\u00e3o quanto dessas institui\u00e7\u00f5es.<\/p>\n<p>\u00c9 interessante que o in\u00edcio da denomina\u00e7\u00e3o-(durante) antebellum e logo ap\u00f3s o fim da Guerra Civil-houve quase uma sequ\u00eancia anti-intelectual na principal hierarquia da denomina\u00e7\u00e3o. Acho que os pregadores eram mais orientados para o esp\u00edrito do que ter muito aprendizado de livros. E isso foi um reflexo da \u00e9poca, porque at\u00e9 a Guerra Civil, a alfabetiza\u00e7\u00e3o n\u00e3o era realmente obtida para muitos afro -americanos.<\/p>\n<p>Ap\u00f3s a guerra, Daniel Payne (AME Church Bishop) desprezou toda essa no\u00e7\u00e3o de um clero sem instru\u00e7\u00e3o e come\u00e7ou a pressionar por requisitos educacionais para os ministros de AME.<\/p>\n<p>Houve alguma controv\u00e9rsia sobre isso por um tempo, mas foi uma luta que ele finalmente venceu. Agora, \u00e9 um clero altamente educado e intelectual.<\/p>\n<p><em>Nota do escritor: a Igreja Emanuel AME foi a primeira congrega\u00e7\u00e3o episcopal metodista africana no sul quando foi fundada em 1818 em Charleston.<\/em><\/p>\n<p><em>Este m\u00eas \u00e9 o 160<sup>th<\/sup> Anivers\u00e1rio da presen\u00e7a da denomina\u00e7\u00e3o na Fl\u00f3rida. William G. Steward foi enviado de Charleston em abril de 1865. Em junho daquele ano, Steward fundou a Igreja AME Midway no Eastside de Jacksonville. M\u00e3e Midway, como \u00e9 carinhosamente chamado nos c\u00edrculos AME e al\u00e9m, continua a abrir suas portas de sua localiza\u00e7\u00e3o na Van Buren Street &#8220;em esp\u00edrito e na verdade&#8221;<\/em><\/p>\n<p><em>Steward e o Rev. Charles H. Pearce tamb\u00e9m foram fundamentais para arrecadar fundos para uma escola. Essa escola agora \u00e9 conhecida como Universidade Edward Waters, a mais antiga institui\u00e7\u00e3o educacional privada da Fl\u00f3rida. A Universidade de Edward Waters passou por uma s\u00e9rie de mudan\u00e7as de nome desde que foi fundada em 1866. Seu nome atual \u00e9 em homenagem ao terceiro bispo da Igreja AME.)<\/em><\/p>\n<p><strong>P: Voc\u00ea est\u00e1 voltando para casa (sexta -feira) para ter uma conversa sobre este livro. O que voc\u00ea espera quando discutir seu livro de estr\u00e9ia em sua cidade natal na sexta -feira?<\/strong><\/p>\n<p><strong>UM: <\/strong>Eu acho que vai ser uma experi\u00eancia emocionante. Haver\u00e1 amigos e familiares na plat\u00e9ia. Jacksonville n\u00e3o \u00e9 uma parte fugaz do meu passado. Toda a minha inf\u00e2ncia e juventude foram passados \u200b\u200bl\u00e1, assim como a minha esposa. Ambos estamos de volta l\u00e1 regularmente.<\/p>\n<p>Eu acho que h\u00e1 tantas pessoas que estar\u00e3o conosco naquele dia que estiveram conosco em todo o caminho de 10 anos para a produ\u00e7\u00e3o deste livro. Eles t\u00eam sido amorosos, solid\u00e1rios e entusiasmados. Foi muito bom ter esse tipo de apoio \u00e0 cidade natal. Deve ser um baile gratificante.<\/p>\n<\/div>\n<p><br \/>\n<br \/><a href=\"https:\/\/jaxtoday.org\/2025\/06\/17\/qa-jacksonville-native-reflects-on-debut-book-about-mother-emanuel-ame-church-shooting\/\">Source link <\/a><\/p>","protected":false},"excerpt":{"rendered":"<p>Faz 10 anos desde que um supremacista branco entrou em um dos basti\u00f5es da Igreja Episcopal Metodista Africana e assassinou nove pessoas durante a b\u00ean\u00e7\u00e3o. O nativo de Jacksonville, Kevin&hellip;<\/p>","protected":false},"author":1,"featured_media":120098,"comment_status":"closed","ping_status":"open","sticky":false,"template":"","format":"standard","meta":{"content-type":"","footnotes":""},"categories":[1],"tags":[],"class_list":["post-120097","post","type-post","status-publish","format-standard","has-post-thumbnail","hentry","category-uncategorized"],"_links":{"self":[{"href":"https:\/\/tvbrazilusa.com\/pt\/wp-json\/wp\/v2\/posts\/120097","targetHints":{"allow":["GET"]}}],"collection":[{"href":"https:\/\/tvbrazilusa.com\/pt\/wp-json\/wp\/v2\/posts"}],"about":[{"href":"https:\/\/tvbrazilusa.com\/pt\/wp-json\/wp\/v2\/types\/post"}],"author":[{"embeddable":true,"href":"https:\/\/tvbrazilusa.com\/pt\/wp-json\/wp\/v2\/users\/1"}],"replies":[{"embeddable":true,"href":"https:\/\/tvbrazilusa.com\/pt\/wp-json\/wp\/v2\/comments?post=120097"}],"version-history":[{"count":1,"href":"https:\/\/tvbrazilusa.com\/pt\/wp-json\/wp\/v2\/posts\/120097\/revisions"}],"predecessor-version":[{"id":120099,"href":"https:\/\/tvbrazilusa.com\/pt\/wp-json\/wp\/v2\/posts\/120097\/revisions\/120099"}],"wp:featuredmedia":[{"embeddable":true,"href":"https:\/\/tvbrazilusa.com\/pt\/wp-json\/wp\/v2\/media\/120098"}],"wp:attachment":[{"href":"https:\/\/tvbrazilusa.com\/pt\/wp-json\/wp\/v2\/media?parent=120097"}],"wp:term":[{"taxonomy":"category","embeddable":true,"href":"https:\/\/tvbrazilusa.com\/pt\/wp-json\/wp\/v2\/categories?post=120097"},{"taxonomy":"post_tag","embeddable":true,"href":"https:\/\/tvbrazilusa.com\/pt\/wp-json\/wp\/v2\/tags?post=120097"}],"curies":[{"name":"wp","href":"https:\/\/api.w.org\/{rel}","templated":true}]}}