{"id":120138,"date":"2025-06-17T22:46:00","date_gmt":"2025-06-17T22:46:00","guid":{"rendered":"https:\/\/tvbrazilusa.com\/2025\/06\/17\/congresso-derruba-veto-de-lula-a-pensao-vitalicia-para-vitimas-de-zika\/"},"modified":"2025-06-17T23:30:57","modified_gmt":"2025-06-17T23:30:57","slug":"congresso-derruba-veto-de-lula-a-pensao-vitalicia-para-vitimas-de-zika","status":"publish","type":"post","link":"https:\/\/tvbrazilusa.com\/pt\/2025\/06\/17\/congresso-derruba-veto-de-lula-a-pensao-vitalicia-para-vitimas-de-zika\/","title":{"rendered":"Congresso derruba veto de Lula a pens\u00e3o vital\u00edcia para v\u00edtimas de zika"},"content":{"rendered":"<p> <script async src=\"https:\/\/pagead2.googlesyndication.com\/pagead\/js\/adsbygoogle.js?client=ca-pub-8864793242727901\"\r\n     crossorigin=\"anonymous\"><\/script><br \/>\n<\/p>\n<div>\n<p>O Congresso Nacional derrubou, nesta ter\u00e7a-feira, 17, em sess\u00e3o conjunta da C\u00e2mara dos Deputados e Senado Federal, o veto do presidente Lula (PT) ao projeto de lei que prev\u00ea indeniza\u00e7\u00e3o e uma pens\u00e3o vital\u00edcia para as pessoas com defici\u00eancia permanente decorrente de s\u00edndrome cong\u00eanita associada \u00e0 infec\u00e7\u00e3o pelo v\u00edrus zika. Segundo o texto, que foi\u2026<\/p>\n<div class=\"woocommerce\">\n<div class=\"woocommerce-info wc-memberships-restriction-message wc-memberships-message wc-memberships-content-restricted-message\">\nTo access this post, you must purchase <span class=\"wc-memberships-products-grant-access\"><a href=\"https:\/\/tvfloridausa.com\/produto\/patronos\/\">Patronos<\/a><\/span>.<\/div>\n<\/div>\n<\/div>\n<p><br \/>\n<br \/><a href=\"https:\/\/tvfloridausa.com\/2025\/06\/17\/congresso-derruba-veto-de-lula-a-pensao-vitalicia-para-vitimas-de-zika\/\">Source link <\/a><\/p>","protected":false},"excerpt":{"rendered":"<p>O Congresso Nacional derrubou, nesta ter\u00e7a-feira, 17, em sess\u00e3o conjunta da C\u00e2mara dos Deputados e Senado Federal, o veto do presidente Lula (PT) ao projeto de lei que prev\u00ea indeniza\u00e7\u00e3o&hellip;<\/p>","protected":false},"author":1,"featured_media":120139,"comment_status":"closed","ping_status":"open","sticky":false,"template":"","format":"standard","meta":{"content-type":"","footnotes":""},"categories":[22],"tags":[],"class_list":["post-120138","post","type-post","status-publish","format-standard","has-post-thumbnail","hentry","category-tv-florida-usa"],"_links":{"self":[{"href":"https:\/\/tvbrazilusa.com\/pt\/wp-json\/wp\/v2\/posts\/120138","targetHints":{"allow":["GET"]}}],"collection":[{"href":"https:\/\/tvbrazilusa.com\/pt\/wp-json\/wp\/v2\/posts"}],"about":[{"href":"https:\/\/tvbrazilusa.com\/pt\/wp-json\/wp\/v2\/types\/post"}],"author":[{"embeddable":true,"href":"https:\/\/tvbrazilusa.com\/pt\/wp-json\/wp\/v2\/users\/1"}],"replies":[{"embeddable":true,"href":"https:\/\/tvbrazilusa.com\/pt\/wp-json\/wp\/v2\/comments?post=120138"}],"version-history":[{"count":1,"href":"https:\/\/tvbrazilusa.com\/pt\/wp-json\/wp\/v2\/posts\/120138\/revisions"}],"predecessor-version":[{"id":120140,"href":"https:\/\/tvbrazilusa.com\/pt\/wp-json\/wp\/v2\/posts\/120138\/revisions\/120140"}],"wp:featuredmedia":[{"embeddable":true,"href":"https:\/\/tvbrazilusa.com\/pt\/wp-json\/wp\/v2\/media\/120139"}],"wp:attachment":[{"href":"https:\/\/tvbrazilusa.com\/pt\/wp-json\/wp\/v2\/media?parent=120138"}],"wp:term":[{"taxonomy":"category","embeddable":true,"href":"https:\/\/tvbrazilusa.com\/pt\/wp-json\/wp\/v2\/categories?post=120138"},{"taxonomy":"post_tag","embeddable":true,"href":"https:\/\/tvbrazilusa.com\/pt\/wp-json\/wp\/v2\/tags?post=120138"}],"curies":[{"name":"wp","href":"https:\/\/api.w.org\/{rel}","templated":true}]}}