{"id":120144,"date":"2025-06-17T23:19:00","date_gmt":"2025-06-17T23:19:00","guid":{"rendered":"https:\/\/tvbrazilusa.com\/2025\/06\/17\/alcolumbre-le-pedido-e-abre-cpmi-do-inss-paulo-figueiredo\/"},"modified":"2025-06-18T01:36:43","modified_gmt":"2025-06-18T01:36:43","slug":"alcolumbre-le-pedido-e-abre-cpmi-do-inss-paulo-figueiredo","status":"publish","type":"post","link":"https:\/\/tvbrazilusa.com\/pt\/2025\/06\/17\/alcolumbre-le-pedido-e-abre-cpmi-do-inss-paulo-figueiredo\/","title":{"rendered":"Alcolumbre l\u00ea pedido e abre CPMI do INSS \u2013 Paulo Figueiredo"},"content":{"rendered":"<p> <script async src=\"https:\/\/pagead2.googlesyndication.com\/pagead\/js\/adsbygoogle.js?client=ca-pub-8864793242727901\"\r\n     crossorigin=\"anonymous\"><\/script><br \/>\n<\/p>\n<div>\n<p>A comiss\u00e3o mista deve ser instalada depois da indica\u00e7\u00e3o dos integrantes pelos l\u00edderes partid\u00e1rios O presidente do Congresso Nacional, Davi Alcolumbre (Uni\u00e3o Brasil-AP), leu, nesta ter\u00e7a-feira, 17, o requerimento da Comiss\u00e3o Parlamentar Mista de Inqu\u00e9rito (CPMI) do INSS. Dessa forma, a CPMI est\u00e1 oficialmente criada. Os trabalhos, contudo, devem come\u00e7ar, efetivamente, apenas em agosto. A\u2026<\/p>\n<div class=\"woocommerce\">\n<div class=\"woocommerce-info wc-memberships-restriction-message wc-memberships-message wc-memberships-content-restricted-message\">\n\t\t\t\tTo access this post, you must purchase <span class=\"wc-memberships-products-grant-access\"><a href=\"https:\/\/tvfloridausa.com\/produto\/patronos\/\">Patronos<\/a><\/span>.\t\t    <\/div>\n<\/p><\/div>\n<\/p><\/div>\n<p><br \/>\n<br \/><a href=\"https:\/\/tvfloridausa.com\/2025\/06\/17\/alcolumbre-le-pedido-e-abre-cpmi-do-inss-paulo-figueiredo\/\">Source link <\/a><\/p>","protected":false},"excerpt":{"rendered":"<p>A comiss\u00e3o mista deve ser instalada depois da indica\u00e7\u00e3o dos integrantes pelos l\u00edderes partid\u00e1rios O presidente do Congresso Nacional, Davi Alcolumbre (Uni\u00e3o Brasil-AP), leu, nesta ter\u00e7a-feira, 17, o requerimento da&hellip;<\/p>","protected":false},"author":1,"featured_media":120145,"comment_status":"closed","ping_status":"open","sticky":false,"template":"","format":"standard","meta":{"content-type":"","footnotes":""},"categories":[22],"tags":[],"class_list":["post-120144","post","type-post","status-publish","format-standard","has-post-thumbnail","hentry","category-tv-florida-usa"],"_links":{"self":[{"href":"https:\/\/tvbrazilusa.com\/pt\/wp-json\/wp\/v2\/posts\/120144","targetHints":{"allow":["GET"]}}],"collection":[{"href":"https:\/\/tvbrazilusa.com\/pt\/wp-json\/wp\/v2\/posts"}],"about":[{"href":"https:\/\/tvbrazilusa.com\/pt\/wp-json\/wp\/v2\/types\/post"}],"author":[{"embeddable":true,"href":"https:\/\/tvbrazilusa.com\/pt\/wp-json\/wp\/v2\/users\/1"}],"replies":[{"embeddable":true,"href":"https:\/\/tvbrazilusa.com\/pt\/wp-json\/wp\/v2\/comments?post=120144"}],"version-history":[{"count":1,"href":"https:\/\/tvbrazilusa.com\/pt\/wp-json\/wp\/v2\/posts\/120144\/revisions"}],"predecessor-version":[{"id":120146,"href":"https:\/\/tvbrazilusa.com\/pt\/wp-json\/wp\/v2\/posts\/120144\/revisions\/120146"}],"wp:featuredmedia":[{"embeddable":true,"href":"https:\/\/tvbrazilusa.com\/pt\/wp-json\/wp\/v2\/media\/120145"}],"wp:attachment":[{"href":"https:\/\/tvbrazilusa.com\/pt\/wp-json\/wp\/v2\/media?parent=120144"}],"wp:term":[{"taxonomy":"category","embeddable":true,"href":"https:\/\/tvbrazilusa.com\/pt\/wp-json\/wp\/v2\/categories?post=120144"},{"taxonomy":"post_tag","embeddable":true,"href":"https:\/\/tvbrazilusa.com\/pt\/wp-json\/wp\/v2\/tags?post=120144"}],"curies":[{"name":"wp","href":"https:\/\/api.w.org\/{rel}","templated":true}]}}