{"id":120165,"date":"2025-06-18T07:17:00","date_gmt":"2025-06-18T07:17:00","guid":{"rendered":"https:\/\/tvbrazilusa.com\/2025\/06\/18\/russia-condena-ataques-de-israel-ao-ira-ilegais-e-perigosos\/"},"modified":"2025-06-18T07:52:04","modified_gmt":"2025-06-18T07:52:04","slug":"russia-condena-ataques-de-israel-ao-ira-ilegais-e-perigosos","status":"publish","type":"post","link":"https:\/\/tvbrazilusa.com\/pt\/2025\/06\/18\/russia-condena-ataques-de-israel-ao-ira-ilegais-e-perigosos\/","title":{"rendered":"R\u00fassia condena ataques de Israel ao Ir\u00e3: \u2018Ilegais e perigosos\u2019"},"content":{"rendered":"<p> <script async src=\"https:\/\/pagead2.googlesyndication.com\/pagead\/js\/adsbygoogle.js?client=ca-pub-8864793242727901\"\r\n     crossorigin=\"anonymous\"><\/script><br \/>\n<\/p>\n<p>O governo da R\u00fassia condenou veementemente, nesta ter\u00e7a-feira (17\/6), os ataques de Israel contra instala\u00e7\u00f5es nucleares do Ir\u00e3, classificando as a\u00e7\u00f5es como ilegais e alertando que tais ofensivas representam um risco \u201cinaceit\u00e1vel\u201d \u00e0 seguran\u00e7a global. A declara\u00e7\u00e3o foi publicada pelo Minist\u00e9rio das Rela\u00e7\u00f5es Exteriores russo via Telegram. Segundo o Kremlin, os bombardeios israelenses \u00e0s estruturas\u2026<\/p>\n<div class=\"woocommerce\">\n<div class=\"woocommerce-info wc-memberships-restriction-message wc-memberships-message wc-memberships-content-restricted-message\">\n\t\t\t\tTo access this post, you must purchase <span class=\"wc-memberships-products-grant-access\"><a href=\"https:\/\/tvfloridausa.com\/produto\/patronos\/\">Patronos<\/a><\/span>.\t\t    <\/div>\n<\/p><\/div>\n<p><br \/>\n<br \/><a href=\"https:\/\/tvfloridausa.com\/2025\/06\/18\/russia-condena-ataques-de-israel-ao-ira-ilegais-e-perigosos\/\">Source link <\/a><\/p>","protected":false},"excerpt":{"rendered":"<p>O governo da R\u00fassia condenou veementemente, nesta ter\u00e7a-feira (17\/6), os ataques de Israel contra instala\u00e7\u00f5es nucleares do Ir\u00e3, classificando as a\u00e7\u00f5es como ilegais e alertando que tais ofensivas representam um&hellip;<\/p>","protected":false},"author":1,"featured_media":120166,"comment_status":"closed","ping_status":"open","sticky":false,"template":"","format":"standard","meta":{"content-type":"","footnotes":""},"categories":[22],"tags":[],"class_list":["post-120165","post","type-post","status-publish","format-standard","has-post-thumbnail","hentry","category-tv-florida-usa"],"_links":{"self":[{"href":"https:\/\/tvbrazilusa.com\/pt\/wp-json\/wp\/v2\/posts\/120165","targetHints":{"allow":["GET"]}}],"collection":[{"href":"https:\/\/tvbrazilusa.com\/pt\/wp-json\/wp\/v2\/posts"}],"about":[{"href":"https:\/\/tvbrazilusa.com\/pt\/wp-json\/wp\/v2\/types\/post"}],"author":[{"embeddable":true,"href":"https:\/\/tvbrazilusa.com\/pt\/wp-json\/wp\/v2\/users\/1"}],"replies":[{"embeddable":true,"href":"https:\/\/tvbrazilusa.com\/pt\/wp-json\/wp\/v2\/comments?post=120165"}],"version-history":[{"count":1,"href":"https:\/\/tvbrazilusa.com\/pt\/wp-json\/wp\/v2\/posts\/120165\/revisions"}],"predecessor-version":[{"id":120167,"href":"https:\/\/tvbrazilusa.com\/pt\/wp-json\/wp\/v2\/posts\/120165\/revisions\/120167"}],"wp:featuredmedia":[{"embeddable":true,"href":"https:\/\/tvbrazilusa.com\/pt\/wp-json\/wp\/v2\/media\/120166"}],"wp:attachment":[{"href":"https:\/\/tvbrazilusa.com\/pt\/wp-json\/wp\/v2\/media?parent=120165"}],"wp:term":[{"taxonomy":"category","embeddable":true,"href":"https:\/\/tvbrazilusa.com\/pt\/wp-json\/wp\/v2\/categories?post=120165"},{"taxonomy":"post_tag","embeddable":true,"href":"https:\/\/tvbrazilusa.com\/pt\/wp-json\/wp\/v2\/tags?post=120165"}],"curies":[{"name":"wp","href":"https:\/\/api.w.org\/{rel}","templated":true}]}}