{"id":120172,"date":"2025-06-17T15:20:44","date_gmt":"2025-06-17T15:20:44","guid":{"rendered":"https:\/\/tvbrazilusa.com\/2025\/06\/17\/show-da-manha-urgente-as-narrativas-sobre-o-8-de-janeiro-17-06-2025\/"},"modified":"2025-06-17T15:20:44","modified_gmt":"2025-06-17T15:20:44","slug":"show-da-manha-urgente-as-narrativas-sobre-o-8-de-janeiro-17-06-2025","status":"publish","type":"post","link":"https:\/\/tvbrazilusa.com\/pt\/2025\/06\/17\/show-da-manha-urgente-as-narrativas-sobre-o-8-de-janeiro-17-06-2025\/","title":{"rendered":"SHOW DA MANH\u00c3 &#8211; URGENTE: AS NARRATIVAS SOBRE O 8 DE JANEIRO\u00a0&#8211;\u00a017\/06\/2025"},"content":{"rendered":"<p><iframe  width=\"580\" height=\"385\" src=\"https:\/\/www.youtube.com\/embed\/28pKyovvYYU?modestbranding=1\" frameborder=\"0\" allowfullscreen><\/iframe><br \/>\n<br \/>Apresentado por Marco Ant\u00f4nio Costa.<br \/>\nConvidados: Carol Sponza e Steh Papaiano.<br \/>\nParticipa\u00e7\u00e3o Especial: Mariana Naime e Andr\u00e9\u00a0Marcel.<\/p>\n<p>INSCREVA-SE NO NOSSO CANAL!<\/p>\n<p>O SHOW DA MANH\u00c3 VAI AO AR DE SEGUNDA A SEXTA, DAS 10H \u00c0S 12H.<\/p>\n<p>\ud83d\udd25NOVIDADES NO FIO DIA\u0301RIO! ASSINE COM 33% OFF NO PLANO ANUAL OU 66% OFF NO DEZ A FIO! \ud83d\udc49 <\/p>\n<p>\ud83d\udd25CAMISETAS FIO DIA\u0301RIO (CUPOM \u201cFIODIARIO10\u201d PARA 10% DE DESCONTO) \ud83d\udc49 <\/p>\n<p>\ud83d\udd25APROVEITE AS PROMO\u00c7\u00d5ES DA LIVRARIA FIO DI\u00c1RIO E N\u00c3O CAIA EM NARRATIVAS! \ud83d\udc49 <\/p>\n<p>SIGA O CANAL FIO DI\u00c1RIO NO WHATSAPP: <\/p>\n<p>SIGA O CANAL FIO DI\u00c1RIO NO TELEGRAM: <\/p>\n<p>OU\u00c7A NO SPOTIFY: <\/p>\n<p>SIGA NO INSTAGRAM:<br \/>\nMarco Ant\u00f4nio Costa: <\/p>\n<p>Fio Di\u00e1rio: <\/p>\n<p>Fabiano Silva (Charges):<br \/>\nInstagram: <\/p>\n<p><a href=\"https:\/\/www.youtube.com\/watch?v=28pKyovvYYU\">source<\/a><\/p>","protected":false},"excerpt":{"rendered":"<p>Apresentado por Marco Ant\u00f4nio Costa. Convidados: Carol Sponza e Steh Papaiano. Participa\u00e7\u00e3o Especial: Mariana Naime e Andr\u00e9\u00a0Marcel. INSCREVA-SE NO NOSSO CANAL! O SHOW DA MANH\u00c3 VAI AO AR DE SEGUNDA&hellip;<\/p>","protected":false},"author":1,"featured_media":120173,"comment_status":"","ping_status":"open","sticky":false,"template":"","format":"standard","meta":{"content-type":"","footnotes":""},"categories":[17],"tags":[34028,557,4225,63,76,571],"class_list":["post-120172","post","type-post","status-publish","format-standard","has-post-thumbnail","hentry","category-programas","tag-janeiro17062025","tag-manha","tag-narrativas","tag-show","tag-sobre","tag-urgente"],"_links":{"self":[{"href":"https:\/\/tvbrazilusa.com\/pt\/wp-json\/wp\/v2\/posts\/120172","targetHints":{"allow":["GET"]}}],"collection":[{"href":"https:\/\/tvbrazilusa.com\/pt\/wp-json\/wp\/v2\/posts"}],"about":[{"href":"https:\/\/tvbrazilusa.com\/pt\/wp-json\/wp\/v2\/types\/post"}],"author":[{"embeddable":true,"href":"https:\/\/tvbrazilusa.com\/pt\/wp-json\/wp\/v2\/users\/1"}],"replies":[{"embeddable":true,"href":"https:\/\/tvbrazilusa.com\/pt\/wp-json\/wp\/v2\/comments?post=120172"}],"version-history":[{"count":0,"href":"https:\/\/tvbrazilusa.com\/pt\/wp-json\/wp\/v2\/posts\/120172\/revisions"}],"wp:featuredmedia":[{"embeddable":true,"href":"https:\/\/tvbrazilusa.com\/pt\/wp-json\/wp\/v2\/media\/120173"}],"wp:attachment":[{"href":"https:\/\/tvbrazilusa.com\/pt\/wp-json\/wp\/v2\/media?parent=120172"}],"wp:term":[{"taxonomy":"category","embeddable":true,"href":"https:\/\/tvbrazilusa.com\/pt\/wp-json\/wp\/v2\/categories?post=120172"},{"taxonomy":"post_tag","embeddable":true,"href":"https:\/\/tvbrazilusa.com\/pt\/wp-json\/wp\/v2\/tags?post=120172"}],"curies":[{"name":"wp","href":"https:\/\/api.w.org\/{rel}","templated":true}]}}