{"id":120329,"date":"2025-06-19T23:35:38","date_gmt":"2025-06-19T23:35:38","guid":{"rendered":"https:\/\/tvbrazilusa.com\/2025\/06\/19\/pessoa-gravemente-ferida-em-carro-vs-acidente-de-motocicleta-em-franklin\/"},"modified":"2025-06-19T23:43:00","modified_gmt":"2025-06-19T23:43:00","slug":"pessoa-gravemente-ferida-em-carro-vs-acidente-de-motocicleta-em-franklin","status":"publish","type":"post","link":"https:\/\/tvbrazilusa.com\/pt\/2025\/06\/19\/pessoa-gravemente-ferida-em-carro-vs-acidente-de-motocicleta-em-franklin\/","title":{"rendered":"Pessoa gravemente ferida em carro vs. acidente de motocicleta em Franklin"},"content":{"rendered":"<script async src=\"https:\/\/pagead2.googlesyndication.com\/pagead\/js\/adsbygoogle.js?client=ca-pub-8864793242727901\"\r\n     crossorigin=\"anonymous\"><\/script>\n<p>FRANKLIN, Connecticut (WTNH) &#8211; \u00c9 relatado que uma pessoa tem ferimentos graves depois que um carro e uma motocicleta colidiram na L\u00edbano Road por volta das 17h na quinta -feira.<\/p>\n<div class=\"nlp-ignore-block article-content rich-text\">\n<aside class=\"promo-link\">\n\t<a href=\"https:\/\/www.wtnh.com\/news\/connecticut\/new-haven\/one-person-hospitalized-after-car-vs-motorcycle-crash-in-new-haven\/?ipid=promo-link-block1\" class=\"promo-link__link\" target=\"\"_blank\"\"><\/p>\n<p>\t\tUma pessoa hospitalizada ap\u00f3s carro vs. acidente de moto em New Haven\t<\/a><br \/>\n<\/aside>\n<\/div>\n<p>A Pol\u00edcia Estadual de Connecticut diz que os ferimentos n\u00e3o s\u00e3o fatais. <\/p>\n<p>N\u00e3o h\u00e1 mais informa\u00e7\u00f5es sobre as circunst\u00e2ncias do acidente neste momento.<\/p>\n<p>Volte ao News 8 para obter mais detalhes, pois as atualiza\u00e7\u00f5es s\u00e3o lan\u00e7adas.<\/p>\n<p><br \/>\n<br \/><a href=\"https:\/\/www.wtnh.com\/news\/connecticut\/new-london\/person-seriously-injured-in-car-vs-motorcycle-crash-in-franklin\/\">Source link <\/a><\/p>","protected":false},"excerpt":{"rendered":"<p>FRANKLIN, Connecticut (WTNH) &#8211; \u00c9 relatado que uma pessoa tem ferimentos graves depois que um carro e uma motocicleta colidiram na L\u00edbano Road por volta das 17h na quinta -feira.&hellip;<\/p>","protected":false},"author":1,"featured_media":120253,"comment_status":"closed","ping_status":"open","sticky":false,"template":"","format":"standard","meta":{"content-type":"","footnotes":""},"categories":[1],"tags":[],"class_list":["post-120329","post","type-post","status-publish","format-standard","has-post-thumbnail","hentry","category-uncategorized"],"_links":{"self":[{"href":"https:\/\/tvbrazilusa.com\/pt\/wp-json\/wp\/v2\/posts\/120329","targetHints":{"allow":["GET"]}}],"collection":[{"href":"https:\/\/tvbrazilusa.com\/pt\/wp-json\/wp\/v2\/posts"}],"about":[{"href":"https:\/\/tvbrazilusa.com\/pt\/wp-json\/wp\/v2\/types\/post"}],"author":[{"embeddable":true,"href":"https:\/\/tvbrazilusa.com\/pt\/wp-json\/wp\/v2\/users\/1"}],"replies":[{"embeddable":true,"href":"https:\/\/tvbrazilusa.com\/pt\/wp-json\/wp\/v2\/comments?post=120329"}],"version-history":[{"count":1,"href":"https:\/\/tvbrazilusa.com\/pt\/wp-json\/wp\/v2\/posts\/120329\/revisions"}],"predecessor-version":[{"id":120330,"href":"https:\/\/tvbrazilusa.com\/pt\/wp-json\/wp\/v2\/posts\/120329\/revisions\/120330"}],"wp:featuredmedia":[{"embeddable":true,"href":"https:\/\/tvbrazilusa.com\/pt\/wp-json\/wp\/v2\/media\/120253"}],"wp:attachment":[{"href":"https:\/\/tvbrazilusa.com\/pt\/wp-json\/wp\/v2\/media?parent=120329"}],"wp:term":[{"taxonomy":"category","embeddable":true,"href":"https:\/\/tvbrazilusa.com\/pt\/wp-json\/wp\/v2\/categories?post=120329"},{"taxonomy":"post_tag","embeddable":true,"href":"https:\/\/tvbrazilusa.com\/pt\/wp-json\/wp\/v2\/tags?post=120329"}],"curies":[{"name":"wp","href":"https:\/\/api.w.org\/{rel}","templated":true}]}}