{"id":120347,"date":"2025-06-20T09:34:34","date_gmt":"2025-06-20T09:34:34","guid":{"rendered":"https:\/\/tvbrazilusa.com\/2025\/06\/20\/fundadores-dia-de-caring-2025-noticias-8-para-coletar-doacoes-para-o-connecticut-foodshare\/"},"modified":"2025-06-20T09:44:43","modified_gmt":"2025-06-20T09:44:43","slug":"fundadores-dia-de-caring-2025-noticias-8-para-coletar-doacoes-para-o-connecticut-foodshare","status":"publish","type":"post","link":"https:\/\/tvbrazilusa.com\/pt\/2025\/06\/20\/fundadores-dia-de-caring-2025-noticias-8-para-coletar-doacoes-para-o-connecticut-foodshare\/","title":{"rendered":"Fundadores Dia de Caring 2025: Not\u00edcias 8 para coletar doa\u00e7\u00f5es para o Connecticut Foodshare"},"content":{"rendered":"<script async src=\"https:\/\/pagead2.googlesyndication.com\/pagead\/js\/adsbygoogle.js?client=ca-pub-8864793242727901\"\r\n     crossorigin=\"anonymous\"><\/script>\n<p>WALLINGFORD, Connecticut (WTNH) &#8211; \u00c9 o Dia de Cuidado do Fundador da Nexstar, e o News 8 est\u00e1 devolvendo \u00e0 comunidade. <\/p>\n<p>Este ano, o News 8 escolheu o Connecticut Foodshare. \u00c9 uma institui\u00e7\u00e3o de caridade que conhecemos bem.<\/p>\n<div class=\"nlp-ignore-block article-content rich-text\">\n<aside class=\"promo-link\">\n\t<a href=\"https:\/\/www.wtnh.com\/news\/connecticut\/wtnh-news-8-collecting-donations-for-connecticut-foodshare-nexstars-founders-day\/?ipid=promo-link-block1\" class=\"promo-link__link\"><\/p>\n<p>\t\tWTNH News 8 Coletando doa\u00e7\u00f5es para Connecticut Foodshare | Dia do Fundador da Nexstar\t<\/a><br \/>\n<\/aside>\n<\/div>\n<p>Normalmente, estamos aqui nas f\u00e9rias, pedindo perus e recheio. O problema \u00e9 que a fome \u00e9 um problema durante todo o ano. \u00c9 por isso que na sexta -feira, estamos em parceria com a Connecticut Foodshare. <\/p>\n<p>A Nexstar possui mais postos de TV do que qualquer outra empresa do mundo, e todos est\u00e3o trabalhando com institui\u00e7\u00f5es de caridade locais para retribuir \u00e0s suas comunidades hoje. <\/p>\n<p>Em nossa comunidade, h\u00e1 um n\u00famero alarmante de crian\u00e7as que n\u00e3o sabem de onde vem a pr\u00f3xima refei\u00e7\u00e3o.<\/p>\n<p>&#8220;H\u00e1 uma em seis crian\u00e7as no estado de Connecticut que s\u00e3o inseguras. \u00c9 um aumento de 35% nos \u00faltimos 5 anos, e isso \u00e9 Connecticut. Isso \u00e9 inaceit\u00e1vel&#8221;, disse Jason Jakubowski, presidente e CEO da CT Foodshare. <\/p>\n<p>E \u00e9 pior no ver\u00e3o, quando as crian\u00e7as n\u00e3o est\u00e3o na escola para fazer refei\u00e7\u00f5es gr\u00e1tis. <\/p>\n<p>Com isso em mente, pense em sair e doar alguns desses itens: refei\u00e7\u00f5es com microondas, ma\u00e7\u00e3 e x\u00edcaras de frutas, cereais, 100% de suco, lanches, macarr\u00e3o e queijo, barras de frutas\/granola\/cereais, lanches de frutas e quaisquer outros itens est\u00e1veis \u200b\u200bou n\u00e3o pente\u00e1veis. <\/p>\n<p>Deixe os itens entre as 9h e as 13h do 2 Research Parkway, na sa\u00edda 15 da Interestadual 91.<\/p>\n<p><br \/>\n<br \/><a href=\"https:\/\/www.wtnh.com\/news\/connecticut\/new-haven\/founders-day-of-caring-2025-news-8-to-collect-donations-for-connecticut-foodshare\/\">Source link <\/a><\/p>","protected":false},"excerpt":{"rendered":"<p>WALLINGFORD, Connecticut (WTNH) &#8211; \u00c9 o Dia de Cuidado do Fundador da Nexstar, e o News 8 est\u00e1 devolvendo \u00e0 comunidade. Este ano, o News 8 escolheu o Connecticut Foodshare.&hellip;<\/p>","protected":false},"author":1,"featured_media":120348,"comment_status":"closed","ping_status":"open","sticky":false,"template":"","format":"standard","meta":{"content-type":"","footnotes":""},"categories":[1],"tags":[],"class_list":["post-120347","post","type-post","status-publish","format-standard","has-post-thumbnail","hentry","category-uncategorized"],"_links":{"self":[{"href":"https:\/\/tvbrazilusa.com\/pt\/wp-json\/wp\/v2\/posts\/120347","targetHints":{"allow":["GET"]}}],"collection":[{"href":"https:\/\/tvbrazilusa.com\/pt\/wp-json\/wp\/v2\/posts"}],"about":[{"href":"https:\/\/tvbrazilusa.com\/pt\/wp-json\/wp\/v2\/types\/post"}],"author":[{"embeddable":true,"href":"https:\/\/tvbrazilusa.com\/pt\/wp-json\/wp\/v2\/users\/1"}],"replies":[{"embeddable":true,"href":"https:\/\/tvbrazilusa.com\/pt\/wp-json\/wp\/v2\/comments?post=120347"}],"version-history":[{"count":1,"href":"https:\/\/tvbrazilusa.com\/pt\/wp-json\/wp\/v2\/posts\/120347\/revisions"}],"predecessor-version":[{"id":120349,"href":"https:\/\/tvbrazilusa.com\/pt\/wp-json\/wp\/v2\/posts\/120347\/revisions\/120349"}],"wp:featuredmedia":[{"embeddable":true,"href":"https:\/\/tvbrazilusa.com\/pt\/wp-json\/wp\/v2\/media\/120348"}],"wp:attachment":[{"href":"https:\/\/tvbrazilusa.com\/pt\/wp-json\/wp\/v2\/media?parent=120347"}],"wp:term":[{"taxonomy":"category","embeddable":true,"href":"https:\/\/tvbrazilusa.com\/pt\/wp-json\/wp\/v2\/categories?post=120347"},{"taxonomy":"post_tag","embeddable":true,"href":"https:\/\/tvbrazilusa.com\/pt\/wp-json\/wp\/v2\/tags?post=120347"}],"curies":[{"name":"wp","href":"https:\/\/api.w.org\/{rel}","templated":true}]}}