{"id":120518,"date":"2025-06-24T21:48:23","date_gmt":"2025-06-24T21:48:23","guid":{"rendered":"https:\/\/tvbrazilusa.com\/2025\/06\/24\/terca-feira-marca-3-anos-desde-a-derrubada-de-roe-v-wade\/"},"modified":"2025-06-24T21:59:52","modified_gmt":"2025-06-24T21:59:52","slug":"terca-feira-marca-3-anos-desde-a-derrubada-de-roe-v-wade","status":"publish","type":"post","link":"https:\/\/tvbrazilusa.com\/pt\/2025\/06\/24\/terca-feira-marca-3-anos-desde-a-derrubada-de-roe-v-wade\/","title":{"rendered":"Ter\u00e7a -feira marca 3 anos desde a derrubada de Roe v. Wade"},"content":{"rendered":"<script async src=\"https:\/\/pagead2.googlesyndication.com\/pagead\/js\/adsbygoogle.js?client=ca-pub-8864793242727901\"\r\n     crossorigin=\"anonymous\"><\/script>\n<p>Connecticut (WTNH) &#8211; Ter\u00e7a -feira \u00e9 o terceiro anivers\u00e1rio da decis\u00e3o da Suprema Corte de derrubar Roe v. Wade.<\/p>\n<div class=\"nlp-ignore-block article-content rich-text\">\n<aside class=\"promo-link\">\n\t<a href=\"https:\/\/www.wtnh.com\/news\/national\/abortions-continued-rising-in-2024-despite-state-bans-report\/?ipid=promo-link-block1\" class=\"promo-link__link\" target=\"\"_blank\"\"><\/p>\n<p>\t\tOs abortos continuaram aumentando em 2024, apesar das proibi\u00e7\u00f5es estaduais: relat\u00f3rio\t<\/a><br \/>\n<\/aside>\n<\/div>\n<p>A decis\u00e3o eliminou um direito constitucional de quase 50 anos de aborto e devolveu o poder de regular o aborto aos estados.<\/p>\n<p>Os l\u00edderes democratas em Connecticut est\u00e3o falando sobre os danos que dizem que essa decis\u00e3o teve no pa\u00eds. Eles realizaram um briefing no Capit\u00f3lio sobre suas preocupa\u00e7\u00f5es.<\/p>\n<p>A tenente-governadora Susan Bysiewicz falou sobre um caso recente na Ge\u00f3rgia, onde uma mulher gr\u00e1vida com morte cerebral foi mantida em suporte de vida por meses. O beb\u00ea foi entregue pela cesariana na semana passada e pesava menos de dois quilos.<\/p>\n<p>&#8220;\u00c9 o que acontece quando voc\u00ea faz proibi\u00e7\u00f5es de aborto extremo&#8221;, disse Bysiewicz. &#8220;Isso n\u00e3o \u00e9 pr\u00f3-vida.&#8221;<\/p>\n<p>Algumas pessoas tamb\u00e9m foram ao Capit\u00f3lio para se opor ao que os l\u00edderes democratas estavam dizendo. Peter Wolfgang, presidente do Instituto Familiar de Connecticut, diz que Roe v. Wade nunca deveria ter sido a lei da terra.<\/p>\n<p>&#8220;Pela primeira vez, uma classe inteira de pessoas estava sendo informada de que voc\u00ea n\u00e3o \u00e9 humano, voc\u00ea n\u00e3o faz parte do c\u00edrculo de prote\u00e7\u00e3o sob &#8216;n\u00f3s, o povo'&#8221;, disse Wolfgang.<\/p>\n<p>O &#8220;grande e bonito projeto de lei&#8221; do presidente Trump pode ter um impacto na cobertura do Medicaid e em outros recursos para cuidados de sa\u00fade reprodutiva.<\/p>\n<p><br \/>\n<br \/><a href=\"https:\/\/www.wtnh.com\/news\/connecticut\/tuesday-marks-3-years-since-overturning-of-roe-v-wade\/\">Source link <\/a><\/p>","protected":false},"excerpt":{"rendered":"<p>Connecticut (WTNH) &#8211; Ter\u00e7a -feira \u00e9 o terceiro anivers\u00e1rio da decis\u00e3o da Suprema Corte de derrubar Roe v. Wade. Os abortos continuaram aumentando em 2024, apesar das proibi\u00e7\u00f5es estaduais: relat\u00f3rio&hellip;<\/p>","protected":false},"author":1,"featured_media":120519,"comment_status":"closed","ping_status":"open","sticky":false,"template":"","format":"standard","meta":{"content-type":"","footnotes":""},"categories":[1],"tags":[],"class_list":["post-120518","post","type-post","status-publish","format-standard","has-post-thumbnail","hentry","category-uncategorized"],"_links":{"self":[{"href":"https:\/\/tvbrazilusa.com\/pt\/wp-json\/wp\/v2\/posts\/120518","targetHints":{"allow":["GET"]}}],"collection":[{"href":"https:\/\/tvbrazilusa.com\/pt\/wp-json\/wp\/v2\/posts"}],"about":[{"href":"https:\/\/tvbrazilusa.com\/pt\/wp-json\/wp\/v2\/types\/post"}],"author":[{"embeddable":true,"href":"https:\/\/tvbrazilusa.com\/pt\/wp-json\/wp\/v2\/users\/1"}],"replies":[{"embeddable":true,"href":"https:\/\/tvbrazilusa.com\/pt\/wp-json\/wp\/v2\/comments?post=120518"}],"version-history":[{"count":1,"href":"https:\/\/tvbrazilusa.com\/pt\/wp-json\/wp\/v2\/posts\/120518\/revisions"}],"predecessor-version":[{"id":120520,"href":"https:\/\/tvbrazilusa.com\/pt\/wp-json\/wp\/v2\/posts\/120518\/revisions\/120520"}],"wp:featuredmedia":[{"embeddable":true,"href":"https:\/\/tvbrazilusa.com\/pt\/wp-json\/wp\/v2\/media\/120519"}],"wp:attachment":[{"href":"https:\/\/tvbrazilusa.com\/pt\/wp-json\/wp\/v2\/media?parent=120518"}],"wp:term":[{"taxonomy":"category","embeddable":true,"href":"https:\/\/tvbrazilusa.com\/pt\/wp-json\/wp\/v2\/categories?post=120518"},{"taxonomy":"post_tag","embeddable":true,"href":"https:\/\/tvbrazilusa.com\/pt\/wp-json\/wp\/v2\/tags?post=120518"}],"curies":[{"name":"wp","href":"https:\/\/api.w.org\/{rel}","templated":true}]}}