{"id":120556,"date":"2025-06-25T14:38:42","date_gmt":"2025-06-25T14:38:42","guid":{"rendered":"https:\/\/tvbrazilusa.com\/2025\/06\/25\/centro-de-detencao-de-imigrantes-acelerado-da-florida-em-everglades-jacksonville-hoje\/"},"modified":"2025-06-25T14:45:18","modified_gmt":"2025-06-25T14:45:18","slug":"centro-de-detencao-de-imigrantes-acelerado-da-florida-em-everglades-jacksonville-hoje","status":"publish","type":"post","link":"https:\/\/tvbrazilusa.com\/pt\/2025\/06\/25\/centro-de-detencao-de-imigrantes-acelerado-da-florida-em-everglades-jacksonville-hoje\/","title":{"rendered":"Centro de deten\u00e7\u00e3o de imigrantes acelerado da Fl\u00f3rida em Everglades | Jacksonville hoje"},"content":{"rendered":"<p> <script async src=\"https:\/\/pagead2.googlesyndication.com\/pagead\/js\/adsbygoogle.js?client=ca-pub-8864793242727901\"\r\n     crossorigin=\"anonymous\"><\/script><br \/>\n<\/p>\n<div>\n<p>Os funcion\u00e1rios da Fl\u00f3rida est\u00e3o se movendo na velocidade vertiginosa para construir o Centro de Deten\u00e7\u00e3o de Imigrantes do Alligator Alcatraz em uma pista de pouso parcialmente constru\u00edda nos Everglades-convidando repreens\u00f5es duras de grupos ambientais fundados para proteger esse trecho de \u00e1reas \u00famidas fr\u00e1geis.<\/p>\n<p>A prefeita do condado de Miami-Dade, Daniella Levine Cava, enviou uma carta \u00e0 Divis\u00e3o de Gerenciamento de Emerg\u00eancias da Fl\u00f3rida na segunda-feira, implorando ao funcion\u00e1rio que n\u00e3o comece a construir a instala\u00e7\u00e3o no pacote de propriedade do condado at\u00e9 que mais informa\u00e7\u00f5es fossem compartilhadas sobre seus poss\u00edveis efeitos ambientais.<\/p>\n<p>Mas a administra\u00e7\u00e3o do governador Ron DeSantis respondeu na ter\u00e7a -feira a esse pedido com uma recusa fixa.<\/p>\n<p>&#8220;Enquanto as negocia\u00e7\u00f5es para comprar a propriedade est\u00e3o em andamento, a divis\u00e3o come\u00e7ar\u00e1 a utiliza\u00e7\u00e3o imediata da \u00e1rea aprimorada do local, pois agora considero necess\u00e1rio atender \u00e0s atuais demandas operacionais da divis\u00e3o em lidar com a emerg\u00eancia&#8221;, escreveu o diretor executivo de gerenciamento de emerg\u00eancia Kevin Guthrie a Levine Cava na segunda -feira.<\/p>\n<p>Na ter\u00e7a -feira, o escrit\u00f3rio de Levine Cava emitiu uma declara\u00e7\u00e3o \u00e0 m\u00eddia confirmando que DeSantis assumiria o controle das instala\u00e7\u00f5es do aeroporto sob seus poderes de emerg\u00eancia.<\/p>\n<p>&#8220;Entendemos que as ag\u00eancias estatais sob a dire\u00e7\u00e3o do governador t\u00eam ampla autoridade para agir de acordo com os estados declarados de emerg\u00eancia, mas o ritmo r\u00e1pido desse esfor\u00e7o proporcionou pouca oportunidade para a devida dilig\u00eancia, dados os poss\u00edveis impactos significativos \u00e0 nossa comunidade&#8221;, disse Levine Cava em comunicado.<\/p>\n<p>Ela tamb\u00e9m disse que ela e as autoridades do condado &#8220;continuam a ter preocupa\u00e7\u00f5es sobre como uma instala\u00e7\u00e3o nessa escala pode operar sem impactos no ecossistema circundante&#8221;.<\/p>\n<p>A a\u00e7\u00e3o de DeSantis faz parte de um estado declarado de emerg\u00eancia emitido h\u00e1 dois anos para responder \u00e0 migra\u00e7\u00e3o ilegal de massa relatada para a Fl\u00f3rida. Ele estendeu ainda mais esse estado de emerg\u00eancia <a href=\"https:\/\/www.flgov.com\/eog\/sites\/default\/files\/executive-orders\/2025\/EO%2025-120.pdf\" target=\"_blank\" rel=\"noopener nofollow\">no in\u00edcio deste m\u00eas<\/a>.<\/p>\n<p>Usando esses poderes de emerg\u00eancia, a DeSantis iluminou o uso da pista de pouso pelo estado para come\u00e7ar a construir o centro de deten\u00e7\u00e3o imediatamente sem concluir nenhuma negocia\u00e7\u00e3o com o Condado de Miami-Dade, o propriet\u00e1rio da propriedade.<\/p>\n<p>A Divis\u00e3o de Gerenciamento de Emerg\u00eancias da Fl\u00f3rida se ofereceu para comprar a terra por US $ 20 milh\u00f5es. Levine Cava respondeu que a avalia\u00e7\u00e3o mais recente coloca o valor da propriedade mais pr\u00f3ximo de US $ 190 milh\u00f5es, uma quantia que o estado chamou de &#8220;irracional&#8221;.<\/p>\n<p>A constru\u00e7\u00e3o do local faz parte do plano do estado de criar 5.000 leitos de deten\u00e7\u00e3o de imigra\u00e7\u00e3o no in\u00edcio de julho em v\u00e1rias outras instala\u00e7\u00f5es, de acordo com as principais autoridades estaduais.<\/p>\n<p>O plano tem o apoio do Departamento de Seguran\u00e7a Interna dos EUA, que chamou a instala\u00e7\u00e3o de &#8220;inovadora&#8221; e &#8220;econ\u00f4mica&#8221;.<\/p>\n<p>&#8220;Alligator Alcatraz expandir\u00e1 instala\u00e7\u00f5es e espa\u00e7o para a cama em apenas dias, gra\u00e7as \u00e0 nossa parceria com a Fl\u00f3rida&#8221;, disse o departamento em comunicado sobre X.<\/p>\n<p>A decis\u00e3o dos funcion\u00e1rios do governo DeSantis chega em um momento em que o governo Trump disse que deseja <a href=\"https:\/\/apnews.com\/hub\/us-immigration-and-customs-enforcement\" target=\"_blank\" rel=\"noopener nofollow\">Imigra\u00e7\u00e3o dos EUA e aplica\u00e7\u00e3o aduaneira<\/a> Oficiais para apreender pelo menos 3.000 migrantes n\u00e3o autorizados diariamente, contra 650 diariamente durante os primeiros meses do segundo mandato de Trump.<\/p>\n<p><strong>Leia mais: <\/strong><a href=\"https:\/\/www.wlrn.org\/immigration\/2025-06-24\/florida-to-build-alligator-alcatraz-detention-center-for-migrants-in-everglades\" rel=\"nofollow noopener\" target=\"_blank\">Fl\u00f3rida para construir o Centro de Deten\u00e7\u00e3o de Alligator Alcatraz para Migrantes em Everglades<\/a><\/p>\n<p>Os grupos ambientais representaram o Estado por se mover t\u00e3o rapidamente neste projeto sem qualquer tipo de estudo ou aprova\u00e7\u00e3o de impacto ambiental, especialmente considerando que a pista de pouso est\u00e1 no meio dos Everglades ecologicamente sens\u00edveis.<\/p>\n<p>\u201cEste site n\u00e3o est\u00e1 cercado pelos Everglades. Este \u00e9 o Everglades. Se voc\u00ea olhar para isso em um <a href=\"https:\/\/earth.google.com\/web\/search\/54575+Tamiami+Trail+East,+Ochopee,+FL+34141\/@25.8664995,-80.89430339,5.25324445a,8932.76768761d,35y,0h,0t,0r\/data=CiwiJgokCRMscgHhyTlAEULHnT3dxzlAGRlwYj2xClTAIZI8yTDEC1TAQgIIAToDCgEwQgIIAEoNCP___________wEQAA\" target=\"_blank\" rel=\"noopener nofollow\">Google Earth<\/a> Imagem, voc\u00ea ver\u00e1 que existem \u00e1reas \u00famidas intocadas em torno da pista \u00fanica que se destaca \u201d, Eve Amosples, diretor executivo da organiza\u00e7\u00e3o sem fins lucrativos <a href=\"https:\/\/www.everglades.org\/about\/?_gl=1*1ujl2zw*_up*MQ..*_gs*MQ..&#038;gclid=CjwKCAjwmenCBhA4EiwAtVjzmndTXRoP3wWxPItwh56BnMbfRMzuLkwqZLBGaS6ZAq0-4wUbVig3gRoCjIsQAvD_BwE&#038;gbraid=0AAAAABRku7RZL9AQEbOOLqj0N6rMwvugb\" target=\"_blank\" rel=\"noopener nofollow\">Amigos dos Everglades<\/a>disse a Wlrn.<\/p>\n<p>No final dos anos 1960, Marjory Stoneman Douglas, ent\u00e3o com 79 anos, <a href=\"https:\/\/www.everglades.org\/about-marjory\/4\" target=\"_blank\" rel=\"noopener nofollow\">Amigos fundados dos Everglades<\/a> Opor -se \u00e0 constru\u00e7\u00e3o proposta de um grande aeroporto nas mesmas \u00e1reas \u00famidas fr\u00e1geis, onde as autoridades estaduais desejam construir o centro de deten\u00e7\u00e3o de imigrantes.<\/p>\n<p>Embora o estado sustente que o site n\u00e3o ter\u00e1 efeitos ambientais significativos porque a \u00e1rea j\u00e1 est\u00e1 pavimentada e a vegeta\u00e7\u00e3o n\u00e3o ser\u00e1 removida, as amostras disseram que ainda haver\u00e1 impactos no escoamento e constru\u00e7\u00e3o de res\u00edduos.<\/p>\n<p>&#8220;E ent\u00e3o h\u00e1 coisas como impactos em extin\u00e7\u00e3o de esp\u00e9cies amea\u00e7adas. Sabemos dos registros de telemetria que os Panteras s\u00e3o frequentemente vistos nessa \u00e1rea, e o triste fato \u00e9 que o estado n\u00e3o discutiu ou analisou publicamente nada disso. Em vez disso, eles est\u00e3o avan\u00e7ando de uma maneira realmente agressiva, j\u00e1 movendo equipamentos para este site&#8221;, disse Sampos.<\/p>\n<p>Amigos dos Everglades est\u00e3o incentivando os floridianos a entrar em contato com a DeSantis e o procurador -geral da Fl\u00f3rida, James Uthmeier, que defendeu o projeto, a expressar seu descontentamento na constru\u00e7\u00e3o de uma instala\u00e7\u00e3o de migrantes l\u00e1.<\/p>\n<p>Segundo amostras, 4.000 pessoas enviaram cartas para DeSantis e Uthmeier atrav\u00e9s do <a href=\"https:\/\/www.everglades.org\/no-alligator-alcatraz\/\" target=\"_blank\" rel=\"noopener nofollow\">Site de Amigos do Everglades<\/a>.<\/p>\n<p>Outros tamb\u00e9m est\u00e3o preocupados com a forma como esse projeto afeta o restante do estado.<\/p>\n<p>O presidente do Partido Democrata da Fl\u00f3rida, Nikki Fried, em comunicado, criticou DeSantis e Uthmeier.<\/p>\n<p>\u201c\u201c[They] est\u00e3o mais uma vez abusando de seu poder-desta vez, seq\u00fcestrando a terra de Miami Dade e Collier County e prejudicando um dos ecossistemas mais fr\u00e1geis da Terra para construir uma instala\u00e7\u00e3o de deten\u00e7\u00e3o de imigra\u00e7\u00e3o de 1.000 leitos no cora\u00e7\u00e3o dos Everglades da Fl\u00f3rida.<\/p>\n<p>Steve Friedman, um vereador da vila de Islamorada e ex -comodoro da Associa\u00e7\u00e3o de Guias de Pesca da Florida Keys, disse ao WLRN que preocupa como o escoamento da constru\u00e7\u00e3o da instala\u00e7\u00e3o afetar\u00e1 o meio ambiente e a economia em torno da Ba\u00eda da Fl\u00f3rida.<\/p>\n<p>&#8220;Tudo o que acontece mesmo no norte dos Everglades nos afeta aqui na Ba\u00eda da Fl\u00f3rida. O escoamento se resume a 1000 metros da costa em Islamorada&#8221;, disse Friedman. &#8220;Essa id\u00e9ia asinina de criar esse centro de deten\u00e7\u00e3o para imigrantes e tamb\u00e9m a habita\u00e7\u00e3o para os guardas e a seguran\u00e7a e a equipe nessa \u00e1rea est\u00e1 al\u00e9m do dom\u00ednio de qualquer tipo de l\u00f3gica ou realidade b\u00e1sica&#8221;.<\/p>\n<p>Brian Griffin, porta -voz do governador, disse em comunicado que a Divis\u00e3o de Gerenciamento de Emerg\u00eancia da Fl\u00f3rida usar\u00e1 edif\u00edcios e abrigos tempor\u00e1rios no local da pista de pouso &#8220;consistente com aplica\u00e7\u00f5es semelhantes durante desastres naturais&#8221;.<\/p>\n<p><iframe loading=\"lazy\" src=\"https:\/\/npr.brightspotcdn.com\/bb\/ec\/a21d72514d7e81652b7bedec6341\/fdem-dlc-loi-to-utilize-tnt.pdf\" width=\"100%\" height=\"600\"><em>Inscreva -se nas Notas de campo de boletim informativo do Meio Ambiente da WLRN para receber o guia de nosso insider para morar na paisagem em mudan\u00e7a do sul da Fl\u00f3rida. Obtenha relat\u00f3rios e repescagens originais, com contexto, entregues \u00e0 sua caixa de entrada toda sexta -feira. <\/em><a href=\"https:\/\/www.wlrn.org\/wlrn-newsletters\" target=\"_blank\" rel=\"nofollow noopener\"><em><u>Inscreva -se aqui<\/u><\/em><\/a><em>. <\/em><\/iframe><\/p>\n<\/div>\n<p><br \/>\n<br \/><a href=\"https:\/\/jaxtoday.org\/2025\/06\/25\/florida-fast-tracks-immigrant-detention-center-in-everglades\/\">Source link <\/a><\/p>","protected":false},"excerpt":{"rendered":"<p>Os funcion\u00e1rios da Fl\u00f3rida est\u00e3o se movendo na velocidade vertiginosa para construir o Centro de Deten\u00e7\u00e3o de Imigrantes do Alligator Alcatraz em uma pista de pouso parcialmente constru\u00edda nos Everglades-convidando&hellip;<\/p>","protected":false},"author":1,"featured_media":120557,"comment_status":"closed","ping_status":"open","sticky":false,"template":"","format":"standard","meta":{"content-type":"","footnotes":""},"categories":[1],"tags":[32342,34052,1267,1268,34053],"class_list":["post-120556","post","type-post","status-publish","format-standard","has-post-thumbnail","hentry","category-uncategorized","tag-everglades","tag-imigracao-e-aplicacao-aduaneira","tag-noticias","tag-noticias-do-estado","tag-noticias-locais"],"_links":{"self":[{"href":"https:\/\/tvbrazilusa.com\/pt\/wp-json\/wp\/v2\/posts\/120556","targetHints":{"allow":["GET"]}}],"collection":[{"href":"https:\/\/tvbrazilusa.com\/pt\/wp-json\/wp\/v2\/posts"}],"about":[{"href":"https:\/\/tvbrazilusa.com\/pt\/wp-json\/wp\/v2\/types\/post"}],"author":[{"embeddable":true,"href":"https:\/\/tvbrazilusa.com\/pt\/wp-json\/wp\/v2\/users\/1"}],"replies":[{"embeddable":true,"href":"https:\/\/tvbrazilusa.com\/pt\/wp-json\/wp\/v2\/comments?post=120556"}],"version-history":[{"count":1,"href":"https:\/\/tvbrazilusa.com\/pt\/wp-json\/wp\/v2\/posts\/120556\/revisions"}],"predecessor-version":[{"id":120558,"href":"https:\/\/tvbrazilusa.com\/pt\/wp-json\/wp\/v2\/posts\/120556\/revisions\/120558"}],"wp:featuredmedia":[{"embeddable":true,"href":"https:\/\/tvbrazilusa.com\/pt\/wp-json\/wp\/v2\/media\/120557"}],"wp:attachment":[{"href":"https:\/\/tvbrazilusa.com\/pt\/wp-json\/wp\/v2\/media?parent=120556"}],"wp:term":[{"taxonomy":"category","embeddable":true,"href":"https:\/\/tvbrazilusa.com\/pt\/wp-json\/wp\/v2\/categories?post=120556"},{"taxonomy":"post_tag","embeddable":true,"href":"https:\/\/tvbrazilusa.com\/pt\/wp-json\/wp\/v2\/tags?post=120556"}],"curies":[{"name":"wp","href":"https:\/\/api.w.org\/{rel}","templated":true}]}}