{"id":120571,"date":"2025-06-25T17:16:51","date_gmt":"2025-06-25T17:16:51","guid":{"rendered":"https:\/\/tvbrazilusa.com\/2025\/06\/25\/o-novo-chefe-de-bombeiros-de-jacksonville-poderia-ser-selecionado-nesta-semana-jacksonville-hoje\/"},"modified":"2025-06-25T17:20:13","modified_gmt":"2025-06-25T17:20:13","slug":"o-novo-chefe-de-bombeiros-de-jacksonville-poderia-ser-selecionado-nesta-semana-jacksonville-hoje","status":"publish","type":"post","link":"https:\/\/tvbrazilusa.com\/pt\/2025\/06\/25\/o-novo-chefe-de-bombeiros-de-jacksonville-poderia-ser-selecionado-nesta-semana-jacksonville-hoje\/","title":{"rendered":"O novo chefe de bombeiros de Jacksonville poderia ser selecionado nesta semana | Jacksonville hoje"},"content":{"rendered":"<p> <script async src=\"https:\/\/pagead2.googlesyndication.com\/pagead\/js\/adsbygoogle.js?client=ca-pub-8864793242727901\"\r\n     crossorigin=\"anonymous\"><\/script><br \/>\n<\/p>\n<div>\n<p>A escolha do chefe do Departamento de Inc\u00eandio e Resgate de Jacksonville est\u00e1 em cinco finalistas que est\u00e3o concluindo entrevistas com a prefeita Donna Deegan.<\/p>\n<p>O escrit\u00f3rio do prefeito poderia anunciar sua sele\u00e7\u00e3o at\u00e9 o final desta semana. O Conselho da Cidade deve confirmar a sele\u00e7\u00e3o. <\/p>\n<p>A busca por um novo chefe come\u00e7ou quando o atual chefe Keith Powers <a href=\"https:\/\/jaxtoday.org\/2025\/05\/15\/jacksonville-fire-chief-keith-powers-announces-retirement\/\">anunciou sua aposentadoria<\/a> Em maio, depois de 29 anos com o departamento, seis dos que o lideram. Sua aposentadoria \u00e9 efetiva no domingo.<\/p>\n<p>Dezessete candidatos solicitaram o cargo e as entrevistas foram realizadas com todas elas, dizem autoridades da cidade. Agora est\u00e1 tudo de acordo com os finalistas:<\/p>\n<ul class=\"wp-block-list\">\n<li>Vice -Chefe da Divis\u00e3o de Preven\u00e7\u00e3o de Inc\u00eandio, Damian Bell.<\/li>\n<li>Chefe da Divis\u00e3o de Resgate Jake Blanton.<\/li>\n<li>Chefe de Vice -Divis\u00e3o de Prepara\u00e7\u00e3o de Emerg\u00eancia Percy Golden.<\/li>\n<li>Chefe do Batalh\u00e3o Darin Hooten.<\/li>\n<li>Vice -diretora Willie King.<\/li>\n<\/ul>\n<p><strong>SINO: <\/strong>A carta de apresenta\u00e7\u00e3o do curr\u00edculo de Bell diz que ele tem mais de uma d\u00e9cada de &#8220;experi\u00eancia de lideran\u00e7a progressivamente respons\u00e1vel&#8221; no departamento como tenente, capit\u00e3o, chefe distrital e seu local atual.<\/p>\n<p>&#8220;Eu tamb\u00e9m desempenhei um papel integral na constru\u00e7\u00e3o da (tecnologia de prote\u00e7\u00e3o contra inc\u00eandio) para a nova solu\u00e7\u00e3o de software de documenta\u00e7\u00e3o EMS e inc\u00eandio do departamento, bem como a substitui\u00e7\u00e3o do sistema de inspe\u00e7\u00e3o de preven\u00e7\u00e3o de inc\u00eandio&#8221;, afirma a carta.<\/p>\n<p><strong>Blanton:<\/strong> Blanton diz que serviu ao departamento h\u00e1 30 anos, subindo em todos os ranks.<\/p>\n<p>&#8220;Motivar outras pessoas a fazer o poss\u00edvel \u00e9 importante para o sucesso de qualquer organiza\u00e7\u00e3o&#8221;, afirma seu curr\u00edculo. &#8220;Eu realmente gosto de trabalhar como parte de uma equipe, reconhecer totalmente cada membro da equipe, trar\u00e1 consigo id\u00e9ias e perspectivas variadas&#8221;.<\/p>\n<p><strong>DOURADO:<\/strong> Percy Golden cita sua \u201cextensa experi\u00eancia\u201d em combate a inc\u00eandios, al\u00e9m de lideran\u00e7a, servi\u00e7os m\u00e9dicos de emerg\u00eancia e gerenciamento de emerg\u00eancia ao longo de 21 anos.<\/p>\n<p>&#8220;Ao longo da minha carreira na JFRD, tenho um hist\u00f3rico comprovado de v\u00e1rios pap\u00e9is de liderar com sucesso opera\u00e7\u00f5es de combate a inc\u00eandios, garantindo a seguran\u00e7a e o bem-estar do pessoal e do p\u00fablico&#8221;, disse seu curr\u00edculo. &#8220;Durante meu tempo como capit\u00e3o do quartel de bombeiros, gerenciei com sucesso v\u00e1rias equipes de bombeiros, supervisionando seu desenvolvimento e desempenho de treinamento&#8221;.<\/p>\n<p><strong>Hooten:<\/strong> Hooten afirma que deseja &#8220;continuar minha paix\u00e3o por lideran\u00e7a positiva e eficaz&#8221; como chefe ap\u00f3s uma carreira de 29 anos.<\/p>\n<p><strong>REI:<\/strong> King se descreve como um &#8220;executivo experiente do servi\u00e7o de bombeiros&#8221;, com mais de duas d\u00e9cadas de experi\u00eancia em lideran\u00e7a em resposta a emerg\u00eancias, gerenciamento de opera\u00e7\u00f5es e desenvolvimento de pessoal dentro do departamento.<\/p>\n<p>&#8220;Traz profunda experi\u00eancia em servi\u00e7os m\u00e9dicos de emerg\u00eancia, resposta a desastres, coordena\u00e7\u00e3o interinstitucional e conformidade regulat\u00f3ria&#8221;, afirma.<\/p>\n<\/div>\n<p><br \/>\n<br \/><a href=\"https:\/\/jaxtoday.org\/2025\/06\/25\/new-jacksonville-fire-chief-could-be-selected-this-week\/\">Source link <\/a><\/p>","protected":false},"excerpt":{"rendered":"<p>A escolha do chefe do Departamento de Inc\u00eandio e Resgate de Jacksonville est\u00e1 em cinco finalistas que est\u00e3o concluindo entrevistas com a prefeita Donna Deegan. O escrit\u00f3rio do prefeito poderia&hellip;<\/p>","protected":false},"author":1,"featured_media":118461,"comment_status":"closed","ping_status":"open","sticky":false,"template":"","format":"standard","meta":{"content-type":"","footnotes":""},"categories":[1],"tags":[],"class_list":["post-120571","post","type-post","status-publish","format-standard","has-post-thumbnail","hentry","category-uncategorized"],"_links":{"self":[{"href":"https:\/\/tvbrazilusa.com\/pt\/wp-json\/wp\/v2\/posts\/120571","targetHints":{"allow":["GET"]}}],"collection":[{"href":"https:\/\/tvbrazilusa.com\/pt\/wp-json\/wp\/v2\/posts"}],"about":[{"href":"https:\/\/tvbrazilusa.com\/pt\/wp-json\/wp\/v2\/types\/post"}],"author":[{"embeddable":true,"href":"https:\/\/tvbrazilusa.com\/pt\/wp-json\/wp\/v2\/users\/1"}],"replies":[{"embeddable":true,"href":"https:\/\/tvbrazilusa.com\/pt\/wp-json\/wp\/v2\/comments?post=120571"}],"version-history":[{"count":1,"href":"https:\/\/tvbrazilusa.com\/pt\/wp-json\/wp\/v2\/posts\/120571\/revisions"}],"predecessor-version":[{"id":120572,"href":"https:\/\/tvbrazilusa.com\/pt\/wp-json\/wp\/v2\/posts\/120571\/revisions\/120572"}],"wp:featuredmedia":[{"embeddable":true,"href":"https:\/\/tvbrazilusa.com\/pt\/wp-json\/wp\/v2\/media\/118461"}],"wp:attachment":[{"href":"https:\/\/tvbrazilusa.com\/pt\/wp-json\/wp\/v2\/media?parent=120571"}],"wp:term":[{"taxonomy":"category","embeddable":true,"href":"https:\/\/tvbrazilusa.com\/pt\/wp-json\/wp\/v2\/categories?post=120571"},{"taxonomy":"post_tag","embeddable":true,"href":"https:\/\/tvbrazilusa.com\/pt\/wp-json\/wp\/v2\/tags?post=120571"}],"curies":[{"name":"wp","href":"https:\/\/api.w.org\/{rel}","templated":true}]}}