{"id":120579,"date":"2025-06-25T18:41:18","date_gmt":"2025-06-25T18:41:18","guid":{"rendered":"https:\/\/tvbrazilusa.com\/2025\/06\/25\/o-que-fazer-assassinato-no-orient-express-fluxo-concerto-do-mes-da-musica-negra-pop-out-jacksonville-hoje\/"},"modified":"2025-06-25T19:02:07","modified_gmt":"2025-06-25T19:02:07","slug":"o-que-fazer-assassinato-no-orient-express-fluxo-concerto-do-mes-da-musica-negra-pop-out-jacksonville-hoje","status":"publish","type":"post","link":"https:\/\/tvbrazilusa.com\/pt\/2025\/06\/25\/o-que-fazer-assassinato-no-orient-express-fluxo-concerto-do-mes-da-musica-negra-pop-out-jacksonville-hoje\/","title":{"rendered":"O que fazer | &#8216;Assassinato no Orient Express&#8217;; &#8216;Fluxo;&#8217; Concerto do M\u00eas da M\u00fasica Negra &#8216;Pop-Out&#8217; | Jacksonville hoje"},"content":{"rendered":"<p> <script async src=\"https:\/\/pagead2.googlesyndication.com\/pagead\/js\/adsbygoogle.js?client=ca-pub-8864793242727901\"\r\n     crossorigin=\"anonymous\"><\/script><br \/>\n<\/p>\n<div>\n<div class=\"wp-block-group\">\n<div class=\"wp-block-group__inner-container is-layout-constrained wp-block-group-is-layout-constrained\">\n<div class=\"wp-block-image\">\n<figure class=\"aligncenter size-full is-resized\"><\/figure>\n<\/div>\n<p><strong>Quinta-feira, <strong><strong>Sexta-feira<\/strong><\/strong>S\u00e1bado<\/strong><\/p>\n<p><strong><strong><strong><strong><strong><strong><strong><strong><strong><strong><strong><em>Assassinato no Orient Express<\/em><\/strong><\/strong><\/strong><\/strong><\/strong><\/strong><\/strong><\/strong><\/strong><\/strong><\/strong><\/p>\n<p><strong><strong><strong>Teatro Comunit\u00e1rio Amelia | Ilha Amelia<\/strong><\/strong><\/strong><\/p>\n<p>Mist\u00e9rio cl\u00e1ssico de Agatha Christie, <em>Assassinato no Orient Express<\/em>se desdobra a bordo de um trem sob a neve, onde o famoso detetive Hercule Poirot deve tentar resolver o assassinato antes que o assassino ataca novamente. Por que n\u00e3o fazer uma noite fora e jantar na praia de Fernandina antes (ou depois) do show? O \u00edntimo teatro comunit\u00e1rio de Amelia faz parte do cen\u00e1rio art\u00edstico do condado de Nassau antes de mais de quatro d\u00e9cadas. <\/p>\n<p><i>207 Cedar St., Fernandina Beach; <\/i><em style=\"font-style: italic;\">Quinta e sexta -feira<\/em> shows: <em>19:30; Matin\u00ea de s\u00e1bado: 14:00; Ingressos: US $ 25; US $ 10 para estudantes. <a href=\"https:\/\/app.arts-people.com\/index.php?actions=4&#038;p=2\" rel=\"nofollow noopener\" target=\"_blank\">Ingressos e mais informa\u00e7\u00f5es.<\/a><\/em><\/p>\n<hr class=\"wp-block-separator has-alpha-channel-opacity\"\/>\n<\/div>\n<\/div>\n<div class=\"wp-block-image\">\n<figure class=\"aligncenter size-full is-resized\"><img loading=\"lazy\" color=\"5e888d\" transparency=\"false\" decoding=\"async\" width=\"960\" height=\"480\" src=\"https:\/\/jaxtoday.org\/wp-content\/uploads\/2025\/06\/film_at_wjct_studios-flow-event_image_960x480.png\" alt=\"\" class=\"not-transparent wp-image-96520\" style=\"--dominant-color: #5e888d; width:827px;height:auto\" srcset=\"https:\/\/jaxtoday.org\/wp-content\/uploads\/2025\/06\/film_at_wjct_studios-flow-event_image_960x480.png 960w, https:\/\/jaxtoday.org\/wp-content\/uploads\/2025\/06\/film_at_wjct_studios-flow-event_image_960x480-300x150.png 300w, https:\/\/jaxtoday.org\/wp-content\/uploads\/2025\/06\/film_at_wjct_studios-flow-event_image_960x480-768x384.png 768w, https:\/\/jaxtoday.org\/wp-content\/uploads\/2025\/06\/film_at_wjct_studios-flow-event_image_960x480-480x240.png 480w, https:\/\/jaxtoday.org\/wp-content\/uploads\/2025\/06\/film_at_wjct_studios-flow-event_image_960x480-100x50.png 100w\" sizes=\"auto, (max-width: 960px) 100vw, 960px\"\/><\/figure>\n<\/div>\n<p><strong>S\u00e1bado<\/strong><\/p>\n<p><strong><strong><strong><strong><strong><em>Fluxo<\/em><\/strong><\/strong><\/strong><\/strong><\/strong><\/p>\n<p><strong><strong><strong><strong><strong><strong>WJCT Studios | Centro da cidade<\/strong><\/strong><\/strong><\/strong><\/strong><\/strong> <strong>Jacksonville<\/strong><\/p>\n<p>Falta o cinema Sun-Ray e o San Marco Theatre? Obtenha sua corre\u00e7\u00e3o local de teatro indie com uma triagem especial da tarde (e barata) <em>Fluxo<\/em>-Um filme lindamente animado e sem palavras que segue um gato enquanto viaja atrav\u00e9s de um mundo p\u00f3s-ingest\u00e3o-dentro dos est\u00fadios da esta\u00e7\u00e3o de m\u00eddia p\u00fablica de Jacksonville, WJCT. Vencedor do pr\u00eamio da Academia deste ano de Melhor Recurso Animado, <em>Fluxo<\/em> \u00e9 visualmente impressionante e profundamente comovente (traga alguns tecidos\ud83e\udd79), misturando aventura com uma reflex\u00e3o tranquila sobre resili\u00eancia, amizade e o mundo natural. <\/p>\n<p><em>100 Festival Park Ave.; Pipoca e barra de caixa dispon\u00edveis; Portas: 1:30; O filme come\u00e7a \u00e0s 14h; Ingressos: US $ 5; <a href=\"https:\/\/wjct.org\/events\/film\/flow\/\" rel=\"nofollow noopener\" target=\"_blank\">Mais informa\u00e7\u00f5es.<\/a><\/em><\/p>\n<hr class=\"wp-block-separator has-alpha-channel-opacity\"\/>\n<div class=\"wp-block-image\">\n<figure class=\"aligncenter size-full is-resized\"><img loading=\"lazy\" color=\"5c5846\" transparency=\"false\" decoding=\"async\" width=\"940\" height=\"470\" src=\"https:\/\/jaxtoday.org\/wp-content\/uploads\/2025\/06\/image-10.png\" alt=\"\" class=\"not-transparent wp-image-96521\" style=\"--dominant-color: #5c5846; width:840px;height:auto\" srcset=\"https:\/\/jaxtoday.org\/wp-content\/uploads\/2025\/06\/image-10.png 940w, https:\/\/jaxtoday.org\/wp-content\/uploads\/2025\/06\/image-10-300x150.png 300w, https:\/\/jaxtoday.org\/wp-content\/uploads\/2025\/06\/image-10-768x384.png 768w, https:\/\/jaxtoday.org\/wp-content\/uploads\/2025\/06\/image-10-480x240.png 480w, https:\/\/jaxtoday.org\/wp-content\/uploads\/2025\/06\/image-10-100x50.png 100w\" sizes=\"auto, (max-width: 940px) 100vw, 940px\"\/><\/figure>\n<\/div>\n<p><strong><strong><strong><strong><strong>Domingo<\/strong><\/strong><\/strong><\/strong><\/strong><\/p>\n<p><strong>The Pop Out: A Black Mush Month Concert <\/strong><\/p>\n<p><strong><strong><strong><strong><strong><strong><strong><strong><strong><strong><strong><strong>Voz Ev&#8217;ry e Sing Park | La Villa<\/strong><\/strong><\/strong><\/strong><\/strong><\/strong><\/strong><\/strong><\/strong><\/strong><\/strong><\/strong><\/p>\n<p>Este fim de semana \u00e9 sua \u00faltima chance de conferir a s\u00e9rie de concertos pop-out no Historic Lift Ev&#8217;ry Voice &#038; Sing Park de LaVilla. Jacksonville est\u00e1 se mudando para o ritmo <a href=\"https:\/\/nmaahc.si.edu\/explore\/stories\/celebrating-black-music-month\" rel=\"nofollow noopener\" target=\"_blank\">M\u00eas da m\u00fasica negra<\/a> Long, e tudo termina com uma \u00faltima noite de vendedores, caminh\u00f5es de alimentos e &#8220;celebra\u00e7\u00e3o da arte negra, comunidade e o poder duradouro da m\u00fasica&#8221;. \u00c9 um evento descontra\u00eddo e familiar. Basta trazer uma cadeira de gramado e seus sapatos de dan\u00e7a.<\/p>\n<p><em>120 Lee St.; 17h \u00e0s 20h; Livre e aberto ao p\u00fablico; <a href=\"https:\/\/www.eventbrite.com\/e\/the-pop-out-a-live-black-music-month-concert-series-tickets-1367104459239?aff=oddtdtcreator&#038;fbclid=PAQ0xDSwKYt6RleHRuA2FlbQIxMQABp6y1_wJ0jEFQx5NvhYzLROB9L9Ilvq48v3a0myZvgmYHyGfSBLvcSbqezbMS_aem_7gnOI-Qh76vNED7MdxrTjg\" rel=\"nofollow noopener\" target=\"_blank\">Mais informa\u00e7\u00f5es.<\/a><\/em><\/p>\n<\/div>\n<p><br \/>\n<br \/><a href=\"https:\/\/jaxtoday.org\/2025\/06\/25\/what-to-do-murder-on-the-orient-express-flow-black-music-month-pop-out-concert\/\">Source link <\/a><\/p>","protected":false},"excerpt":{"rendered":"<p>Quinta-feira, Sexta-feiraS\u00e1bado Assassinato no Orient Express Teatro Comunit\u00e1rio Amelia | Ilha Amelia Mist\u00e9rio cl\u00e1ssico de Agatha Christie, Assassinato no Orient Expressse desdobra a bordo de um trem sob a neve,&hellip;<\/p>","protected":false},"author":1,"featured_media":120580,"comment_status":"closed","ping_status":"open","sticky":false,"template":"","format":"standard","meta":{"content-type":"","footnotes":""},"categories":[1],"tags":[],"class_list":["post-120579","post","type-post","status-publish","format-standard","has-post-thumbnail","hentry","category-uncategorized"],"_links":{"self":[{"href":"https:\/\/tvbrazilusa.com\/pt\/wp-json\/wp\/v2\/posts\/120579","targetHints":{"allow":["GET"]}}],"collection":[{"href":"https:\/\/tvbrazilusa.com\/pt\/wp-json\/wp\/v2\/posts"}],"about":[{"href":"https:\/\/tvbrazilusa.com\/pt\/wp-json\/wp\/v2\/types\/post"}],"author":[{"embeddable":true,"href":"https:\/\/tvbrazilusa.com\/pt\/wp-json\/wp\/v2\/users\/1"}],"replies":[{"embeddable":true,"href":"https:\/\/tvbrazilusa.com\/pt\/wp-json\/wp\/v2\/comments?post=120579"}],"version-history":[{"count":1,"href":"https:\/\/tvbrazilusa.com\/pt\/wp-json\/wp\/v2\/posts\/120579\/revisions"}],"predecessor-version":[{"id":120581,"href":"https:\/\/tvbrazilusa.com\/pt\/wp-json\/wp\/v2\/posts\/120579\/revisions\/120581"}],"wp:featuredmedia":[{"embeddable":true,"href":"https:\/\/tvbrazilusa.com\/pt\/wp-json\/wp\/v2\/media\/120580"}],"wp:attachment":[{"href":"https:\/\/tvbrazilusa.com\/pt\/wp-json\/wp\/v2\/media?parent=120579"}],"wp:term":[{"taxonomy":"category","embeddable":true,"href":"https:\/\/tvbrazilusa.com\/pt\/wp-json\/wp\/v2\/categories?post=120579"},{"taxonomy":"post_tag","embeddable":true,"href":"https:\/\/tvbrazilusa.com\/pt\/wp-json\/wp\/v2\/tags?post=120579"}],"curies":[{"name":"wp","href":"https:\/\/api.w.org\/{rel}","templated":true}]}}