{"id":120671,"date":"2025-06-26T21:28:42","date_gmt":"2025-06-26T21:28:42","guid":{"rendered":"https:\/\/tvbrazilusa.com\/2025\/06\/26\/faz-60-anos-desde-que-santo-agostinho-estreou-o-play-official-do-estado-jacksonville-hoje\/"},"modified":"2025-06-26T21:38:13","modified_gmt":"2025-06-26T21:38:13","slug":"faz-60-anos-desde-que-santo-agostinho-estreou-o-play-official-do-estado-jacksonville-hoje","status":"publish","type":"post","link":"https:\/\/tvbrazilusa.com\/pt\/2025\/06\/26\/faz-60-anos-desde-que-santo-agostinho-estreou-o-play-official-do-estado-jacksonville-hoje\/","title":{"rendered":"Faz 60 anos desde que Santo Agostinho estreou o &#8216;Play Official do Estado&#8217; | Jacksonville hoje"},"content":{"rendered":"<p> <script async src=\"https:\/\/pagead2.googlesyndication.com\/pagead\/js\/adsbygoogle.js?client=ca-pub-8864793242727901\"\r\n     crossorigin=\"anonymous\"><\/script><br \/>\n<\/p>\n<div>\n<p>Em 1565, o almirante espanhol Pedro Men\u00e9ndez de Avil\u00e9s fundou a cidade que se tornou Santo Agostinho, normalmente chamada de cidade mais antiga do pa\u00eds.<\/p>\n<p>E 400 anos depois disso &#8211; agora 60 anos atr\u00e1s &#8211; estava de abertura para a pe\u00e7a <em>Cruz e espada<\/em>uma dramatiza\u00e7\u00e3o dos eventos que levaram aos tumultuados primeiros dias da cidade. <\/p>\n<p><em>Cruz e espada<\/em> estreou em 27 de junho de 1965 e se tornou um item b\u00e1sico no Anfiteatro de Santo Agostinho, correndo todo ver\u00e3o por mais de 30 anos. Os legisladores da Fl\u00f3rida at\u00e9 reconheceram <em>Cruz e espada <\/em>Como o estado oficial joga na d\u00e9cada de 1970.<\/p>\n<p>Embora uma produ\u00e7\u00e3o n\u00e3o tenha sido encenada h\u00e1 d\u00e9cadas, as mem\u00f3rias da pe\u00e7a ao vivo.<\/p>\n<p>Paul Williamson trabalhou no anfiteatro de Santo Agostinho nos anos 90, mas antes disso, ele desempenhou um papel com uma pequena parte de falar e v\u00e1rios extras durante apresenta\u00e7\u00f5es de <em>Cruz e espada <\/em>Em 1974 e 1975. <\/p>\n<p>Ele se lembra do tempo com carinho.<\/p>\n<p>&#8220;Eu tinha 20 anos, novo em Santo Agostinho. Eu iria para o Flagler College no outono&#8221;, disse Williamson ao <em>Jacksonville hoje<\/em>. &#8220;Para mim, foi uma \u00f3tima experi\u00eancia de ver\u00e3o.&#8221;<\/p>\n<p>Mas ainda mais do que o pr\u00f3prio show, Williamson \u00e9 grato pelo que ocorreu por causa disso. <\/p>\n<p>Era o desejo de um lugar para realizar <em>Cruz e espada<\/em> Entre o ambiente natural do cen\u00e1rio de Santo Agostinho da pe\u00e7a que levou ao estado concordar em arrendar terras no Parque Estadual de Anastasia para a constru\u00e7\u00e3o de um anfiteatro. <\/p>\n<p>Sem o drama musical do dramaturgo vencedor do Pr\u00eamio Pulitzer sobre a funda\u00e7\u00e3o de Santo Agostinho, o local popular pode n\u00e3o estar l\u00e1 hoje.<\/p>\n<figure class=\"wp-block-gallery has-nested-images columns-default is-cropped wp-block-gallery-1 is-layout-flex wp-block-gallery-is-layout-flex\">\n<figure class=\"wp-block-image size-large\"><\/figure>\n<figure class=\"wp-block-image size-large\"><img loading=\"lazy\" color=\"3d3d3d\" transparency=\"false\" style=\"--dominant-color: #3d3d3d;\" decoding=\"async\" width=\"600\" height=\"461\" id=\"96618\" src=\"https:\/\/jaxtoday.org\/wp-content\/uploads\/2025\/06\/pr13803.jpg\" alt=\"\" class=\"not-transparent wp-image-96618\" srcset=\"https:\/\/jaxtoday.org\/wp-content\/uploads\/2025\/06\/pr13803.jpg 600w, https:\/\/jaxtoday.org\/wp-content\/uploads\/2025\/06\/pr13803-300x231.jpg 300w, https:\/\/jaxtoday.org\/wp-content\/uploads\/2025\/06\/pr13803-312x240.jpg 312w, https:\/\/jaxtoday.org\/wp-content\/uploads\/2025\/06\/pr13803-100x77.jpg 100w\" sizes=\"auto, (max-width: 600px) 100vw, 600px\"\/><\/figure>\n<figure class=\"wp-block-image size-large\"><img loading=\"lazy\" color=\"757575\" transparency=\"false\" style=\"--dominant-color: #757575;\" decoding=\"async\" width=\"600\" height=\"488\" id=\"96617\" src=\"https:\/\/jaxtoday.org\/wp-content\/uploads\/2025\/06\/Audience-of-Cross-and-Sword-1966.jpg\" alt=\"\" class=\"not-transparent wp-image-96617\" srcset=\"https:\/\/jaxtoday.org\/wp-content\/uploads\/2025\/06\/Audience-of-Cross-and-Sword-1966.jpg 600w, https:\/\/jaxtoday.org\/wp-content\/uploads\/2025\/06\/Audience-of-Cross-and-Sword-1966-300x244.jpg 300w, https:\/\/jaxtoday.org\/wp-content\/uploads\/2025\/06\/Audience-of-Cross-and-Sword-1966-295x240.jpg 295w, https:\/\/jaxtoday.org\/wp-content\/uploads\/2025\/06\/Audience-of-Cross-and-Sword-1966-100x81.jpg 100w\" sizes=\"auto, (max-width: 600px) 100vw, 600px\"\/><\/figure>\n<figure class=\"wp-block-image size-large\"><img loading=\"lazy\" color=\"5e5e5e\" transparency=\"false\" style=\"--dominant-color: #5e5e5e;\" decoding=\"async\" width=\"600\" height=\"466\" id=\"96616\" src=\"https:\/\/jaxtoday.org\/wp-content\/uploads\/2025\/06\/Cross-and-Sword-1966.jpg\" alt=\"\" class=\"not-transparent wp-image-96616\" srcset=\"https:\/\/jaxtoday.org\/wp-content\/uploads\/2025\/06\/Cross-and-Sword-1966.jpg 600w, https:\/\/jaxtoday.org\/wp-content\/uploads\/2025\/06\/Cross-and-Sword-1966-300x233.jpg 300w, https:\/\/jaxtoday.org\/wp-content\/uploads\/2025\/06\/Cross-and-Sword-1966-309x240.jpg 309w, https:\/\/jaxtoday.org\/wp-content\/uploads\/2025\/06\/Cross-and-Sword-1966-100x78.jpg 100w\" sizes=\"auto, (max-width: 600px) 100vw, 600px\"\/><\/figure>\n<figure class=\"wp-block-image size-large\"><img loading=\"lazy\" color=\"676767\" transparency=\"false\" style=\"--dominant-color: #676767;\" decoding=\"async\" width=\"600\" height=\"781\" id=\"96621\" src=\"https:\/\/jaxtoday.org\/wp-content\/uploads\/2025\/06\/Oriba-chief-of-the-Timucuan-tribe-from-Cross-and-Sword-performance.jpg\" alt=\"\" class=\"not-transparent wp-image-96621\" srcset=\"https:\/\/jaxtoday.org\/wp-content\/uploads\/2025\/06\/Oriba-chief-of-the-Timucuan-tribe-from-Cross-and-Sword-performance.jpg 600w, https:\/\/jaxtoday.org\/wp-content\/uploads\/2025\/06\/Oriba-chief-of-the-Timucuan-tribe-from-Cross-and-Sword-performance-230x300.jpg 230w, https:\/\/jaxtoday.org\/wp-content\/uploads\/2025\/06\/Oriba-chief-of-the-Timucuan-tribe-from-Cross-and-Sword-performance-184x240.jpg 184w, https:\/\/jaxtoday.org\/wp-content\/uploads\/2025\/06\/Oriba-chief-of-the-Timucuan-tribe-from-Cross-and-Sword-performance-100x130.jpg 100w\" sizes=\"auto, (max-width: 600px) 100vw, 600px\"\/><\/figure><figcaption class=\"blocks-gallery-caption wp-element-caption\"><strong>Em cima esquerdo:<\/strong> Uma foto capturada durante uma apresenta\u00e7\u00e3o cruzada e espada em 1967. Biblioteca P\u00fablica de Jacksonville <br \/><strong>Top Center:<\/strong> Um grupo de atores que interpreta nativos americanos se re\u00fane em torno de um totem. | Projeto de mem\u00f3ria da Fl\u00f3rida<br \/><strong>No canto superior direito:<\/strong> O p\u00fablico assiste a uma apresenta\u00e7\u00e3o de cruz e espada em 1966. Projeto de mem\u00f3ria da Fl\u00f3rida<br \/><strong>Inferior esquerdo:<\/strong> Uma foto capturada durante uma apresenta\u00e7\u00e3o cruzada e espada em 1967. Biblioteca P\u00fablica de Jacksonville<br \/><strong>Inferior direito:<\/strong> Este ator foi escalado como chefe nativo americano para uma apresenta\u00e7\u00e3o de cruz e espada. | Projeto de mem\u00f3ria da Fl\u00f3rida<\/figcaption><\/figure>\n<p>Hoje em dia, Williamson acha que um renascimento provavelmente n\u00e3o acontecer\u00e1, ou mesmo realmente necess\u00e1rio. <\/p>\n<p>Por um lado, os shows anteriores lan\u00e7aram atores brancos como personagens nativos americanos, algo que pode n\u00e3o voar em 2025. Mas, em segundo lugar, Williamson diz que n\u00e3o acha que a extravag\u00e2ncia teatral das d\u00e9cadas de 1960 e 70 \u00e9 como as hist\u00f3rias s\u00e3o contadas nos dias de hoje. <\/p>\n<p>&#8220;A hist\u00f3ria de Santo Agostinho est\u00e1 sendo informada hoje de v\u00e1rias maneiras diferentes&#8221;, diz ele. &#8220;Voc\u00ea n\u00e3o pode perder se vier a Santo Agostinho. Mas um concurso noturno ao ar livre assim n\u00e3o \u00e9 o mesmo.&#8221;<\/p>\n<p>Ent\u00e3o, da pr\u00f3xima vez que voc\u00ea assistir a um show no amplificador ou participar do mercado semanal de agricultores, voc\u00ea pode agradecer \u00e0s pessoas por tr\u00e1s dos anos 1965 <em>Cruz e espada<\/em> pelo papel que eles desempenharam.<\/p>\n<p><a href=\"https:\/\/paulkwilliamson.substack.com\/p\/cross-and-sword-made-the-amp-possible\" rel=\"nofollow noopener\" target=\"_blank\">Voc\u00ea pode ler mais das lembran\u00e7as de Williamson sobre <em>Cruz e espada <\/em>Em seu blog, meu novo Walden.<\/a><\/p>\n<\/div>\n<p><br \/>\n<br \/><a href=\"https:\/\/jaxtoday.org\/2025\/06\/26\/60-years-ago-st-augustine-debuted-the-official-state-play\/\">Source link <\/a><\/p>","protected":false},"excerpt":{"rendered":"<p>Em 1565, o almirante espanhol Pedro Men\u00e9ndez de Avil\u00e9s fundou a cidade que se tornou Santo Agostinho, normalmente chamada de cidade mais antiga do pa\u00eds. E 400 anos depois disso&hellip;<\/p>","protected":false},"author":1,"featured_media":120672,"comment_status":"closed","ping_status":"open","sticky":false,"template":"","format":"standard","meta":{"content-type":"","footnotes":""},"categories":[1],"tags":[],"class_list":["post-120671","post","type-post","status-publish","format-standard","has-post-thumbnail","hentry","category-uncategorized"],"_links":{"self":[{"href":"https:\/\/tvbrazilusa.com\/pt\/wp-json\/wp\/v2\/posts\/120671","targetHints":{"allow":["GET"]}}],"collection":[{"href":"https:\/\/tvbrazilusa.com\/pt\/wp-json\/wp\/v2\/posts"}],"about":[{"href":"https:\/\/tvbrazilusa.com\/pt\/wp-json\/wp\/v2\/types\/post"}],"author":[{"embeddable":true,"href":"https:\/\/tvbrazilusa.com\/pt\/wp-json\/wp\/v2\/users\/1"}],"replies":[{"embeddable":true,"href":"https:\/\/tvbrazilusa.com\/pt\/wp-json\/wp\/v2\/comments?post=120671"}],"version-history":[{"count":1,"href":"https:\/\/tvbrazilusa.com\/pt\/wp-json\/wp\/v2\/posts\/120671\/revisions"}],"predecessor-version":[{"id":120673,"href":"https:\/\/tvbrazilusa.com\/pt\/wp-json\/wp\/v2\/posts\/120671\/revisions\/120673"}],"wp:featuredmedia":[{"embeddable":true,"href":"https:\/\/tvbrazilusa.com\/pt\/wp-json\/wp\/v2\/media\/120672"}],"wp:attachment":[{"href":"https:\/\/tvbrazilusa.com\/pt\/wp-json\/wp\/v2\/media?parent=120671"}],"wp:term":[{"taxonomy":"category","embeddable":true,"href":"https:\/\/tvbrazilusa.com\/pt\/wp-json\/wp\/v2\/categories?post=120671"},{"taxonomy":"post_tag","embeddable":true,"href":"https:\/\/tvbrazilusa.com\/pt\/wp-json\/wp\/v2\/tags?post=120671"}],"curies":[{"name":"wp","href":"https:\/\/api.w.org\/{rel}","templated":true}]}}