{"id":120712,"date":"2025-06-27T18:07:40","date_gmt":"2025-06-27T18:07:40","guid":{"rendered":"https:\/\/tvbrazilusa.com\/2025\/06\/27\/os-moradores-de-brentwood-pedem-ao-tribunal-para-interromper-o-escritorio-do-medico-legista-jacksonville-hoje\/"},"modified":"2025-06-27T18:09:23","modified_gmt":"2025-06-27T18:09:23","slug":"os-moradores-de-brentwood-pedem-ao-tribunal-para-interromper-o-escritorio-do-medico-legista-jacksonville-hoje","status":"publish","type":"post","link":"https:\/\/tvbrazilusa.com\/pt\/2025\/06\/27\/os-moradores-de-brentwood-pedem-ao-tribunal-para-interromper-o-escritorio-do-medico-legista-jacksonville-hoje\/","title":{"rendered":"Os moradores de Brentwood pedem ao tribunal para interromper o escrit\u00f3rio do m\u00e9dico legista | Jacksonville hoje"},"content":{"rendered":"<p> <script async src=\"https:\/\/pagead2.googlesyndication.com\/pagead\/js\/adsbygoogle.js?client=ca-pub-8864793242727901\"\r\n     crossorigin=\"anonymous\"><\/script><br \/>\n<\/p>\n<div>\n<p>Um grupo de bairro em North Jacksonville est\u00e1 pedindo a um juiz federal que pare o novo consult\u00f3rio m\u00e9dico da cidade de abrir a apenas quarteir\u00f5es de uma escola e suas casas, dizendo que isso amea\u00e7a sua sa\u00fade, seguran\u00e7a e dignidade.<\/p>\n<p>O pedido de liminar, arquivado em 20 de junho, ocorre apenas um ano ap\u00f3s a Associa\u00e7\u00e3o de Bairro do Metro Gardens <a href=\"https:\/\/jaxtoday.org\/2024\/06\/20\/residents-sue-to-stop-morgue-brentwoods-not-a-cemetery\/\">processou a cidade<\/a> Para parar o escrit\u00f3rio de 51.000 p\u00e9s quadrados.<\/p>\n<p>Os l\u00edderes de associa\u00e7\u00e3o h\u00e1 muito tempo pressionam a cidade a parar de construir as instala\u00e7\u00f5es de US $ 62,84 milh\u00f5es na North Davis Street, dizendo que fica a apenas 32 p\u00e9s dos estudantes de idade do ensino fundamental e m\u00e9dio da Kipp Academy. Eles tamb\u00e9m dizem que o &#8220;necrot\u00e9rio&#8221;, como eles chamam, \u00e9 uma instala\u00e7\u00e3o industrial que n\u00e3o pertence ao bairro em Brentwood, a uma quadra do Golfair Boulevard.<\/p>\n<p>Falando sexta -feira em frente ao tribunal federal do centro da cidade, a presidente da Associa\u00e7\u00e3o de Bairro, Lydia Bell, disse que quer que um juiz federal pese sobre o que considera uma ladainha de problemas de ter a instala\u00e7\u00e3o perto de uma escola e casas.<\/p>\n<p>&#8220;Quero que eles apenas leiam e, se voc\u00ea puder encontrar algum errado nisso, eles precisam governar&#8221;, disse Bell. &#8220;Mas se eles nos ouvirem e tivermos um juiz justo, eles descobrir\u00e3o que quebraram todas as leis do livro para colocar esse necrot\u00e9rio em nosso bairro&#8221;.  <\/p>\n<p>Os moradores est\u00e3o preocupados com o fato de os valores de propriedades das resid\u00eancias pr\u00f3ximas ao escrit\u00f3rio do m\u00e9dico legista diminuir devido ao &#8220;estigma e riscos ambientais reais&#8221;, de acordo com um comunicado de imprensa da associa\u00e7\u00e3o.<\/p>\n<p>&#8220;\u00c9 hora de parar de usar a comunidade negra como um campo de dep\u00f3sito para instala\u00e7\u00f5es que nunca seriam constru\u00eddas em comunidades brancas&#8221;, diz o comunicado \u00e0 imprensa. <\/p>\n<p>A declara\u00e7\u00e3o tamb\u00e9m afirma que a decis\u00e3o de colocar a instala\u00e7\u00e3o em Brentwood &#8220;foi feita sem aviso pr\u00e9vio, revis\u00e3o de impacto ambiental ou consulta significativa da comunidade&#8221;.<\/p>\n<p>Bell tamb\u00e9m disse que a instala\u00e7\u00e3o trar\u00e1 problemas de qualidade e respirat\u00f3rio, dores de cabe\u00e7a, n\u00e1usea e outros riscos para crian\u00e7as, asm\u00e1ticos e idosos.<\/p>\n<p>O porta -voz da cidade, Phillip Perry, disse que a cidade n\u00e3o comentar\u00e1 sobre o pedido de liminar &#8220;devido a lit\u00edgios ativos&#8221;. Ele disse que a nova instala\u00e7\u00e3o ser\u00e1 conclu\u00edda at\u00e9 setembro e entregue ao consult\u00f3rio m\u00e9dico em novembro.<\/p>\n<figure class=\"wp-block-image size-large\"><figcaption class=\"wp-element-caption\">A presidente da Associa\u00e7\u00e3o de Bairro, Lydia Bell, fala sobre o escrit\u00f3rio do m\u00e9dico legista na sexta -feira, 27 de junho de 2025. Michelle Corum, Jacksonville hoje<\/figcaption><\/figure>\n<p>Autoridades da cidade <a href=\"https:\/\/jaxtoday.org\/2023\/05\/15\/ground-broken-for-larger-duval-medical-examiners-office\/\">quebrou o ch\u00e3o<\/a> Em maio de 2023, no novo consult\u00f3rio m\u00e9dico, na 4368 N. Davis St. O escrit\u00f3rio fica a pouco mais de uma milha ao norte do escrit\u00f3rio atual, que come\u00e7ou como instala\u00e7\u00e3o de um andar em 1968, com uma adi\u00e7\u00e3o e um segundo andar adicionado mais tarde. Um refrigerador port\u00e1til para lidar com os corpos e um escrit\u00f3rio m\u00f3vel tamb\u00e9m foram adicionados aos sete patologistas da instala\u00e7\u00e3o.<\/p>\n<p>A instala\u00e7\u00e3o de 57 anos na North Jefferson Street lidou com uma m\u00e9dia de 2.000 aut\u00f3psias por ano. Ele pode lidar com um m\u00e1ximo de 45 corpos, mas est\u00e1 em capacidade v\u00e1rias vezes nos \u00faltimos anos, mostram os documentos da cidade.<\/p>\n<p>Os moradores do Metro Gardens protestam contra o novo escrit\u00f3rio do m\u00e9dico desde o inovador. O processo de 2024 est\u00e1 marcado para um julgamento sem j\u00fari em 24 de julho de 2026.<\/p>\n<p>O processo afirma que a cidade n\u00e3o os informou de suas inten\u00e7\u00f5es de construir a instala\u00e7\u00e3o. O processo tamb\u00e9m disse que a \u00e1rea foi rezonada de propriedade comercial a propriedade p\u00fablica, ap\u00f3s a inova\u00e7\u00e3o de 2023. O processo do grupo tamb\u00e9m afirma que a cidade n\u00e3o contou \u00e0 comunidade sobre a instala\u00e7\u00e3o, o que os moradores dizem que viola as ordenan\u00e7as da cidade. <\/p>\n<p>O bairro tamb\u00e9m lutou contra uma loja de bebidas planejada no Golfair Boulevard, ao lado da escola do KIPP e a uma quadra do consult\u00f3rio m\u00e9dico, exigindo que ele fosse transformado em um centro comunit\u00e1rio. <\/p>\n<p>Quando a cidade converteu a loja de bebidas em um <a href=\"https:\/\/jaxtoday.org\/2024\/03\/29\/plan-unvealed-for-site-of-decried-liquor-store-in-brentwood\/\">Neg\u00f3cios pequenos e emergentes<\/a> Em maio, os membros da comunidade protestaram, dizendo que essa decis\u00e3o foi tomada sem notific\u00e1 -los.<\/p>\n<\/div>\n<p><br \/>\n<br \/><a href=\"https:\/\/jaxtoday.org\/2025\/06\/27\/brentwood-residents-ask-court-to-stop-medical-examiners-office\/\">Source link <\/a><\/p>","protected":false},"excerpt":{"rendered":"<p>Um grupo de bairro em North Jacksonville est\u00e1 pedindo a um juiz federal que pare o novo consult\u00f3rio m\u00e9dico da cidade de abrir a apenas quarteir\u00f5es de uma escola e&hellip;<\/p>","protected":false},"author":1,"featured_media":120713,"comment_status":"closed","ping_status":"open","sticky":false,"template":"","format":"standard","meta":{"content-type":"","footnotes":""},"categories":[1],"tags":[],"class_list":["post-120712","post","type-post","status-publish","format-standard","has-post-thumbnail","hentry","category-uncategorized"],"_links":{"self":[{"href":"https:\/\/tvbrazilusa.com\/pt\/wp-json\/wp\/v2\/posts\/120712","targetHints":{"allow":["GET"]}}],"collection":[{"href":"https:\/\/tvbrazilusa.com\/pt\/wp-json\/wp\/v2\/posts"}],"about":[{"href":"https:\/\/tvbrazilusa.com\/pt\/wp-json\/wp\/v2\/types\/post"}],"author":[{"embeddable":true,"href":"https:\/\/tvbrazilusa.com\/pt\/wp-json\/wp\/v2\/users\/1"}],"replies":[{"embeddable":true,"href":"https:\/\/tvbrazilusa.com\/pt\/wp-json\/wp\/v2\/comments?post=120712"}],"version-history":[{"count":1,"href":"https:\/\/tvbrazilusa.com\/pt\/wp-json\/wp\/v2\/posts\/120712\/revisions"}],"predecessor-version":[{"id":120714,"href":"https:\/\/tvbrazilusa.com\/pt\/wp-json\/wp\/v2\/posts\/120712\/revisions\/120714"}],"wp:featuredmedia":[{"embeddable":true,"href":"https:\/\/tvbrazilusa.com\/pt\/wp-json\/wp\/v2\/media\/120713"}],"wp:attachment":[{"href":"https:\/\/tvbrazilusa.com\/pt\/wp-json\/wp\/v2\/media?parent=120712"}],"wp:term":[{"taxonomy":"category","embeddable":true,"href":"https:\/\/tvbrazilusa.com\/pt\/wp-json\/wp\/v2\/categories?post=120712"},{"taxonomy":"post_tag","embeddable":true,"href":"https:\/\/tvbrazilusa.com\/pt\/wp-json\/wp\/v2\/tags?post=120712"}],"curies":[{"name":"wp","href":"https:\/\/api.w.org\/{rel}","templated":true}]}}