{"id":120726,"date":"2025-06-27T20:19:01","date_gmt":"2025-06-27T20:19:01","guid":{"rendered":"https:\/\/tvbrazilusa.com\/2025\/06\/27\/o-professor-perde-licenca-apos-condenacao-por-exposicao-a-disney-jacksonville-hoje\/"},"modified":"2025-06-27T20:30:22","modified_gmt":"2025-06-27T20:30:22","slug":"o-professor-perde-licenca-apos-condenacao-por-exposicao-a-disney-jacksonville-hoje","status":"publish","type":"post","link":"https:\/\/tvbrazilusa.com\/pt\/2025\/06\/27\/o-professor-perde-licenca-apos-condenacao-por-exposicao-a-disney-jacksonville-hoje\/","title":{"rendered":"O professor perde licen\u00e7a ap\u00f3s condena\u00e7\u00e3o por exposi\u00e7\u00e3o \u00e0 Disney | Jacksonville hoje"},"content":{"rendered":"<p> <script async src=\"https:\/\/pagead2.googlesyndication.com\/pagead\/js\/adsbygoogle.js?client=ca-pub-8864793242727901\"\r\n     crossorigin=\"anonymous\"><\/script><br \/>\n<\/p>\n<div>\n<p>O professor de matem\u00e1tica das Escolas Duval que foi preso no ano passado por se expor por uma janela \u00e0 beira da piscina em um resort da Disney foi condenado na quarta -feira a 12 meses de liberdade condicional. Ele tamb\u00e9m ter\u00e1 que abandonar sua licen\u00e7a de ensino.<\/p>\n<p>Um j\u00fari do Condado de Orange considerou Christopher Allen-Black, 54, culpado de acusa\u00e7\u00f5es de contraven\u00e7\u00e3o pela exposi\u00e7\u00e3o de \u00f3rg\u00e3os sexuais. Sua senten\u00e7a de liberdade condicional inclui 100 horas de servi\u00e7o comunit\u00e1rio, de acordo com documentos judiciais, e ele n\u00e3o tem um contato com menores que n\u00e3o sejam membros da fam\u00edlia.<\/p>\n<p>Seu advogado confirmou o resultado do caso, mas n\u00e3o fez um coment\u00e1rio.<\/p>\n<p>Allen-Black foi professor de matem\u00e1tica na Douglas Anderson School of the Arts. Quando ele foi preso ap\u00f3s o incidente no Walt Disney World Dolphin Resort em fevereiro passado, o distrito escolar esperou seis semanas antes de remov\u00ea -lo de sua sala de aula.<\/p>\n<p>O distrito <a href=\"https:\/\/jaxtoday.org\/2024\/04\/26\/duval-schools-apologizes-for-errors-over-arrested-teacher\/\">recebeu muitas cr\u00edticas<\/a> Da comunidade, desde o atraso e, desde ent\u00e3o, mudou suas pol\u00edticas para exigir que os professores acusados \u200b\u200bde certos tipos de m\u00e1 conduta sejam imediatamente removidos da sala de aula.<\/p>\n<p><em>Jacksonville hoje<\/em> mais tarde relatou isso pela primeira vez que <a href=\"https:\/\/jaxtoday.org\/2024\/10\/07\/investigator-tried-to-get-arrested-duval-teacher-removed-twice-and-was-denied\/\">um investigador distrital tentou duas vezes<\/a> Para remover Allen-Black do contato do aluno, mas foi negado as duas vezes. O distrito n\u00e3o disse o porqu\u00ea. Os registros mostram que o distrito soube da pris\u00e3o de Allen-Black poucas horas ap\u00f3s sua ocorr\u00eancia. <\/p>\n<p>Allen-Black estava entre os sete professores que foram removidos de Douglas Anderson ap\u00f3s alega\u00e7\u00f5es de m\u00e1 conduta sexual-come\u00e7ando com <a href=\"https:\/\/jaxtoday.org\/2024\/06\/14\/former-douglas-anderson-teacher-sentenced-to-10-years\/\">A pris\u00e3o de Jeffrey Clayton em 2023<\/a>.<\/p>\n<p>Os escrit\u00f3rios distritais est\u00e3o fechados \u00e0s sextas -feiras, e um porta -voz n\u00e3o p\u00f4de ser encontrado para comentar.<\/p>\n<\/div>\n<p><br \/>\n<br \/><a href=\"https:\/\/jaxtoday.org\/2025\/06\/27\/teacher-loses-license-after-conviction-for-disney-exposure\/\">Source link <\/a><\/p>","protected":false},"excerpt":{"rendered":"<p>O professor de matem\u00e1tica das Escolas Duval que foi preso no ano passado por se expor por uma janela \u00e0 beira da piscina em um resort da Disney foi condenado&hellip;<\/p>","protected":false},"author":1,"featured_media":120727,"comment_status":"closed","ping_status":"open","sticky":false,"template":"","format":"standard","meta":{"content-type":"","footnotes":""},"categories":[1],"tags":[],"class_list":["post-120726","post","type-post","status-publish","format-standard","has-post-thumbnail","hentry","category-uncategorized"],"_links":{"self":[{"href":"https:\/\/tvbrazilusa.com\/pt\/wp-json\/wp\/v2\/posts\/120726","targetHints":{"allow":["GET"]}}],"collection":[{"href":"https:\/\/tvbrazilusa.com\/pt\/wp-json\/wp\/v2\/posts"}],"about":[{"href":"https:\/\/tvbrazilusa.com\/pt\/wp-json\/wp\/v2\/types\/post"}],"author":[{"embeddable":true,"href":"https:\/\/tvbrazilusa.com\/pt\/wp-json\/wp\/v2\/users\/1"}],"replies":[{"embeddable":true,"href":"https:\/\/tvbrazilusa.com\/pt\/wp-json\/wp\/v2\/comments?post=120726"}],"version-history":[{"count":1,"href":"https:\/\/tvbrazilusa.com\/pt\/wp-json\/wp\/v2\/posts\/120726\/revisions"}],"predecessor-version":[{"id":120728,"href":"https:\/\/tvbrazilusa.com\/pt\/wp-json\/wp\/v2\/posts\/120726\/revisions\/120728"}],"wp:featuredmedia":[{"embeddable":true,"href":"https:\/\/tvbrazilusa.com\/pt\/wp-json\/wp\/v2\/media\/120727"}],"wp:attachment":[{"href":"https:\/\/tvbrazilusa.com\/pt\/wp-json\/wp\/v2\/media?parent=120726"}],"wp:term":[{"taxonomy":"category","embeddable":true,"href":"https:\/\/tvbrazilusa.com\/pt\/wp-json\/wp\/v2\/categories?post=120726"},{"taxonomy":"post_tag","embeddable":true,"href":"https:\/\/tvbrazilusa.com\/pt\/wp-json\/wp\/v2\/tags?post=120726"}],"curies":[{"name":"wp","href":"https:\/\/api.w.org\/{rel}","templated":true}]}}