{"id":120802,"date":"2025-06-29T14:30:00","date_gmt":"2025-06-29T14:30:00","guid":{"rendered":"https:\/\/tvbrazilusa.com\/2025\/06\/29\/relatorio-do-capitolio-bill-housing-vetoed-reacoes-de-corrida-de-mayoral-de-nova-york-lembrando-se-de-mark-davis\/"},"modified":"2025-06-29T14:36:48","modified_gmt":"2025-06-29T14:36:48","slug":"relatorio-do-capitolio-bill-housing-vetoed-reacoes-de-corrida-de-mayoral-de-nova-york-lembrando-se-de-mark-davis","status":"publish","type":"post","link":"https:\/\/tvbrazilusa.com\/pt\/2025\/06\/29\/relatorio-do-capitolio-bill-housing-vetoed-reacoes-de-corrida-de-mayoral-de-nova-york-lembrando-se-de-mark-davis\/","title":{"rendered":"Relat\u00f3rio do Capit\u00f3lio: Bill Housing Vetoed, Rea\u00e7\u00f5es de Corrida de Mayoral de Nova York, lembrando -se de Mark Davis"},"content":{"rendered":"<script async src=\"https:\/\/pagead2.googlesyndication.com\/pagead\/js\/adsbygoogle.js?client=ca-pub-8864793242727901\"\r\n     crossorigin=\"anonymous\"><\/script>\n<p>NEW HAVEN, Connecticut (WTNH)-Nesta semana, no Relat\u00f3rio do Capit\u00f3lio, o painel discute o veto recente do governador Ned Lamont (D-CT) do HB 5002 e o senador estadual Ryan Fazio (R-CT) provocando uma disputa pelo governador em 2026.<\/p>\n<p>Al\u00e9m disso, o rep\u00f3rter pol\u00edtico do News 8, Mike Cerulli, sobre Andrew Cuomo, de Zohran Mamdani, na prim\u00e1ria democr\u00e1tica do prefeito de Nova York, e por que Connecticut est\u00e1 assistindo.<\/p>\n<p><a href=\"https:\/\/www.wtnh.com\/news\/connecticut\/former-news-8-chief-capitol-correspondent-mark-davis-dies\/\">Mark Davis,<\/a> O ex -correspondente pol\u00edtico -chefe do News 8 morreu. O painel compartilha o impacto que Davis teve no estado de Connecticut. <\/p>\n<p>Assista o show inteiro no jogador acima. <\/p>\n<div class=\"nlp-ignore-block article-content rich-text\">\n<section class=\"article-list article-list--link_group\">\n<div class=\"article-list__content\">\n<h2 class=\"article-list__label\">Relat\u00f3rio do Capit\u00f3lio<\/h2>\n<div class=\"article-list__triangle\"><\/div>\n<section class=\"article-list article-list--headline-one-col article-list--link-group\">\n<div class=\"article-list__content\" data-module-type=\"no-title\">\n<article class=\"article-list__article\" data-article-id=\"2268194\" data-context=\"link_group\" data-index=\"0\" data-collection=\"article-list1\" data-anvato-params=\"{\"pauseontabinactive\":false}\">\n\t\t\t<!-- Next line is not the perfect\/ideal way to control hiding the items. Can revisit later. --><\/p>\n<div class=\"article-list__article-text\" data-context=\"link_group\" data-article-list-id=\"article-list1\" data-article-text-classes=\"article-list__article-text\" data-article-thumb-classes=\"article-list__article-thumb\" data-current-image-context=\"[\"16:9\",\"(max-width: 1023px) 50vw, 876px\"]\">\n<p>\t\t\t\t<a class=\"article-list__gradient-link\" href=\"https:\/\/www.wtnh.com\/on-air\/capitol-report\/capitol-report-housing-bill-vetoed-nyc-mayoral-race-reactions-remembering-mark-davis\/\" data-link-type=\"content-link\" data-link-position=\"1\" data-link-pinned=\"false\" data-link-label=\"Capitol Report: Housing bill vetoed, NYC mayoral race reactions, remembering Mark Davis\"><br \/>\n\t\t<\/a><\/p>\n<h2 class=\"article-list__article-title\">\n\t\t\t\t\t\t\t\t\t\t\t\t\t<a href=\"https:\/\/www.wtnh.com\/on-air\/capitol-report\/capitol-report-housing-bill-vetoed-nyc-mayoral-race-reactions-remembering-mark-davis\/\" class=\"article-list__article-link\" data-link-type=\"content-link\" data-link-position=\"1\" data-link-pinned=\"false\" data-link-label=\"Capitol Report: Housing bill vetoed, NYC mayoral race reactions, remembering Mark Davis\"><\/p>\n<p>\t\t\tHB 5002 veto, Race prefeito de Nova York, homenageando Mark Davis<br \/>\n\t\t\t\t\t\t\t\t\t\t<\/a><br \/>\n\t\t\t\t\t<\/h2>\n<p><span aria-hidden=\"true\" class=\"article-list__article-mediaicon article-list__article-mediaicon--video\"><br \/>\n\t<span class=\"article-list__article-mediaicon-svg\"><\/p>\n<p>\t\t.cls-3 {preenchimento: #fff; preenchimento-regra: parodd}<br \/>\n\t<\/span><br \/>\n\t<\/span>\n\t<\/div>\n<\/article>\n<article class=\"article-list__article\" data-article-id=\"2260158\" data-context=\"link_group\" data-index=\"1\" data-collection=\"article-list1\" data-anvato-params=\"{\"pauseontabinactive\":false}\">\n\t\t\t<!-- Next line is not the perfect\/ideal way to control hiding the items. Can revisit later. --><\/p>\n<div class=\"article-list__article-text\" data-context=\"link_group\" data-article-list-id=\"article-list1\" data-article-text-classes=\"article-list__article-text\" data-article-thumb-classes=\"article-list__article-thumb\" data-current-image-context=\"[\"16:9\",\"(max-width: 1023px) 50vw, 876px\"]\">\n<p>\t\t\t\t<a class=\"article-list__gradient-link\" href=\"https:\/\/www.wtnh.com\/on-air\/capitol-report\/capitol-report-striking-workers-benefits-hamden-mayoral-race-fmr-pres-obama-in-hartford\/\" data-link-type=\"content-link\" data-link-position=\"2\" data-link-pinned=\"false\" data-link-label=\"Capitol Report: Striking workers benefits, Hamden mayoral race, Fmr. Pres. Obama in Hartford\"><br \/>\n\t\t<\/a><\/p>\n<h2 class=\"article-list__article-title\">\n\t\t\t\t\t\t\t\t\t\t\t\t\t<a href=\"https:\/\/www.wtnh.com\/on-air\/capitol-report\/capitol-report-striking-workers-benefits-hamden-mayoral-race-fmr-pres-obama-in-hartford\/\" class=\"article-list__article-link\" data-link-type=\"content-link\" data-link-position=\"2\" data-link-pinned=\"false\" data-link-label=\"Capitol Report: Striking workers benefits, Hamden mayoral race, Fmr. Pres. Obama in Hartford\"><\/p>\n<p>\t\t\tRelat\u00f3rio do Capit\u00f3lio: Strava os benef\u00edcios dos trabalhadores, Hamden Mayoral Race, FMR. Pres. Obama em Hartford<br \/>\n\t\t\t\t\t\t\t\t\t\t<\/a><br \/>\n\t\t\t\t\t<\/h2>\n<p><span aria-hidden=\"true\" class=\"article-list__article-mediaicon article-list__article-mediaicon--video\"><br \/>\n\t<span class=\"article-list__article-mediaicon-svg\"><\/p>\n<p>\t\t.cls-3 {preenchimento: #fff; preenchimento-regra: parodd}<br \/>\n\t<\/span><br \/>\n\t<\/span>\n\t<\/div>\n<\/article>\n<article class=\"article-list__article\" data-article-id=\"2252953\" data-context=\"link_group\" data-index=\"2\" data-collection=\"article-list1\" data-anvato-params=\"{\"pauseontabinactive\":false}\">\n\t\t\t<!-- Next line is not the perfect\/ideal way to control hiding the items. Can revisit later. --><\/p>\n<div class=\"article-list__article-text\" data-context=\"link_group\" data-article-list-id=\"article-list1\" data-article-text-classes=\"article-list__article-text\" data-article-thumb-classes=\"article-list__article-thumb\" data-current-image-context=\"[\"16:9\",\"(max-width: 1023px) 50vw, 876px\"]\">\n<p>\t\t\t\t<a class=\"article-list__gradient-link\" href=\"https:\/\/www.wtnh.com\/on-air\/capitol-report\/capitol-report-h-b-5002-could-it-be-vetoed-by-gov-lamont\/\" data-link-type=\"content-link\" data-link-position=\"3\" data-link-pinned=\"false\" data-link-label=\"Capitol Report: H.B. 5002, could it be vetoed by Gov. Lamont?\"><br \/>\n\t\t<\/a><\/p>\n<h2 class=\"article-list__article-title\">\n\t\t\t\t\t\t\t\t\t\t\t\t\t<a href=\"https:\/\/www.wtnh.com\/on-air\/capitol-report\/capitol-report-h-b-5002-could-it-be-vetoed-by-gov-lamont\/\" class=\"article-list__article-link\" data-link-type=\"content-link\" data-link-position=\"3\" data-link-pinned=\"false\" data-link-label=\"Capitol Report: H.B. 5002, could it be vetoed by Gov. Lamont?\"><\/p>\n<p>\t\t\tRelat\u00f3rio do Capit\u00f3lio: HB 5002, poderia ser vetado por Lamont?<br \/>\n\t\t\t\t\t\t\t\t\t\t<\/a><br \/>\n\t\t\t\t\t<\/h2>\n<p><span aria-hidden=\"true\" class=\"article-list__article-mediaicon article-list__article-mediaicon--video\"><br \/>\n\t<span class=\"article-list__article-mediaicon-svg\"><\/p>\n<p>\t\t.cls-3 {preenchimento: #fff; preenchimento-regra: parodd}<br \/>\n\t<\/span><br \/>\n\t<\/span>\n\t<\/div>\n<\/article>\n<\/div>\n<\/section><\/div>\n<\/section>\n<\/div>\n<p><br \/>\n<br \/><a href=\"https:\/\/www.wtnh.com\/on-air\/capitol-report\/capitol-report-housing-bill-vetoed-nyc-mayoral-race-reactions-remembering-mark-davis\/\">Source link <\/a><\/p>","protected":false},"excerpt":{"rendered":"<p>NEW HAVEN, Connecticut (WTNH)-Nesta semana, no Relat\u00f3rio do Capit\u00f3lio, o painel discute o veto recente do governador Ned Lamont (D-CT) do HB 5002 e o senador estadual Ryan Fazio (R-CT)&hellip;<\/p>","protected":false},"author":1,"featured_media":57216,"comment_status":"closed","ping_status":"open","sticky":false,"template":"","format":"standard","meta":{"content-type":"","footnotes":""},"categories":[1],"tags":[],"class_list":["post-120802","post","type-post","status-publish","format-standard","has-post-thumbnail","hentry","category-uncategorized"],"_links":{"self":[{"href":"https:\/\/tvbrazilusa.com\/pt\/wp-json\/wp\/v2\/posts\/120802","targetHints":{"allow":["GET"]}}],"collection":[{"href":"https:\/\/tvbrazilusa.com\/pt\/wp-json\/wp\/v2\/posts"}],"about":[{"href":"https:\/\/tvbrazilusa.com\/pt\/wp-json\/wp\/v2\/types\/post"}],"author":[{"embeddable":true,"href":"https:\/\/tvbrazilusa.com\/pt\/wp-json\/wp\/v2\/users\/1"}],"replies":[{"embeddable":true,"href":"https:\/\/tvbrazilusa.com\/pt\/wp-json\/wp\/v2\/comments?post=120802"}],"version-history":[{"count":1,"href":"https:\/\/tvbrazilusa.com\/pt\/wp-json\/wp\/v2\/posts\/120802\/revisions"}],"predecessor-version":[{"id":120803,"href":"https:\/\/tvbrazilusa.com\/pt\/wp-json\/wp\/v2\/posts\/120802\/revisions\/120803"}],"wp:featuredmedia":[{"embeddable":true,"href":"https:\/\/tvbrazilusa.com\/pt\/wp-json\/wp\/v2\/media\/57216"}],"wp:attachment":[{"href":"https:\/\/tvbrazilusa.com\/pt\/wp-json\/wp\/v2\/media?parent=120802"}],"wp:term":[{"taxonomy":"category","embeddable":true,"href":"https:\/\/tvbrazilusa.com\/pt\/wp-json\/wp\/v2\/categories?post=120802"},{"taxonomy":"post_tag","embeddable":true,"href":"https:\/\/tvbrazilusa.com\/pt\/wp-json\/wp\/v2\/tags?post=120802"}],"curies":[{"name":"wp","href":"https:\/\/api.w.org\/{rel}","templated":true}]}}