{"id":120828,"date":"2025-06-30T13:38:18","date_gmt":"2025-06-30T13:38:18","guid":{"rendered":"https:\/\/tvbrazilusa.com\/2025\/06\/30\/desenvolvimento-tropical-possivel-indo-para-ferias-jacksonville-hoje\/"},"modified":"2025-06-30T13:49:05","modified_gmt":"2025-06-30T13:49:05","slug":"desenvolvimento-tropical-possivel-indo-para-ferias-jacksonville-hoje","status":"publish","type":"post","link":"https:\/\/tvbrazilusa.com\/pt\/2025\/06\/30\/desenvolvimento-tropical-possivel-indo-para-ferias-jacksonville-hoje\/","title":{"rendered":"Desenvolvimento Tropical Poss\u00edvel indo para f\u00e9rias | Jacksonville hoje"},"content":{"rendered":"<p> <script async src=\"https:\/\/pagead2.googlesyndication.com\/pagead\/js\/adsbygoogle.js?client=ca-pub-8864793242727901\"\r\n     crossorigin=\"anonymous\"><\/script><br \/>\n<\/p>\n<div>\n<p><span style=\"font-size: revert; color: initial;\">Uma \u00e1rea no Golfo Oriental e no Atl\u00e2ntico Ocidental poderia experimentar o desenvolvimento tropical nos pr\u00f3ximos sete dias, possivelmente amortecendo o fim de semana de f\u00e9rias.<\/span><\/p>\n<p><span style=\"font-size: revert; color: initial;\">O Centro Nacional de Hurricane diz que h\u00e1 20% de chance de desenvolvimento nos pr\u00f3ximos sete dias.<\/span><\/p>\n<p><span style=\"font-size: revert; color: initial;\">  No curto prazo, \u00e9 improv\u00e1vel que essa \u00e1rea experimente o desenvolvimento tropical. No entanto, podemos esperar um aumento na possibilidade de chuveiros e tempestades devido a um sistema de baixa press\u00e3o nos n\u00edveis superiores da atmosfera, o que aumentar\u00e1 a instabilidade na \u00e1rea entre ter\u00e7a e quinta-feira.<\/span><\/p>\n<figure class=\"wp-block-image size-large\"><\/figure>\n<p>Estamos monitorando de perto um sistema frontal que se mover\u00e1 lentamente para o leste sobre o pa\u00eds. A extremidade traseira desta frente pode deixar energia suficiente para tr\u00e1s perto da Fl\u00f3rida, e essa \u00e9 a energia que pode acender um sistema tropical.<\/p>\n<p>Os modelos discordam sobre esse ponto exato sobre onde o desenvolvimento tropical poderia ocorrer.<\/p>\n<p>O modelo americano descreve um centro de circula\u00e7\u00e3o muito amplo, mas indefinido. Esta ampla \u00e1rea de baixa press\u00e3o se formaria a oeste da Fl\u00f3rida sobre o Golfo Oriental.<\/p>\n<p>O modelo europeu mostra um sistema de baixa press\u00e3o restante a leste da Fl\u00f3rida, a cerca de 320 quil\u00f4metros a leste de Cape Canaveral. Esses dois modelos representam dois cen\u00e1rios muito diferentes; Eles poderiam produzir resultados opostos em rela\u00e7\u00e3o ao clima para o fim de semana de f\u00e9rias na Fl\u00f3rida.<\/p>\n<figure class=\"wp-block-image size-large\"><img decoding=\"async\" src=\"https:\/\/npr.brightspotcdn.com\/dims3\/default\/strip\/false\/crop\/934x520+0+0\/resize\/1200\/quality\/75\/format\/webp\/?url=http%3A%2F%2Fnpr-brightspot.s3.amazonaws.com%2F11%2F34%2Fc9ec29b948dba60dccc59d78162c%2Fsnip20250622-5.png\"\/><\/figure>\n<p>Se o modelo americano verificar e uma tempestade se desenvolver sobre o Golfo, pode haver aumento da atividade de chuva para a Pen\u00ednsula da Fl\u00f3rida durante o fim de semana de f\u00e9rias. Se o modelo europeu for confirmado, \u00e9 prov\u00e1vel que as condi\u00e7\u00f5es permane\u00e7am mais secas que o normal no fim de semana de 4 de julho.<\/p>\n<p>Devemos continuar monitorando o progresso do sistema frontal, que injetar\u00e1 e fornecer\u00e1 energia suficiente perto da Fl\u00f3rida. Nesse ponto, \u00e9 imposs\u00edvel saber exatamente onde e se, uma tempestade poderia se formar.<\/p>\n<\/div>\n<p><br \/>\n<br \/><a href=\"https:\/\/jaxtoday.org\/2025\/06\/30\/tropical-development-possible-heading-into-holiday\/\">Source link <\/a><\/p>","protected":false},"excerpt":{"rendered":"<p>Uma \u00e1rea no Golfo Oriental e no Atl\u00e2ntico Ocidental poderia experimentar o desenvolvimento tropical nos pr\u00f3ximos sete dias, possivelmente amortecendo o fim de semana de f\u00e9rias. O Centro Nacional de&hellip;<\/p>","protected":false},"author":1,"featured_media":120829,"comment_status":"closed","ping_status":"open","sticky":false,"template":"","format":"standard","meta":{"content-type":"","footnotes":""},"categories":[1],"tags":[1360,33733,33734,33730,33731,33735,33732,1267,1268,33792,33793,33780,33794,33795,33796,33797,33798,33799,33736,33800],"class_list":["post-120828","post","type-post","status-publish","format-standard","has-post-thumbnail","hentry","category-uncategorized","tag-clima","tag-clima-severo-fpren","tag-clima-tropical-fpren","tag-fpren","tag-fpren-seca-e-incendio","tag-hurricanestrong","tag-inundacoes-fpren-e-chuva-forte","tag-noticias","tag-noticias-do-estado","tag-wfit","tag-wfsu","tag-wgcu","tag-wjct-fpren","tag-wkgc","tag-wlrn","tag-wmfe","tag-wqcs","tag-wuft","tag-wusf","tag-wuwf"],"_links":{"self":[{"href":"https:\/\/tvbrazilusa.com\/pt\/wp-json\/wp\/v2\/posts\/120828","targetHints":{"allow":["GET"]}}],"collection":[{"href":"https:\/\/tvbrazilusa.com\/pt\/wp-json\/wp\/v2\/posts"}],"about":[{"href":"https:\/\/tvbrazilusa.com\/pt\/wp-json\/wp\/v2\/types\/post"}],"author":[{"embeddable":true,"href":"https:\/\/tvbrazilusa.com\/pt\/wp-json\/wp\/v2\/users\/1"}],"replies":[{"embeddable":true,"href":"https:\/\/tvbrazilusa.com\/pt\/wp-json\/wp\/v2\/comments?post=120828"}],"version-history":[{"count":1,"href":"https:\/\/tvbrazilusa.com\/pt\/wp-json\/wp\/v2\/posts\/120828\/revisions"}],"predecessor-version":[{"id":120830,"href":"https:\/\/tvbrazilusa.com\/pt\/wp-json\/wp\/v2\/posts\/120828\/revisions\/120830"}],"wp:featuredmedia":[{"embeddable":true,"href":"https:\/\/tvbrazilusa.com\/pt\/wp-json\/wp\/v2\/media\/120829"}],"wp:attachment":[{"href":"https:\/\/tvbrazilusa.com\/pt\/wp-json\/wp\/v2\/media?parent=120828"}],"wp:term":[{"taxonomy":"category","embeddable":true,"href":"https:\/\/tvbrazilusa.com\/pt\/wp-json\/wp\/v2\/categories?post=120828"},{"taxonomy":"post_tag","embeddable":true,"href":"https:\/\/tvbrazilusa.com\/pt\/wp-json\/wp\/v2\/tags?post=120828"}],"curies":[{"name":"wp","href":"https:\/\/api.w.org\/{rel}","templated":true}]}}