{"id":120869,"date":"2025-06-30T20:29:22","date_gmt":"2025-06-30T20:29:22","guid":{"rendered":"https:\/\/tvbrazilusa.com\/2025\/06\/30\/familia-de-connecticut-man-com-als-que-morreu-na-prisao-arquiva-o-processo-federal-por-us-100-milhoes\/"},"modified":"2025-06-30T20:33:01","modified_gmt":"2025-06-30T20:33:01","slug":"familia-de-connecticut-man-com-als-que-morreu-na-prisao-arquiva-o-processo-federal-por-us-100-milhoes","status":"publish","type":"post","link":"https:\/\/tvbrazilusa.com\/pt\/2025\/06\/30\/familia-de-connecticut-man-com-als-que-morreu-na-prisao-arquiva-o-processo-federal-por-us-100-milhoes\/","title":{"rendered":"Fam\u00edlia de Connecticut Man com ALS que morreu na pris\u00e3o arquiva o processo federal por US $ 100 milh\u00f5es"},"content":{"rendered":"<script async src=\"https:\/\/pagead2.googlesyndication.com\/pagead\/js\/adsbygoogle.js?client=ca-pub-8864793242727901\"\r\n     crossorigin=\"anonymous\"><\/script>\n<p>Bridgeport, Connecticut (WTNH) &#8211; Uma fam\u00edlia de Connecticut arquivou <a href=\"https:\/\/www.wtnh.com\/wp-content\/uploads\/sites\/100\/2025\/06\/Bracey-Complaint.pdf\" data-type=\"link\" data-id=\"chrome-extension:\/\/efaidnbmnnnibpcajpcglclefindmkaj\/https:\/\/www.wtnh.com\/wp-content\/uploads\/sites\/100\/2025\/06\/Bracey-Complaint.pdf\" target=\"_blank\" rel=\"noreferrer noopener\">um processo federal de morte por neglig\u00eancia<\/a> Depois de aprender seu ente querido, morreu enquanto sob cust\u00f3dia em uma pris\u00e3o estadual. O processo segue o <a href=\"https:\/\/www.wtnh.com\/wp-content\/uploads\/sites\/100\/2025\/06\/BCC-Death-Report-April-2025.pdf\" target=\"_blank\" rel=\"noreferrer noopener\">libera\u00e7\u00e3o dos resultados<\/a> de uma investiga\u00e7\u00e3o de quase tr\u00eas anos no in\u00edcio deste ano.<\/p>\n<p>O processo, arquivado pelo patrim\u00f4nio de Robert Bracey, nomeia o Departamento de Corre\u00e7\u00e3o de Connecticut (DOC), seu comiss\u00e1rio Angel Quiros e v\u00e1rias enfermeiras, tenentes e um oficial correcional como r\u00e9us.<\/p>\n<p>Ele alega &#8220;nega\u00e7\u00e3o e atraso nos cuidados m\u00e9dicos, violando o oitavo e a d\u00e9cima quarta altera\u00e7\u00f5es \u00e0 Constitui\u00e7\u00e3o dos Estados Unidos. Todos os r\u00e9us agiram com desrespeito devastado pela vida dos autores, de forma imprudente e maliciosa. Essa a\u00e7\u00e3o surge com a morte de Robert Cris, que \u00e9 um dos finais, com um dos magodiais, com a morte, que \u00e9 um sist\u00eamico e a morte de Robert e um sist\u00eamico, com um mec\u00e2nico, cujo fatal preven\u00edvel, que \u00e9 um doscenos e fatais, cujo fatal preven\u00edvel, que \u00e9 um doscenos e fatais, cujo f\u00e1tuo previamente f\u00e1tu indiferen\u00e7a dos atores do estado. &#8220;<\/p>\n<p>De acordo com <a href=\"https:\/\/www.wtnh.com\/wp-content\/uploads\/sites\/100\/2025\/06\/Bracey-Complaint.pdf\" target=\"_blank\" rel=\"noreferrer noopener\">a queixa<\/a>A fam\u00edlia de Bracey est\u00e1 buscando US $ 100 milh\u00f5es por danos compensat\u00f3rios e punitivos por &#8220;morte por neglig\u00eancia, dor e sofrimento, sofrimento emocional e indiferen\u00e7a deliberada&#8221; e &#8220;considera\u00e7\u00e3o imprudente pela vida e falsifica\u00e7\u00e3o de registros post mortem&#8221;.<\/p>\n<p>A fam\u00edlia diz que s\u00f3 tem a capacidade de entrar com o processo no n\u00edvel federal &#8220;porque passamos o tempo obrigat\u00f3rio do estado para entrar com uma a\u00e7\u00e3o. N\u00e3o conseguimos nada por quase tr\u00eas anos &#8230; dois anos \u00e9 o estatuto para registrar qualquer tipo de a\u00e7\u00e3o no estado&#8221;, disse o irm\u00e3o de Bracey, Beinson. <\/p>\n<p>UM <a href=\"https:\/\/www.wtnh.com\/wp-content\/uploads\/sites\/100\/2025\/06\/BCC-Death-Report-April-2025.pdf\" target=\"_blank\" rel=\"noreferrer noopener\">Investiga\u00e7\u00e3o de quase tr\u00eas anos por direitos de invalidez Connecticut<\/a> (DRC)<span style=\"margin: 0px;padding: 0px\"> descobriram que v\u00e1rios funcion\u00e1rios do Departamento de Corre\u00e7\u00e3o de Connecticut cometeram neglig\u00eancia m\u00e9dica, falsifica\u00e7\u00e3o de registros e Vio<\/span>As leis, pol\u00edticas e procedimentos federais e estaduais classificados. As alega\u00e7\u00f5es se concentram em torno dos funcion\u00e1rios que est\u00e3o cientes da batalha de Bracey com a ALS avan\u00e7ada (\u00e0s vezes chamada de doen\u00e7a de Lou Gehrig), mas n\u00e3o fornecendo a ele os suplementos diet\u00e9ticos necess\u00e1rios para sua ingest\u00e3o de comida e bebida. Ele tamb\u00e9m alega que os enfermeiros e os funcion\u00e1rios do DOC viu Bracey mentindo sem resposta em sua cela, mas esperou quase 20 minutos antes de tentar medidas de salvar vidas.   <\/p>\n<p>Falando ao News 8, a perda dolorosa ainda est\u00e1 gravada nos rostos da fam\u00edlia Bracey. A filha de Bracey, Robyn, diz que seu pai estava morando com ela at\u00e9 que ele fosse preso. <\/p>\n<p>Ela o descreve como &#8220;feliz&#8221; e &#8220;amoroso, algu\u00e9m que lhe daria a camisa das costas &#8230; ele \u00e9 um homem especial. Tudo sobre ele&#8221;.<\/p>\n<p>Pai de cinco anos, o irm\u00e3o e o av\u00f4 tamb\u00e9m foram reconhecidos como um volunt\u00e1rio impactante em sua comunidade atrav\u00e9s da colabora\u00e7\u00e3o de reentrada de Bridgeport. A organiza\u00e7\u00e3o trabalha para atender \u00e0s necessidades daqueles que voltam para casa do encarceramento. <\/p>\n<p>&#8220;Ele tem certificados do sen. Blumenthal&#8221;, disse Beinson. &#8220;Ele me ligava e dizia: &#8216;Bro, estou aqui em Connecticut, trabalhando na comunidade. Ganhei o volunt\u00e1rio do m\u00eas&#8217;, e isso \u00e9 com a ALS&#8221;.<\/p>\n<p>A fam\u00edlia de Bracey diz ao News 8 que seu ente querido teve uma batalha cont\u00ednua com o v\u00edcio em opi\u00f3ides, algo para o qual ele se voltou para aliviar a dor de seus sintomas da ALS. Em 24 de junho de 2022, Bracey foi preso no Centro Correcional de Bridgeport (BCC) por v\u00e1rios delitos, incluindo a posse de uma subst\u00e2ncia controlada, bem como um crime n\u00e3o classificado.<\/p>\n<p>&#8220;Ele entrou l\u00e1 respirando e, literalmente, 19 horas depois, saiu em uma bolsa&#8221;, disse Beinson Bracey. <\/p>\n<p>Os direitos de invalidez Connecticut s\u00e3o a \u00fanica organiza\u00e7\u00e3o sem fins lucrativos do estado exigida pela lei federal para &#8220;proteger os direitos daqueles que vivem com uma variedade de defici\u00eancias&#8221;, de acordo com a advogada de supervis\u00e3o Rachel Mirsky. <\/p>\n<p>Usando uma ampla variedade de evid\u00eancias, incluindo relat\u00f3rios internos de investiga\u00e7\u00e3o de documentos, registros m\u00e9dicos e n\u00e3o m\u00e9dicos de Bracey, vigil\u00e2ncia por v\u00eddeo e entrevistas com testemunhas, a DRC investigou a morte de Bracey. O relat\u00f3rio, que lista Bracey como &#8216;John Doe&#8217;, encontrou &#8220;a equipe de enfermagem sabia sobre os diagn\u00f3sticos (de Bracey) de ALS e retirada de opi\u00e1ceos&#8221;, mas n\u00e3o conseguiu administrar os cuidados apropriados. Os exemplos incluem funcion\u00e1rios que n\u00e3o o &#8220;observam em sua cela, apesar de saber que ele corria o risco de sufocar e aspira\u00e7\u00e3o&#8221; ou dar a ele &#8220;um espessante necess\u00e1rio para garantir que ele pudesse beber com seguran\u00e7a&#8221;. <\/p>\n<p>Bracey foi encontrado morto em sua cela em 25 de junho de 2022. O escrit\u00f3rio de Connecticut do m\u00e9dico legista descobriu que Bracey morreu de complica\u00e7\u00f5es relacionadas ao uso de opi\u00f3ides. <\/p>\n<p>&#8220;Infelizmente, Bracey era um cavalheiro que se envolveu nisso&#8221;, disse Mirsky. &#8220;Isso n\u00e3o significa que ele n\u00e3o merece se importar.&#8221;<\/p>\n<p>No momento de sua morte, o relat\u00f3rio dizia que os biscoitos foram encontrados na cama de Bracey, apesar do fato de ele n\u00e3o ter dentes para mastig\u00e1 -los adequadamente. Ele tamb\u00e9m diz que Bracey vomitou ao lado dele quando os funcion\u00e1rios o encontraram sem resposta. <\/p>\n<p>De acordo com <a href=\"https:\/\/www.wtnh.com\/wp-content\/uploads\/sites\/100\/2025\/06\/BCC-Death-Report-April-2025.pdf\">a investiga\u00e7\u00e3o da RDC<\/a> Liderado por Mirsky, &#8220;tr\u00eas enfermeiras licenciadas, dois tenentes e um oficial correcional n\u00e3o administraram a RCP a John Doe depois que ele foi encontrado sem resposta. Dezenove minutos se passaram antes do in\u00edcio dos funcion\u00e1rios&#8221;. <\/p>\n<p>O relat\u00f3rio continua listando v\u00e1rios casos de falsifica\u00e7\u00e3o de documentos. Em um caso, uma enfermeira supostamente documentou falsamente que havia realizado uma avalia\u00e7\u00e3o cl\u00ednica dos sintomas de abstin\u00eancia de opi\u00e1ceos de Bracey quando nunca realizou a avalia\u00e7\u00e3o. Em outro caso, v\u00e1rios oficiais do DOC supostamente documentaram passeios de seguran\u00e7a da instala\u00e7\u00e3o que nunca ocorreram &#8220;com a inten\u00e7\u00e3o de enganar&#8221;. <\/p>\n<p>O <a href=\"https:\/\/www.wtnh.com\/wp-content\/uploads\/sites\/100\/2025\/06\/BCC-Death-Report-April-2025.pdf\" target=\"_blank\" rel=\"noreferrer noopener\">A investiga\u00e7\u00e3o tamb\u00e9m encontrou<\/a> que um t\u00e9cnico m\u00e9dico de emerg\u00eancia licenciado pago pelo DOC &#8220;n\u00e3o forneceu medidas de salvamento para vidas&#8221;. Esta parte do relat\u00f3rio, al\u00e9m da falsifica\u00e7\u00e3o de registros, foi categorizada como uma viola\u00e7\u00e3o da lei estadual. <\/p>\n<p>&#8220;Como uma combina\u00e7\u00e3o de funcion\u00e1rios m\u00e9dicos e n\u00e3o m\u00e9dicos, funcion\u00e1rios de corre\u00e7\u00e3o, que ficavam \u00e0 sua c\u00e9lula n\u00e3o fazendo nada, quando eles poderiam ter tentado medidas que salvam vidas&#8221;, disse Mirsky. &#8220;Isso \u00e9 muito preocupante.&#8221;<\/p>\n<p>Um porta -voz do Departamento de Corre\u00e7\u00e3o de Connecticut disse ao News 8 em comunicado: &#8220;No que diz respeito ao relat\u00f3rio dos direitos de incapacidade de Connecticut, \u00e9 a pol\u00edtica de longa data do Departamento de Corre\u00e7\u00f5es que se abstenha de comentar sobre quest\u00f5es de lit\u00edgios ativos ou potenciais.<\/p>\n<p>O News 8 tamb\u00e9m alcan\u00e7ou o ombudsman de corre\u00e7\u00e3o Devaughn Ward, que escreveu: &#8220;As circunst\u00e2ncias que cercam a morte de Robert Bracey, conforme descrito no relat\u00f3rio dos direitos de incapacidade, est\u00e3o preocupantes. Nosso escrit\u00f3rio est\u00e1 revisando todas as altera\u00e7\u00f5es e responsabilidades, se houver, se houver, mais apropriados e compensarem que se mantenhamos com base em que a autoridade \u00e9 que se mantenhamos com base em que a autoridade de que se destacamos, se houver, se houver, se forem de acordo com as altera\u00e7\u00f5es que se destacam e, se houver.<\/p>\n<p>Notavelmente, uma das recomenda\u00e7\u00f5es centrais do relat\u00f3rio &#8211; que o Departamento de Corre\u00e7\u00e3o conduz uma revis\u00e3o abrangente dos servi\u00e7os de sa\u00fade que presta a indiv\u00edduos encarcerados, incluindo pol\u00edticas que regem os cuidados especializados para pessoas com defici\u00eancia &#8211; j\u00e1 est\u00e1 sendo abordada. Tanto o departamento quanto o nosso escrit\u00f3rio est\u00e3o realizando revis\u00f5es independentes separadas dos servi\u00e7os de sa\u00fade correcionais. Espera -se que as conclus\u00f5es da revis\u00e3o do Ombuds Office sejam divulgadas antes da sess\u00e3o legislativa de 2026 &#8220;.<\/p>\n<p>Enquanto isso, a fam\u00edlia de Bracey est\u00e1 pedindo reforma legislativa que inclua mais treinamento para a equipe m\u00e9dica. De acordo com um consultor de enfermagem em <a href=\"https:\/\/www.wtnh.com\/wp-content\/uploads\/sites\/100\/2025\/06\/BCC-Death-Report-April-2025.pdf\" target=\"_blank\" rel=\"noreferrer noopener\">o relat\u00f3rio da DRC<\/a>Os exerc\u00edcios de RCP n\u00e3o foram realizados no BCC, nem foram conclu\u00eddos no DOC em todo o estado desde 2018. <\/p>\n<p>Quando se trata da morte de seu pai, Robyn Bracey disse ao News 8: &#8220;Depois de ler esse relat\u00f3rio e ter que reviver tudo novamente e confirmar minhas suspeitas &#8230; eu sei que isso poderia ter sido impedido&#8221;.<\/p>\n<p>&#8220;Pense nisso como se fosse sua amada&#8221;, disse ela. &#8220;Apesar de tudo o que eles est\u00e3o passando, o que eles est\u00e3o l\u00e1, se voc\u00ea tem uma doen\u00e7a, voc\u00ea os ajuda. Voc\u00ea fez esse juramento para proteger e servir, fa\u00e7a isso. N\u00e3o seja sobre um sal\u00e1rio. Cuide dessas pessoas, melhore, fa\u00e7a a mudan\u00e7a. Voc\u00eas o tratou menos que um animal, e isso n\u00e3o est\u00e1 certo. Ele n\u00e3o merece isso.&#8221; <\/p>\n<p><strong>Entrevista prolongada<\/strong><\/p>\n<p>A entrevista prolongada abaixo foi registrada antes do News 8 receber uma resposta do DOC.<\/p>\n<p><br \/>\n<br \/><a href=\"https:\/\/www.wtnh.com\/news\/connecticut\/fairfield\/family-of-connecticut-man-with-als-who-died-in-prison-files-federal-lawsuit-for-100-million\/\">Source link <\/a><\/p>","protected":false},"excerpt":{"rendered":"<p>Bridgeport, Connecticut (WTNH) &#8211; Uma fam\u00edlia de Connecticut arquivou um processo federal de morte por neglig\u00eancia Depois de aprender seu ente querido, morreu enquanto sob cust\u00f3dia em uma pris\u00e3o estadual.&hellip;<\/p>","protected":false},"author":1,"featured_media":120870,"comment_status":"closed","ping_status":"open","sticky":false,"template":"","format":"standard","meta":{"content-type":"","footnotes":""},"categories":[1],"tags":[],"class_list":["post-120869","post","type-post","status-publish","format-standard","has-post-thumbnail","hentry","category-uncategorized"],"_links":{"self":[{"href":"https:\/\/tvbrazilusa.com\/pt\/wp-json\/wp\/v2\/posts\/120869","targetHints":{"allow":["GET"]}}],"collection":[{"href":"https:\/\/tvbrazilusa.com\/pt\/wp-json\/wp\/v2\/posts"}],"about":[{"href":"https:\/\/tvbrazilusa.com\/pt\/wp-json\/wp\/v2\/types\/post"}],"author":[{"embeddable":true,"href":"https:\/\/tvbrazilusa.com\/pt\/wp-json\/wp\/v2\/users\/1"}],"replies":[{"embeddable":true,"href":"https:\/\/tvbrazilusa.com\/pt\/wp-json\/wp\/v2\/comments?post=120869"}],"version-history":[{"count":1,"href":"https:\/\/tvbrazilusa.com\/pt\/wp-json\/wp\/v2\/posts\/120869\/revisions"}],"predecessor-version":[{"id":120871,"href":"https:\/\/tvbrazilusa.com\/pt\/wp-json\/wp\/v2\/posts\/120869\/revisions\/120871"}],"wp:featuredmedia":[{"embeddable":true,"href":"https:\/\/tvbrazilusa.com\/pt\/wp-json\/wp\/v2\/media\/120870"}],"wp:attachment":[{"href":"https:\/\/tvbrazilusa.com\/pt\/wp-json\/wp\/v2\/media?parent=120869"}],"wp:term":[{"taxonomy":"category","embeddable":true,"href":"https:\/\/tvbrazilusa.com\/pt\/wp-json\/wp\/v2\/categories?post=120869"},{"taxonomy":"post_tag","embeddable":true,"href":"https:\/\/tvbrazilusa.com\/pt\/wp-json\/wp\/v2\/tags?post=120869"}],"curies":[{"name":"wp","href":"https:\/\/api.w.org\/{rel}","templated":true}]}}