{"id":120884,"date":"2025-06-30T21:40:18","date_gmt":"2025-06-30T21:40:18","guid":{"rendered":"https:\/\/tvbrazilusa.com\/2025\/06\/30\/percy-golden-ii-nomeou-o-novo-chefe-de-bombeiros-de-jacksonville-jacksonville-hoje\/"},"modified":"2025-06-30T21:48:29","modified_gmt":"2025-06-30T21:48:29","slug":"percy-golden-ii-nomeou-o-novo-chefe-de-bombeiros-de-jacksonville-jacksonville-hoje","status":"publish","type":"post","link":"https:\/\/tvbrazilusa.com\/pt\/2025\/06\/30\/percy-golden-ii-nomeou-o-novo-chefe-de-bombeiros-de-jacksonville-jacksonville-hoje\/","title":{"rendered":"Percy Golden II nomeou o novo chefe de bombeiros de Jacksonville | Jacksonville hoje"},"content":{"rendered":"<p> <script async src=\"https:\/\/pagead2.googlesyndication.com\/pagead\/js\/adsbygoogle.js?client=ca-pub-8864793242727901\"\r\n     crossorigin=\"anonymous\"><\/script><br \/>\n<\/p>\n<div>\n<p>Jacksonville tem um novo chefe de bombeiros-Percy Golden II, um veterano de 21 anos do Departamento de Inc\u00eandio e Resgate de Jacksonville.<\/p>\n<p>A prefeita Donna Deegan anunciou a nomea\u00e7\u00e3o durante uma entrevista coletiva na segunda -feira como a chefe anterior, Keith Powers, assistiu da plat\u00e9ia.<\/p>\n<p>Golden, formado em Sandalwood High School, foi vice -chefe de divis\u00e3o de prepara\u00e7\u00e3o para emerg\u00eancias. Seu pai \u00e9 o capel\u00e3o do sindicato dos bombeiros e o atual diretor de incidentes. Seu irm\u00e3o tamb\u00e9m est\u00e1 no departamento.<\/p>\n<p>&#8220;Isso \u00e9 importante para a nossa fam\u00edlia, n\u00e3o apenas meu pai, seguindo os passos do meu pai, mas meu irm\u00e3o tamb\u00e9m est\u00e1 no corpo de bombeiros e segue seus passos&#8221;, disse Golden. &#8220;Apenas observando -o ao longo dos anos, estar na fam\u00edlia do corpo de bombeiros, vendo a camaradagem, os relacionamentos que ele construiu ao longo dos anos, apenas me atraiu para esse departamento &#8211; apenas sendo capaz de ajudar as pessoas&#8221;. <\/p>\n<p>Golden se torna apenas o segundo chefe de bombeiros negros da hist\u00f3ria de Jacksonville. Sua nomea\u00e7\u00e3o ocorre 30 anos depois que Ray Alfred foi recrutado em Washington, DC, pelo ent\u00e3o prefeito John Delaney.<\/p>\n<p>Ao anunciar a escolha do Golden, de 44 anos, Deegan disse que todos os cinco finalistas do cargo falavam sobre como esta cidade tem um corpo de bombeiros de homens e mulheres mais jovens agora.<\/p>\n<p>&#8220;\u00c0 medida que o departamento continua a crescer, \u00e9 essencial que tenhamos um chefe que se conectasse com os homens e mulheres corajosos que colocam suas vidas na fila dia ap\u00f3s dia&#8221;, disse Deegan antes de anunciar o nome de Golden, afastando aplausos e aplausos na plat\u00e9ia.<\/p>\n<p>&#8220;Acho que eles gostam de voc\u00ea, chefe&#8221;, disse Deegan a Golden. \u201cEu tive a oportunidade de trabalhar com ele de perto no (centro de opera\u00e7\u00f5es de emerg\u00eancia) e posso dizer que ele est\u00e1 calmo e fresco sob press\u00e3o. Ele liderou grandes projetos com muitas partes m\u00f3veis e grandes funcion\u00e1rios, e ele tem sido um consultor confi\u00e1vel em v\u00e1rios cen\u00e1rios de emerg\u00eancia. O chefe de ouro nunca para de aprender. Adoro isso sobre ele.\u201d<\/p>\n<p>A busca por um novo chefe come\u00e7ou quando os poderes <a href=\"https:\/\/jaxtoday.org\/2025\/05\/15\/jacksonville-fire-chief-keith-powers-announces-retirement\/\">anunciou sua aposentadoria<\/a> Em maio, depois de 29 anos com o departamento, seis dos que o lideram. Sua aposentadoria foi efetiva no domingo. <\/p>\n<p>Dezessete candidatos solicitaram o cargo, e as entrevistas foram realizadas com todos eles antes <a href=\"https:\/\/jaxtoday.org\/2025\/06\/25\/new-jacksonville-fire-chief-could-be-selected-this-week\/\">Cinco finalistas foram selecionados:<\/a><\/p>\n<ul class=\"wp-block-list\">\n<li>Dourado.<\/li>\n<li>Vice -Chefe da Divis\u00e3o de Preven\u00e7\u00e3o de Inc\u00eandio, Damian Bell.<\/li>\n<li>Chefe da Divis\u00e3o de Resgate Jake Blanton.<\/li>\n<li>Chefe do Batalh\u00e3o Darin Hooten.<\/li>\n<li>Vice -diretora Willie King.<\/li>\n<\/ul>\n<p>Deegan entrevistou esses cinco. Ela tamb\u00e9m selecionou Blanton como vice -chefe.<\/p>\n<p>O curr\u00edculo de Golden e a carta de apresenta\u00e7\u00e3o citaram sua &#8220;extensa experi\u00eancia&#8221; em combate a inc\u00eandios, al\u00e9m de lideran\u00e7a, servi\u00e7os m\u00e9dicos de emerg\u00eancia e gerenciamento de emerg\u00eancia ao longo de 21 anos. Ele serviu como bombeiro e param\u00e9dico e citou seu trabalho no desenvolvimento e implementa\u00e7\u00e3o de programas de prepara\u00e7\u00e3o para emerg\u00eancias<\/p>\n<p>&#8220;Ao longo da minha carreira na JFRD, tenho um hist\u00f3rico comprovado de v\u00e1rios pap\u00e9is de liderar com sucesso as opera\u00e7\u00f5es de combate a inc\u00eandios, garantindo a seguran\u00e7a e o bem-estar do pessoal e do p\u00fablico&#8221;, disse sua carta de apresenta\u00e7\u00e3o. &#8220;Durante meu tempo como capit\u00e3o do quartel de bombeiros, gerenciei com sucesso v\u00e1rias equipes de bombeiros, supervisionando seu desenvolvimento e desempenho de treinamento&#8221;.<\/p>\n<p>Entre os empregos que Golden destacou, estavam coordenando e gerenciando a resposta Covid-19 do departamento de 2019 a 2021; liderando uma equipe de emerg\u00eancia a Fort Myers e Sanibel Island ap\u00f3s o furac\u00e3o Ian em 2022; e liderando a implementa\u00e7\u00e3o dos dois \u00faltimos Jax Ready Fests. <\/p>\n<p>&#8220;Este foi um processo competitivo&#8221;, disse Deegan. &#8220;Mas o chefe se destacou n\u00e3o apenas por ter uma compreens\u00e3o de todas as \u00e1reas que precis\u00e1vamos que ele tivesse uma compreens\u00e3o, mas parecia realmente ter uma vis\u00e3o para esse departamento e empolgado em seguir em frente.&#8221;<\/p>\n<p>Questionado sobre quais ser\u00e3o suas prioridades quando ele substitui o Powers, Golden disse que a atual temporada de furac\u00f5es j\u00e1 foi discutida.<\/p>\n<p>&#8220;N\u00f3s analisamos tudo isso, e o processo or\u00e7ament\u00e1rio est\u00e1 chegando, ent\u00e3o estou me preparando para isso&#8221;, disse Golden. &#8220;Uma grande pe\u00e7a para mim \u00e9 proteger os homens e mulheres deste departamento e dar a eles o equipamento necess\u00e1rio para proteger esta cidade. Vamos analisar o treinamento e alguns problemas financeiros que podemos controlar.&#8221;<\/p>\n<p>O pai de Golden \u00e9 o capel\u00e3o da uni\u00e3o do bombeiro desde 2007 e capel\u00e3o do corpo de bombeiros por muitos anos. O Jacksonville <a href=\"http:\/\/jfrd.com\/?zone=\/unionactive\/officers.cfm\" rel=\"nofollow noopener\" target=\"_blank\">Site da Associa\u00e7\u00e3o de Bombeiros<\/a> Disse que Golden possui um doutorado em divindade e \u00e9 bispo e pastor da Santa Igreja do Centro de Revival de Deus Vivo. <\/p>\n<p>Deegan agradeceu a Powers por seus anos de lideran\u00e7a e servi\u00e7o. Ela tamb\u00e9m fez essas mudan\u00e7as administrativas: King foi nomeado gerente de iniciativas estrat\u00e9gicas; Dallas Cooke como chefe de resgate; James Schaudel como vice -chefe de prepara\u00e7\u00e3o para emerg\u00eancias; Terrance Holmes como vice -chefe de opera\u00e7\u00f5es de inc\u00eandio; e Chris Scott como vice -chefe de servi\u00e7os administrativos.<\/p>\n<p>O Conselho da Cidade deve confirmar todas as sele\u00e7\u00f5es.<\/p>\n<\/div>\n<p><br \/>\n<br \/><a href=\"https:\/\/jaxtoday.org\/2025\/06\/30\/percy-golden-ii-named-jacksonvilles-new-fire-chief\/\">Source link <\/a><\/p>","protected":false},"excerpt":{"rendered":"<p>Jacksonville tem um novo chefe de bombeiros-Percy Golden II, um veterano de 21 anos do Departamento de Inc\u00eandio e Resgate de Jacksonville. A prefeita Donna Deegan anunciou a nomea\u00e7\u00e3o durante&hellip;<\/p>","protected":false},"author":1,"featured_media":120885,"comment_status":"closed","ping_status":"open","sticky":false,"template":"","format":"standard","meta":{"content-type":"","footnotes":""},"categories":[1],"tags":[],"class_list":["post-120884","post","type-post","status-publish","format-standard","has-post-thumbnail","hentry","category-uncategorized"],"_links":{"self":[{"href":"https:\/\/tvbrazilusa.com\/pt\/wp-json\/wp\/v2\/posts\/120884","targetHints":{"allow":["GET"]}}],"collection":[{"href":"https:\/\/tvbrazilusa.com\/pt\/wp-json\/wp\/v2\/posts"}],"about":[{"href":"https:\/\/tvbrazilusa.com\/pt\/wp-json\/wp\/v2\/types\/post"}],"author":[{"embeddable":true,"href":"https:\/\/tvbrazilusa.com\/pt\/wp-json\/wp\/v2\/users\/1"}],"replies":[{"embeddable":true,"href":"https:\/\/tvbrazilusa.com\/pt\/wp-json\/wp\/v2\/comments?post=120884"}],"version-history":[{"count":1,"href":"https:\/\/tvbrazilusa.com\/pt\/wp-json\/wp\/v2\/posts\/120884\/revisions"}],"predecessor-version":[{"id":120886,"href":"https:\/\/tvbrazilusa.com\/pt\/wp-json\/wp\/v2\/posts\/120884\/revisions\/120886"}],"wp:featuredmedia":[{"embeddable":true,"href":"https:\/\/tvbrazilusa.com\/pt\/wp-json\/wp\/v2\/media\/120885"}],"wp:attachment":[{"href":"https:\/\/tvbrazilusa.com\/pt\/wp-json\/wp\/v2\/media?parent=120884"}],"wp:term":[{"taxonomy":"category","embeddable":true,"href":"https:\/\/tvbrazilusa.com\/pt\/wp-json\/wp\/v2\/categories?post=120884"},{"taxonomy":"post_tag","embeddable":true,"href":"https:\/\/tvbrazilusa.com\/pt\/wp-json\/wp\/v2\/tags?post=120884"}],"curies":[{"name":"wp","href":"https:\/\/api.w.org\/{rel}","templated":true}]}}