{"id":121017,"date":"2025-07-02T20:33:46","date_gmt":"2025-07-02T20:33:46","guid":{"rendered":"https:\/\/tvbrazilusa.com\/2025\/07\/02\/alteracoes-no-imposto-sobre-carros-em-connecticut-voce-e-afetado\/"},"modified":"2025-07-02T20:39:06","modified_gmt":"2025-07-02T20:39:06","slug":"alteracoes-no-imposto-sobre-carros-em-connecticut-voce-e-afetado","status":"publish","type":"post","link":"https:\/\/tvbrazilusa.com\/pt\/2025\/07\/02\/alteracoes-no-imposto-sobre-carros-em-connecticut-voce-e-afetado\/","title":{"rendered":"Altera\u00e7\u00f5es no imposto sobre carros em Connecticut: Voc\u00ea \u00e9 afetado?"},"content":{"rendered":"<script async src=\"https:\/\/pagead2.googlesyndication.com\/pagead\/js\/adsbygoogle.js?client=ca-pub-8864793242727901\"\r\n     crossorigin=\"anonymous\"><\/script>\n<p>NEW HAVEN, Connecticut (WTNH) &#8211; Uma mudan\u00e7a na maneira como os carros s\u00e3o tributados em Connecticut est\u00e1 chutando este ano. <\/p>\n<div class=\"nlp-ignore-block article-content rich-text\">\n<aside class=\"promo-link\">\n\t<a href=\"https:\/\/www.wtnh.com\/news\/connecticut\/new-laws-go-into-effect-july-1-2025-in-connecticut\/?ipid=promo-link-block1\" class=\"promo-link__link\" target=\"\"_blank\"\"><\/p>\n<p>\t\tAqui est\u00e3o novas leis que entram em vigor em 1\u00ba de julho em Connecticut\t<\/a><br \/>\n<\/aside>\n<\/div>\n<p>Tudo depende de que tipo de carro voc\u00ea dirige e onde mora. Os munic\u00edpios geralmente dependem da receita desses impostos. Alguns moradores relataram aumentos em seus impostos, enquanto outros relataram cortes de impostos. <\/p>\n<p>Descubra se voc\u00ea \u00e9 afetado, viva \u00e0s 17h <\/p>\n<p><br \/>\n<br \/><a href=\"https:\/\/www.wtnh.com\/news\/connecticut\/new-haven\/car-tax-changes-in-connecticut-are-you-affected\/\">Source link <\/a><\/p>","protected":false},"excerpt":{"rendered":"<p>NEW HAVEN, Connecticut (WTNH) &#8211; Uma mudan\u00e7a na maneira como os carros s\u00e3o tributados em Connecticut est\u00e1 chutando este ano. Aqui est\u00e3o novas leis que entram em vigor em 1\u00ba&hellip;<\/p>","protected":false},"author":1,"featured_media":121018,"comment_status":"closed","ping_status":"open","sticky":false,"template":"","format":"standard","meta":{"content-type":"","footnotes":""},"categories":[1],"tags":[],"class_list":["post-121017","post","type-post","status-publish","format-standard","has-post-thumbnail","hentry","category-uncategorized"],"_links":{"self":[{"href":"https:\/\/tvbrazilusa.com\/pt\/wp-json\/wp\/v2\/posts\/121017","targetHints":{"allow":["GET"]}}],"collection":[{"href":"https:\/\/tvbrazilusa.com\/pt\/wp-json\/wp\/v2\/posts"}],"about":[{"href":"https:\/\/tvbrazilusa.com\/pt\/wp-json\/wp\/v2\/types\/post"}],"author":[{"embeddable":true,"href":"https:\/\/tvbrazilusa.com\/pt\/wp-json\/wp\/v2\/users\/1"}],"replies":[{"embeddable":true,"href":"https:\/\/tvbrazilusa.com\/pt\/wp-json\/wp\/v2\/comments?post=121017"}],"version-history":[{"count":1,"href":"https:\/\/tvbrazilusa.com\/pt\/wp-json\/wp\/v2\/posts\/121017\/revisions"}],"predecessor-version":[{"id":121019,"href":"https:\/\/tvbrazilusa.com\/pt\/wp-json\/wp\/v2\/posts\/121017\/revisions\/121019"}],"wp:featuredmedia":[{"embeddable":true,"href":"https:\/\/tvbrazilusa.com\/pt\/wp-json\/wp\/v2\/media\/121018"}],"wp:attachment":[{"href":"https:\/\/tvbrazilusa.com\/pt\/wp-json\/wp\/v2\/media?parent=121017"}],"wp:term":[{"taxonomy":"category","embeddable":true,"href":"https:\/\/tvbrazilusa.com\/pt\/wp-json\/wp\/v2\/categories?post=121017"},{"taxonomy":"post_tag","embeddable":true,"href":"https:\/\/tvbrazilusa.com\/pt\/wp-json\/wp\/v2\/tags?post=121017"}],"curies":[{"name":"wp","href":"https:\/\/api.w.org\/{rel}","templated":true}]}}