{"id":121160,"date":"2025-07-04T07:29:51","date_gmt":"2025-07-04T07:29:51","guid":{"rendered":"https:\/\/tvbrazilusa.com\/2025\/07\/04\/feliz-4-de-julho-e-que-dia-lindo-sera\/"},"modified":"2025-07-04T07:34:53","modified_gmt":"2025-07-04T07:34:53","slug":"feliz-4-de-julho-e-que-dia-lindo-sera","status":"publish","type":"post","link":"https:\/\/tvbrazilusa.com\/pt\/2025\/07\/04\/feliz-4-de-julho-e-que-dia-lindo-sera\/","title":{"rendered":"Feliz 4 de julho! E que dia lindo ser\u00e1!"},"content":{"rendered":"<p> <script async src=\"https:\/\/pagead2.googlesyndication.com\/pagead\/js\/adsbygoogle.js?client=ca-pub-8864793242727901\"\r\n     crossorigin=\"anonymous\"><\/script><br \/>\n<\/p>\n<p>Feliz 4 de julho! E garoto, tamb\u00e9m vai ser um \u00f3timo dia de clima! Eu sei que temos muita limpeza para fazer depois das tempestades da noite passada, mas pelo menos o tempo cooperar\u00e1 hoje para que possamos fazer exatamente isso. Muita luz do sol hoje com temperaturas confort\u00e1veis \u200b\u200be baixa umidade. As condi\u00e7\u00f5es confort\u00e1veis \u200b\u200bcontinuar\u00e3o no s\u00e1bado, com o domingo ficando mais quente e mais \u00famido. Pelo menos parece que este fim de semana inteiro ficar\u00e1 seco!<\/p>\n<p><strong>4 de julho hoje:<\/strong> Muito sol com menos umidade. Altos nos anos 80 baixos.<\/p>\n<figure class=\"wp-block-image size-full\"><\/figure>\n<figure class=\"wp-block-image size-full\"><img loading=\"lazy\" decoding=\"async\" width=\"1280\" height=\"720\" src=\"https:\/\/www.wtnh.com\/wp-content\/uploads\/sites\/100\/2025\/07\/Hour-By-Hour_RPM-4-KM_Sat-Rad-Temps-Wind.png?strip=1\" alt=\"\" class=\"wp-image-2274380\" \/><\/figure>\n<figure class=\"wp-block-image size-full\"><img loading=\"lazy\" decoding=\"async\" width=\"1280\" height=\"720\" src=\"https:\/\/www.wtnh.com\/wp-content\/uploads\/sites\/100\/2025\/07\/Hour-By-Hour1_RPM-4-KM_Sat-Rad-Temps-Wind.png?strip=1\" alt=\"\" class=\"wp-image-2274381\" \/><\/figure>\n<figure class=\"wp-block-image size-full\"><img loading=\"lazy\" decoding=\"async\" width=\"1280\" height=\"720\" src=\"https:\/\/www.wtnh.com\/wp-content\/uploads\/sites\/100\/2025\/07\/Hour-By-Hour2_RPM-4-KM_Sat-Rad-Temps-Wind.png?strip=1\" alt=\"\" class=\"wp-image-2274382\" \/><\/figure>\n<p><strong>Essa noite: <\/strong>Claro e confort\u00e1vel. Aftos 55-60.<\/p>\n<figure class=\"wp-block-image size-full\"><img loading=\"lazy\" decoding=\"async\" width=\"1280\" height=\"720\" src=\"https:\/\/www.wtnh.com\/wp-content\/uploads\/sites\/100\/2025\/07\/Forecast_Tonight.png?strip=1\" alt=\"\" class=\"wp-image-2274378\" \/><\/figure>\n<figure class=\"wp-block-image size-full\"><img loading=\"lazy\" decoding=\"async\" width=\"1280\" height=\"720\" src=\"https:\/\/www.wtnh.com\/wp-content\/uploads\/sites\/100\/2025\/07\/Hour-By-Hour3_RPM-4-KM_Sat-Rad-Temps-Wind.png?strip=1\" alt=\"\" class=\"wp-image-2274379\" \/><\/figure>\n<p><strong>S\u00e1bado: <\/strong>Principalmente ensolarado e agrad\u00e1vel, com altos nos dias de baixa a meados dos anos 80.<\/p>\n<p><strong>Domingo: <\/strong>Ensolarado, quente e um pouco mais \u00famido. Altos nos anos 80 a 90s superiores.<\/p>\n<p><strong>Segunda-feira: <\/strong>Nebuloso, quente e \u00famido, com altos em meados dos anos 90.<\/p>\n<p><strong>Ter\u00e7a-feira: <\/strong>Nura, quente e \u00famida com chuveiros e tempestades poss\u00edveis \u00e0 tarde. Altos nos anos 80 a meados dos anos 80.<\/p>\n<p><strong>Quarta-feira:<\/strong> Principalmente nublado. Altos nos anos 80 a meados dos anos 80.<\/p>\n<p><br \/>\n<br \/><a href=\"https:\/\/www.wtnh.com\/news\/happy-4th-of-july-and-what-a-beautiful-day-it-will-be\/\">Source link <\/a><\/p>","protected":false},"excerpt":{"rendered":"<p>Feliz 4 de julho! E garoto, tamb\u00e9m vai ser um \u00f3timo dia de clima! Eu sei que temos muita limpeza para fazer depois das tempestades da noite passada, mas pelo&hellip;<\/p>","protected":false},"author":1,"featured_media":121161,"comment_status":"closed","ping_status":"open","sticky":false,"template":"","format":"standard","meta":{"content-type":"","footnotes":""},"categories":[1],"tags":[],"class_list":["post-121160","post","type-post","status-publish","format-standard","has-post-thumbnail","hentry","category-uncategorized"],"_links":{"self":[{"href":"https:\/\/tvbrazilusa.com\/pt\/wp-json\/wp\/v2\/posts\/121160","targetHints":{"allow":["GET"]}}],"collection":[{"href":"https:\/\/tvbrazilusa.com\/pt\/wp-json\/wp\/v2\/posts"}],"about":[{"href":"https:\/\/tvbrazilusa.com\/pt\/wp-json\/wp\/v2\/types\/post"}],"author":[{"embeddable":true,"href":"https:\/\/tvbrazilusa.com\/pt\/wp-json\/wp\/v2\/users\/1"}],"replies":[{"embeddable":true,"href":"https:\/\/tvbrazilusa.com\/pt\/wp-json\/wp\/v2\/comments?post=121160"}],"version-history":[{"count":1,"href":"https:\/\/tvbrazilusa.com\/pt\/wp-json\/wp\/v2\/posts\/121160\/revisions"}],"predecessor-version":[{"id":121162,"href":"https:\/\/tvbrazilusa.com\/pt\/wp-json\/wp\/v2\/posts\/121160\/revisions\/121162"}],"wp:featuredmedia":[{"embeddable":true,"href":"https:\/\/tvbrazilusa.com\/pt\/wp-json\/wp\/v2\/media\/121161"}],"wp:attachment":[{"href":"https:\/\/tvbrazilusa.com\/pt\/wp-json\/wp\/v2\/media?parent=121160"}],"wp:term":[{"taxonomy":"category","embeddable":true,"href":"https:\/\/tvbrazilusa.com\/pt\/wp-json\/wp\/v2\/categories?post=121160"},{"taxonomy":"post_tag","embeddable":true,"href":"https:\/\/tvbrazilusa.com\/pt\/wp-json\/wp\/v2\/tags?post=121160"}],"curies":[{"name":"wp","href":"https:\/\/api.w.org\/{rel}","templated":true}]}}