{"id":12118,"date":"2024-07-30T10:13:56","date_gmt":"2024-07-30T10:13:56","guid":{"rendered":"https:\/\/tvbrazilusa.com\/2024\/07\/30\/a-conversa-de-biden-com-lula-apos-eleicoes-na-venezuela\/"},"modified":"2024-07-30T10:23:47","modified_gmt":"2024-07-30T10:23:47","slug":"a-conversa-de-biden-com-lula-apos-eleicoes-na-venezuela","status":"publish","type":"post","link":"https:\/\/tvbrazilusa.com\/pt\/2024\/07\/30\/a-conversa-de-biden-com-lula-apos-eleicoes-na-venezuela\/","title":{"rendered":"A conversa de Biden com Lula ap\u00f3s elei\u00e7\u00f5es na Venezuela"},"content":{"rendered":"<p> <script async src=\"https:\/\/pagead2.googlesyndication.com\/pagead\/js\/adsbygoogle.js?client=ca-pub-8864793242727901\"\r\n     crossorigin=\"anonymous\"><\/script><br \/>\n<\/p>\n<div>\n<p>O presidente dos Estados Unidos, Joe Biden, marcou uma conversa por telefone com o presidente Luiz In\u00e1cio Lula da Silva (PT). A solicita\u00e7\u00e3o para o contato entre os l\u00edderes foi feita pela Casa Branca, em meio \u00e0s controv\u00e9rsias envolvendo o resultado das elei\u00e7\u00f5es na Venezuela. O telefonema est\u00e1 agendado para acontecer na tarde desta ter\u00e7a-feira (30).<\/p>\n<p>A elei\u00e7\u00e3o venezuelana tem gerado protestos e levantado questionamentos internacionais. Com o Conselho Nacional Eleitoral (CNE) declarando a reelei\u00e7\u00e3o de Nicol\u00e1s Maduro com 52,21% dos votos, a oposi\u00e7\u00e3o alega fraude e diz possuir provas da vit\u00f3ria do candidato Edmundo Gonz\u00e1lez. Esse impasse tem levado diversos pa\u00edses a se manifestarem cautelosamente.<\/p>\n<figure class=\"wp-block-image size-full\"><picture decoding=\"async\" class=\"wp-image-164228\"><source type=\"image\/webp\" srcset=\"https:\/\/terrabrasilnoticias.com\/wp-content\/uploads\/2024\/07\/image-947.png.webp 640w, https:\/\/terrabrasilnoticias.com\/wp-content\/uploads\/2024\/07\/image-947-300x206.png.webp 300w\" sizes=\"(max-width: 640px) 100vw, 640px\"\/><\/picture><figcaption class=\"wp-element-caption\">Presidente dos EUA, Joe Biden, e presidente Lula | Reprodu\u00e7\u00e3o<\/figcaption><\/figure>\n<h2 class=\"wp-block-heading\">Rea\u00e7\u00e3o de Lula \u00e0s Elei\u00e7\u00f5es Venezuelas<\/h2>\n<p>O presidente Biden quer ouvir a posi\u00e7\u00e3o de Lula sobre o caso. O Brasil, atrav\u00e9s do Minist\u00e9rio das Rela\u00e7\u00f5es Exteriores, tem adotado uma postura prudente. O minist\u00e9rio afirmou que est\u00e1 acompanhando \u201ccom aten\u00e7\u00e3o\u201d todo o processo de apura\u00e7\u00e3o das elei\u00e7\u00f5es e que aguarda a publica\u00e7\u00e3o dos boletins que registram os votos em cada urna. Al\u00e9m disso, foi solicitado que brasileiros residentes ou turistas evitem aglomera\u00e7\u00f5es na Venezuela.<\/p>\n<h2 class=\"wp-block-heading\">Por que h\u00e1 tanta controv\u00e9rsia em rela\u00e7\u00e3o \u00e0s essas elei\u00e7\u00f5es?<\/h2>\n<p>A controv\u00e9rsia surge devido \u00e0s acusa\u00e7\u00f5es de fraude eleitoral feitas pela oposi\u00e7\u00e3o venezuelana. Segundo eles, o processo de apura\u00e7\u00e3o n\u00e3o foi transparente, e h\u00e1 evid\u00eancias que sustentariam a vit\u00f3ria de Edmundo Gonz\u00e1lez. Essa situa\u00e7\u00e3o tem levado v\u00e1rias na\u00e7\u00f5es a questionar a legitimidade dos resultados apresentados.<\/p>\n<p>Entre os pa\u00edses que manifestaram d\u00favidas sobre a legitimidade das elei\u00e7\u00f5es est\u00e3o:<\/p>\n<ul class=\"wp-block-list\">\n<li>Reino Unido<\/li>\n<li>Chile<\/li>\n<li>Argentina<\/li>\n<li>Uruguai<\/li>\n<li>Equador<\/li>\n<li>Peru<\/li>\n<li>Col\u00f4mbia<\/li>\n<\/ul>\n<p>A Organiza\u00e7\u00e3o dos Estados Americanos (OEA) tamb\u00e9m se posicionou, marcando uma reuni\u00e3o para quarta-feira (31), enquanto o Panam\u00e1 tomou medidas dr\u00e1sticas, suspendendo suas rela\u00e7\u00f5es diplom\u00e1ticas com a Venezuela.<\/p>\n<h2 class=\"wp-block-heading\">Quem aceitou os resultados das elei\u00e7\u00f5es na Venezuela?<\/h2>\n<p>Em contrapartida, alguns pa\u00edses reconheceram a reelei\u00e7\u00e3o de Maduro e parabenizaram o presidente venezuelano. Entre esses pa\u00edses est\u00e3o:<\/p>\n<ol class=\"wp-block-list\">\n<li>R\u00fassia<\/li>\n<li>China<\/li>\n<li>Cuba<\/li>\n<li>Honduras<\/li>\n<li>Bol\u00edvia<\/li>\n<li>Ir\u00e3<\/li>\n<li>Catar<\/li>\n<\/ol>\n<p>Esses pa\u00edses t\u00eam rela\u00e7\u00f5es diplom\u00e1ticas e comerciais consider\u00e1veis com a Venezuela e decidiram n\u00e3o contestar o resultado das elei\u00e7\u00f5es.<\/p>\n<p>\u00c9 importante destacar como os diferentes posicionamentos pol\u00edticos e diplom\u00e1ticos influenciam a percep\u00e7\u00e3o internacional sobre os eventos na Venezuela. A conversa entre Biden e Lula pode ser decisiva para delinear a postura do Brasil em rela\u00e7\u00e3o a esse delicado cen\u00e1rio.<\/p>\n<\/p><\/div>\n<p><br \/>\n<br \/><a href=\"https:\/\/terrabrasilnoticias.com\/2024\/07\/a-conversa-de-biden-com-lula-apos-eleicoes-na-venezuela\/\">Source link <\/a><\/p>","protected":false},"excerpt":{"rendered":"<p>O presidente dos Estados Unidos, Joe Biden, marcou uma conversa por telefone com o presidente Luiz In\u00e1cio Lula da Silva (PT). A solicita\u00e7\u00e3o para o contato entre os l\u00edderes foi&hellip;<\/p>","protected":false},"author":1,"featured_media":12119,"comment_status":"closed","ping_status":"open","sticky":false,"template":"","format":"standard","meta":{"content-type":"","footnotes":""},"categories":[16],"tags":[],"class_list":["post-12118","post","type-post","status-publish","format-standard","has-post-thumbnail","hentry","category-noticias"],"_links":{"self":[{"href":"https:\/\/tvbrazilusa.com\/pt\/wp-json\/wp\/v2\/posts\/12118","targetHints":{"allow":["GET"]}}],"collection":[{"href":"https:\/\/tvbrazilusa.com\/pt\/wp-json\/wp\/v2\/posts"}],"about":[{"href":"https:\/\/tvbrazilusa.com\/pt\/wp-json\/wp\/v2\/types\/post"}],"author":[{"embeddable":true,"href":"https:\/\/tvbrazilusa.com\/pt\/wp-json\/wp\/v2\/users\/1"}],"replies":[{"embeddable":true,"href":"https:\/\/tvbrazilusa.com\/pt\/wp-json\/wp\/v2\/comments?post=12118"}],"version-history":[{"count":1,"href":"https:\/\/tvbrazilusa.com\/pt\/wp-json\/wp\/v2\/posts\/12118\/revisions"}],"predecessor-version":[{"id":12120,"href":"https:\/\/tvbrazilusa.com\/pt\/wp-json\/wp\/v2\/posts\/12118\/revisions\/12120"}],"wp:featuredmedia":[{"embeddable":true,"href":"https:\/\/tvbrazilusa.com\/pt\/wp-json\/wp\/v2\/media\/12119"}],"wp:attachment":[{"href":"https:\/\/tvbrazilusa.com\/pt\/wp-json\/wp\/v2\/media?parent=12118"}],"wp:term":[{"taxonomy":"category","embeddable":true,"href":"https:\/\/tvbrazilusa.com\/pt\/wp-json\/wp\/v2\/categories?post=12118"},{"taxonomy":"post_tag","embeddable":true,"href":"https:\/\/tvbrazilusa.com\/pt\/wp-json\/wp\/v2\/tags?post=12118"}],"curies":[{"name":"wp","href":"https:\/\/api.w.org\/{rel}","templated":true}]}}