{"id":121249,"date":"2025-07-06T15:28:00","date_gmt":"2025-07-06T15:28:00","guid":{"rendered":"https:\/\/tvbrazilusa.com\/2025\/07\/06\/empresario-e-morto-em-porsche-na-cidade-de-guarulhos-na-grande-sp-tv-florida-usa-a-sua-tv-brasileira-nos-estados-unidos\/"},"modified":"2025-07-06T16:10:12","modified_gmt":"2025-07-06T16:10:12","slug":"empresario-e-morto-em-porsche-na-cidade-de-guarulhos-na-grande-sp-tv-florida-usa-a-sua-tv-brasileira-nos-estados-unidos","status":"publish","type":"post","link":"https:\/\/tvbrazilusa.com\/pt\/2025\/07\/06\/empresario-e-morto-em-porsche-na-cidade-de-guarulhos-na-grande-sp-tv-florida-usa-a-sua-tv-brasileira-nos-estados-unidos\/","title":{"rendered":"Empres\u00e1rio \u00e9 morto em Porsche na cidade de Guarulhos, na Grande SP \u2013 TV Florida USA \u2013 A sua TV Brasileira nos Estados Unidos"},"content":{"rendered":"<p> <script async src=\"https:\/\/pagead2.googlesyndication.com\/pagead\/js\/adsbygoogle.js?client=ca-pub-8864793242727901\"\r\n     crossorigin=\"anonymous\"><\/script><br \/>\n<\/p>\n<div>\n<div id=\"chunk-eabi6\">\n<p>Um empres\u00e1rio foi assassinado na manh\u00e3 deste s\u00e1bado (5), na Vila Barros em <a rel=\"nofollow\" target=\"_blank\" class=\"\" href=\"https:\/\/g1.globo.com\/sp\/sao-paulo\/cidade\/guarulhos\/\">Guarulhos<\/a>, na Grande <a rel=\"nofollow\" target=\"_blank\" class=\"\" href=\"https:\/\/g1.globo.com\/sp\/sao-paulo\/cidade\/sao-paulo\/\">S\u00e3o Paulo<\/a>, durante abordagem de suspeitos em motos a um carro de luxo, segundo a pol\u00edcia.<\/p>\n<\/div>\n<div id=\"chunk-9sa76\">\n<p>O crime aconteceu por volta de 12h30 na Rua Felizarda Firmino de Andrade, quando dois homens em duas motos diferentes abordaram o rapaz que pilotava uma Porsche convers\u00edvel e atiraram contra a v\u00edtima. Um terceiro suspeito de participa\u00e7\u00e3o no crime aparece em imagens registradas por c\u00e2mera de seguran\u00e7a (veja mais abaixo).\n<\/p>\n<\/div>\n<div id=\"chunk-berta\">\n<p>Rodrigo J\u00fanior da Silva Ponce, 35, era CAC (tinha o certificado de colecionador, atirador desportivo e ca\u00e7ador, que permite a posse de armas de fogo). O coldre de sua arma estava no carro, mas a arma n\u00e3o. N\u00e3o est\u00e1 claro se ele reagiu \u00e0 abordagem. A pol\u00edcia acredita que os criminosos levaram a arma, uma pistola 9mm.\n<\/p>\n<\/div>\n<div id=\"chunk-8jjnm\">\n<p>A m\u00e3e da v\u00edtima confirmou que ele fazia aula de tiro, e disse tamb\u00e9m que o filho era trabalhador e alegre.\n<\/p>\n<\/div>\n<div id=\"chunk-c7ofe\">\n<p>Segundo depoimento da fam\u00edlia \u00e0 Pol\u00edcia Civil, Rodrigo andava sempre com objetos de valores, como correntes de ouro e o rel\u00f3gio. Os criminosos n\u00e3o levaram o celular da v\u00edtima, nem correntes maiores.\n<\/p>\n<\/div>\n<div id=\"chunk-6el42\">\n<div class=\"content-media\" data-block-type=\"backstage-photo\">\n<figure class=\"content-media__container\">\n<figure><\/figure><figcaption class=\"content-media__description\">Empres\u00e1rio \u00e9 assassinado a bordo de uma Porsche na Rua Felizarda Firmino de Andrade, em Guarulhos, an Grande SP, neste s\u00e1bado (5).<\/figcaption><\/figure>\n<\/div>\n<\/div>\n<p>\u00a0<\/p>\n<div id=\"chunk-67h2t\">\n<p>A fam\u00edlia disse ainda que ele estava com uma corrente no pesco\u00e7o, que pode ter sido levada pelos criminosos. A pol\u00edcia investiga se os bandidos j\u00e1 estavam de olho na v\u00edtima antes da abordagem, que ocorreu no final da manh\u00e3 deste s\u00e1bado.\n<\/p>\n<\/div>\n<div id=\"chunk-54urf\">\n<p>O empres\u00e1rio era dono de uma empresa de caminh\u00f5es e terraplanagem em Guarulhos e costumava postar fotos viagens e carros de luxo nas redes sociais, ao lado de amigos da regi\u00e3o. Pouco antes do crime, ele postou um v\u00eddeo no Instagram mostrando a sa\u00edda de casa com a Porsche Boxster vermelha, modelo 2014, que custa at\u00e9 R$ 450 mil.\n<\/p>\n<\/div>\n<div id=\"chunk-fkeol\">\n<p>O Globocop, da TV Globo, registrou no local do crime peritos tentando encontrar evid\u00eancias no carro que possam ajudar a encontrar os criminosos que atiraram contra o empres\u00e1rio.\n<\/p>\n<\/div>\n<div id=\"chunk-flv32\">\n<div class=\"bs-video-block content-media\">\n<div class=\"content-media__container\"><img decoding=\"async\" class=\"i-amphtml-fill-content i-amphtml-replaced-content\" src=\"https:\/\/s03.video.glbimg.com\/640x360\/13735550.jpg\"\/><iframe class=\"i-amphtml-fill-content\" src=\"https:\/\/s3.glbimg.com\/v1\/AUTH_e1b09a2d222b4900a437a46914be81e5\/static\/amp\/index.html?videosIDs=13735550&#038;adUnit=tvg_G1%2FSua_Regiao%3ESudeste%3ESao_Paulo&#038;adCustomData=tvg_pgStr%3Dg1%2Fsp%2Fs%C3%A3o+paulo%26ext-bsafety%3Dconteudo+nao+seguro%26advertiser%3Dcoca-cola%2Ccolgate%2CCEF%2Capple%2Cunilever%2Cheineken%2Cbbrasil&#038;adCmsId=11413&#038;adAccountId=95377733&#038;ga_productUA=UA-296593-3&#038;ga4_measurementid=&#038;ga4_userproperties=%7B%22consumption_environment%22%3A%22amp%22%7D&#038;ga4_eventparams=%7B%22consumption_environment%22%3A%22amp%22%7D&#038;ga_extras=%7B%22dimension1%22%3A%22amp%22%7D&#038;domain=g1.globo.com&#038;ambient=amp&#038;origin_url=https%3A%2F%2Fg1.globo.com%2Fsp%2Fsao-paulo%2Fnoticia%2F2025%2F07%2F05%2Fempresario-e-assassinado-a-bordo-de-porsche-em-guarulhos-na-grande-sp-durante-roubo-de-relogio-diz-policia.ghtml&#038;ga4_measurementid=G-4DF8YFDHV7#amp=1\" name=\"amp_iframe1\" width=\"300\" height=\"150\" frameborder=\"0\" sandbox=\"allow-scripts allow-same-origin allow-popups allow-popups-to-escape-sandbox allow-top-navigation\" data-mce-fragment=\"1\"><\/iframe><\/p>\n<p class=\"content-media__description\">Empres\u00e1rio \u00e9 assassinado a bordo de Porsche na Vila Barros, em Guarulhos, na Grande SP\n<\/p>\n<\/div>\n<\/div>\n<\/div>\n<\/div>\n<p><br \/>\n<br \/><a href=\"https:\/\/tvfloridausa.com\/2025\/07\/06\/empresario-e-morto-em-porsche-na-cidade-de-guarulhos-na-grande-sp\/\">Source link <\/a><\/p>","protected":false},"excerpt":{"rendered":"<p>Um empres\u00e1rio foi assassinado na manh\u00e3 deste s\u00e1bado (5), na Vila Barros em Guarulhos, na Grande S\u00e3o Paulo, durante abordagem de suspeitos em motos a um carro de luxo, segundo&hellip;<\/p>","protected":false},"author":1,"featured_media":121250,"comment_status":"closed","ping_status":"open","sticky":false,"template":"","format":"standard","meta":{"content-type":"","footnotes":""},"categories":[22],"tags":[],"class_list":["post-121249","post","type-post","status-publish","format-standard","has-post-thumbnail","hentry","category-tv-florida-usa"],"_links":{"self":[{"href":"https:\/\/tvbrazilusa.com\/pt\/wp-json\/wp\/v2\/posts\/121249","targetHints":{"allow":["GET"]}}],"collection":[{"href":"https:\/\/tvbrazilusa.com\/pt\/wp-json\/wp\/v2\/posts"}],"about":[{"href":"https:\/\/tvbrazilusa.com\/pt\/wp-json\/wp\/v2\/types\/post"}],"author":[{"embeddable":true,"href":"https:\/\/tvbrazilusa.com\/pt\/wp-json\/wp\/v2\/users\/1"}],"replies":[{"embeddable":true,"href":"https:\/\/tvbrazilusa.com\/pt\/wp-json\/wp\/v2\/comments?post=121249"}],"version-history":[{"count":1,"href":"https:\/\/tvbrazilusa.com\/pt\/wp-json\/wp\/v2\/posts\/121249\/revisions"}],"predecessor-version":[{"id":121251,"href":"https:\/\/tvbrazilusa.com\/pt\/wp-json\/wp\/v2\/posts\/121249\/revisions\/121251"}],"wp:featuredmedia":[{"embeddable":true,"href":"https:\/\/tvbrazilusa.com\/pt\/wp-json\/wp\/v2\/media\/121250"}],"wp:attachment":[{"href":"https:\/\/tvbrazilusa.com\/pt\/wp-json\/wp\/v2\/media?parent=121249"}],"wp:term":[{"taxonomy":"category","embeddable":true,"href":"https:\/\/tvbrazilusa.com\/pt\/wp-json\/wp\/v2\/categories?post=121249"},{"taxonomy":"post_tag","embeddable":true,"href":"https:\/\/tvbrazilusa.com\/pt\/wp-json\/wp\/v2\/tags?post=121249"}],"curies":[{"name":"wp","href":"https:\/\/api.w.org\/{rel}","templated":true}]}}