{"id":121407,"date":"2025-07-08T21:51:48","date_gmt":"2025-07-08T21:51:48","guid":{"rendered":"https:\/\/tvbrazilusa.com\/2025\/07\/08\/representante-do-estado-democrata-para-hamden-lanca-lances-para-o-governador-de-connecticut\/"},"modified":"2025-07-08T21:58:49","modified_gmt":"2025-07-08T21:58:49","slug":"representante-do-estado-democrata-para-hamden-lanca-lances-para-o-governador-de-connecticut","status":"publish","type":"post","link":"https:\/\/tvbrazilusa.com\/pt\/2025\/07\/08\/representante-do-estado-democrata-para-hamden-lanca-lances-para-o-governador-de-connecticut\/","title":{"rendered":"Representante do Estado Democrata para Hamden lan\u00e7a lances para o governador de Connecticut"},"content":{"rendered":"<script async src=\"https:\/\/pagead2.googlesyndication.com\/pagead\/js\/adsbygoogle.js?client=ca-pub-8864793242727901\"\r\n     crossorigin=\"anonymous\"><\/script>\n<p>HAMDEN, Connecticut (WTNH) &#8211; Josh Elliott, um representante do Estado democrata do 88\u00ba Distrito de Hamden, entrou com papelada para concorrer ao governador de Connecticut.<\/p>\n<p>O governador Ned Lamont, um titular de dois mandatos que se baseou em uma vasta riqueza pessoal para alimentar suas campanhas, ainda n\u00e3o declarou suas inten\u00e7\u00f5es para a elei\u00e7\u00e3o do pr\u00f3ximo ano. No m\u00eas passado, o governador disse que ficou mais inclinado a <a href=\"https:\/\/www.wtnh.com\/news\/connecticut\/hartford\/governor-ned-lamont-says-hes-seriously-considering-seeking-3rd-term\/\" target=\"_blank\" rel=\"noreferrer noopener\">procure um terceiro mandato<\/a>. <\/p>\n<p>O senador estadual republicano Ryan Fazio <a href=\"https:\/\/www.wtnh.com\/news\/connecticut\/fairfield\/connecticut-state-sen-fazio-says-he-is-strongly-considering-entering-race-for-governor\/\">Disse News 8 no m\u00eas passado<\/a> Ele est\u00e1 &#8220;considerando fortemente&#8221; entrando na corrida pelo governador.<\/p>\n<p>Erin Stewart, o prefeito republicano da Nova Gr\u00e3 -Bretanha, \u00e9 <a href=\"https:\/\/www.wtnh.com\/news\/connecticut\/new-britain-mayor-erin-stewart-officially-announces-she-is-exploring-a-run-for-governor\/\">Explorando ativamente uma campanha para governador<\/a>.<\/p>\n<p>Westport First Selectwoman Jen Tooker, <a href=\"https:\/\/www.wtnh.com\/news\/connecticut\/hartford\/westport-first-selectwoman-jen-tooker-announces-bid-for-governor\/\">um candidato declarado para governador<\/a>\u00e9 outro republicano que encontrou sucesso eleitoral em um sub\u00farbio que rejeitou os candidatos republicanos ainda mais na vota\u00e7\u00e3o.<\/p>\n<p>O advogado de Fairfield, Peter Lumaj, formou uma campanha explorat\u00f3ria para um escrit\u00f3rio em todo o estado, mas, diferentemente de Stewart, ele n\u00e3o indicou qual escrit\u00f3rio est\u00e1 de olho. <\/p>\n<p><br \/>\n<br \/><a href=\"https:\/\/www.wtnh.com\/news\/connecticut\/democratic-state-representative-for-hamden-launches-bid-for-connecticut-governor\/\">Source link <\/a><\/p>","protected":false},"excerpt":{"rendered":"<p>HAMDEN, Connecticut (WTNH) &#8211; Josh Elliott, um representante do Estado democrata do 88\u00ba Distrito de Hamden, entrou com papelada para concorrer ao governador de Connecticut. O governador Ned Lamont, um&hellip;<\/p>","protected":false},"author":1,"featured_media":121408,"comment_status":"closed","ping_status":"open","sticky":false,"template":"","format":"standard","meta":{"content-type":"","footnotes":""},"categories":[1],"tags":[],"class_list":["post-121407","post","type-post","status-publish","format-standard","has-post-thumbnail","hentry","category-uncategorized"],"_links":{"self":[{"href":"https:\/\/tvbrazilusa.com\/pt\/wp-json\/wp\/v2\/posts\/121407","targetHints":{"allow":["GET"]}}],"collection":[{"href":"https:\/\/tvbrazilusa.com\/pt\/wp-json\/wp\/v2\/posts"}],"about":[{"href":"https:\/\/tvbrazilusa.com\/pt\/wp-json\/wp\/v2\/types\/post"}],"author":[{"embeddable":true,"href":"https:\/\/tvbrazilusa.com\/pt\/wp-json\/wp\/v2\/users\/1"}],"replies":[{"embeddable":true,"href":"https:\/\/tvbrazilusa.com\/pt\/wp-json\/wp\/v2\/comments?post=121407"}],"version-history":[{"count":1,"href":"https:\/\/tvbrazilusa.com\/pt\/wp-json\/wp\/v2\/posts\/121407\/revisions"}],"predecessor-version":[{"id":121409,"href":"https:\/\/tvbrazilusa.com\/pt\/wp-json\/wp\/v2\/posts\/121407\/revisions\/121409"}],"wp:featuredmedia":[{"embeddable":true,"href":"https:\/\/tvbrazilusa.com\/pt\/wp-json\/wp\/v2\/media\/121408"}],"wp:attachment":[{"href":"https:\/\/tvbrazilusa.com\/pt\/wp-json\/wp\/v2\/media?parent=121407"}],"wp:term":[{"taxonomy":"category","embeddable":true,"href":"https:\/\/tvbrazilusa.com\/pt\/wp-json\/wp\/v2\/categories?post=121407"},{"taxonomy":"post_tag","embeddable":true,"href":"https:\/\/tvbrazilusa.com\/pt\/wp-json\/wp\/v2\/tags?post=121407"}],"curies":[{"name":"wp","href":"https:\/\/api.w.org\/{rel}","templated":true}]}}