{"id":121429,"date":"2025-07-09T15:06:14","date_gmt":"2025-07-09T15:06:14","guid":{"rendered":"https:\/\/tvbrazilusa.com\/2025\/07\/09\/os-bombeiros-do-condado-de-st-johns-pressionam-pelo-equilibrio-entre-vida-profissional-e-pessoal-jacksonville-hoje\/"},"modified":"2025-07-09T15:15:45","modified_gmt":"2025-07-09T15:15:45","slug":"os-bombeiros-do-condado-de-st-johns-pressionam-pelo-equilibrio-entre-vida-profissional-e-pessoal-jacksonville-hoje","status":"publish","type":"post","link":"https:\/\/tvbrazilusa.com\/pt\/2025\/07\/09\/os-bombeiros-do-condado-de-st-johns-pressionam-pelo-equilibrio-entre-vida-profissional-e-pessoal-jacksonville-hoje\/","title":{"rendered":"Os bombeiros do condado de St. Johns pressionam pelo equil\u00edbrio entre vida profissional e pessoal | Jacksonville hoje"},"content":{"rendered":"<p> <script async src=\"https:\/\/pagead2.googlesyndication.com\/pagead\/js\/adsbygoogle.js?client=ca-pub-8864793242727901\"\r\n     crossorigin=\"anonymous\"><\/script><br \/>\n<\/p>\n<div>\n<p>Eles s\u00e3o os primeiros a responder quando o desastre ocorre &#8211; mas agora, os bombeiros do condado de St. Johns dizem que s\u00e3o os que est\u00e3o em crise.<\/p>\n<p>Os volumes de chamadas crescentes e as horas extras obrigat\u00f3rias est\u00e3o prejudicando as equipes de bombeiros locais. Muitos dizem que est\u00e3o trabalhando longas e cansativas, com pouco tempo para descansar &#8211; e est\u00e1 come\u00e7ando a afetar.<\/p>\n<p>Na quarta -feira, o sindicato dos bombeiros do condado de St. Johns se encontra com autoridades do condado para continuar a pressionar por uma grande mudan\u00e7a: um cronograma de trabalho mais saud\u00e1vel.<\/p>\n<p>Esta ser\u00e1 a segunda reuni\u00e3o entre os dois lados no processo de negocia\u00e7\u00e3o do contrato.<\/p>\n<h3 class=\"wp-block-heading\">Aumento da tens\u00e3o<\/h3>\n<p>Em um visual dos bastidores, os bombeiros do condado de St. Johns deram <a href=\"https:\/\/www.facebook.com\/WJXT4BrianaBrownlee\/\" target=\"_blank\" rel=\"noreferrer noopener nofollow\">Rep\u00f3rter News4jax Briana Brownlee<\/a> E o fotojornalista Jesse Hanson uma vis\u00e3o de perto de como \u00e9 o dia-a-dia.<\/p>\n<p>Desde exerc\u00edcios de alta press\u00e3o em plena marcha at\u00e9 chamadas de emerg\u00eancia ininterruptas, seus turnos s\u00e3o tudo menos t\u00edpicos.<\/p>\n<p>&#8220;Estamos sendo expostos cada vez mais a coisas que a maioria das pessoas n\u00e3o v\u00ea por toda a vida &#8211; e estamos vendo isso dia ap\u00f3s dia&#8221;, disse David Stevens, presidente da Uni\u00e3o dos Bombeiros do Condado de St. Johns.<\/p>\n<p>As chamadas continuam chegando &#8211; e o mesmo acontece.<\/p>\n<p>De acordo com o chefe do batalh\u00e3o, Brian Mitzel, o r\u00e1pido crescimento do condado est\u00e1 impulsionando um aumento acentuado nas chamadas de emerg\u00eancia.<\/p>\n<h3 class=\"wp-block-heading\">56 horas de trabalho<\/h3>\n<p>No momento, a maioria dos bombeiros do Condado de St. Johns trabalha 56 horas por semana-geralmente em turnos consecutivos de 24 ou at\u00e9 48 horas.<\/p>\n<p>&#8220;Somos uma das \u00fanicas ind\u00fastrias que n\u00e3o t\u00eam per\u00edodos de descanso obrigat\u00f3rios entre os turnos&#8221;, disse Stevens.<\/p>\n<p>E se ningu\u00e9m se voluntaria por horas extras? Um sistema de computador escolhe quem fica.<\/p>\n<p>&#8220;\u00c9 frustrante do chefe do batalh\u00e3o que deve tomar a decis\u00e3o de dizer a algu\u00e9m que eles s\u00e3o obrigat\u00f3rios porque analisaram todas as op\u00e7\u00f5es no cronograma e n\u00e3o podem faz\u00ea -lo funcionar, ent\u00e3o eles precisam usar o programa de agendamento&#8221;, disse Mitzel. &#8220;Felizmente, temos um programa de agendamento que pode gerenciar isso para n\u00f3s, para que nunca haja uma pe\u00e7a pessoal. \u00c9 um computador que diz com base em oportunidades, voc\u00ea \u00e9 a \u00faltima pessoa a n\u00e3o trabalhar dias obrigat\u00f3rios, voc\u00ea foi o mais longe desse ponto&#8221;.<\/p>\n<h3 class=\"wp-block-heading\">Um esfor\u00e7o para a mudan\u00e7a<\/h3>\n<p>Uma nova lei da Fl\u00f3rida recomendou recentemente que os departamentos se mudassem para uma semana de trabalho de 42 horas. Mas agora, \u00e9 apenas isso &#8211; uma recomenda\u00e7\u00e3o.<\/p>\n<p>O sindicato dos bombeiros de St. Johns County quer torn\u00e1 -lo o padr\u00e3o.<\/p>\n<p>Eles argumentam que a mudan\u00e7a reduziria a fadiga, melhoraria a sa\u00fade mental e, finalmente, a resposta a emerg\u00eancias mais segura, n\u00e3o apenas para bombeiros, mas para a comunidade.<\/p>\n<p>&#8220;Voc\u00ea quer um bombeiro que toma decis\u00f5es de vida ou morte ap\u00f3s 48 horas sem dormir?&#8221; Stevens perguntou. &#8220;Isso afeta sua sa\u00fade, seu bem -estar mental.&#8221;<\/p>\n<h3 class=\"wp-block-heading\">&#8216;A comunidade da comunidade&#8217;<\/h3>\n<p>At\u00e9 que algo mude, os bombeiros locais dizem que querem que a comunidade continue ligando se precisar deles, e eles continuar\u00e3o atendendo a liga\u00e7\u00e3o &#8211; mas precisam de apoio para continuar.<\/p>\n<p>Entramos em contato com o condado de St. Johns e eles responderam:<\/p>\n<p>&#8220;O condado de St. Johns est\u00e1 nos est\u00e1gios preliminares das discuss\u00f5es com a Uni\u00e3o dos Bombeiros do Condado de St. Johns.&#8221;<\/p>\n<p><em>Esta hist\u00f3ria foi produzida por <a href=\"https:\/\/www.news4jax.com\/\" rel=\"nofollow noopener\" target=\"_blank\">News4Jax<\/a>a <\/em>Jacksonville hoje<em> Parceiro de not\u00edcias.<\/em><\/p>\n<\/div>\n<p><br \/>\n<br \/><a href=\"https:\/\/jaxtoday.org\/2025\/07\/09\/st-johns-county-firefighters-push-for-work-life-balance\/\">Source link <\/a><\/p>","protected":false},"excerpt":{"rendered":"<p>Eles s\u00e3o os primeiros a responder quando o desastre ocorre &#8211; mas agora, os bombeiros do condado de St. Johns dizem que s\u00e3o os que est\u00e3o em crise. Os volumes&hellip;<\/p>","protected":false},"author":1,"featured_media":121430,"comment_status":"closed","ping_status":"open","sticky":false,"template":"","format":"standard","meta":{"content-type":"","footnotes":""},"categories":[1],"tags":[],"class_list":["post-121429","post","type-post","status-publish","format-standard","has-post-thumbnail","hentry","category-uncategorized"],"_links":{"self":[{"href":"https:\/\/tvbrazilusa.com\/pt\/wp-json\/wp\/v2\/posts\/121429","targetHints":{"allow":["GET"]}}],"collection":[{"href":"https:\/\/tvbrazilusa.com\/pt\/wp-json\/wp\/v2\/posts"}],"about":[{"href":"https:\/\/tvbrazilusa.com\/pt\/wp-json\/wp\/v2\/types\/post"}],"author":[{"embeddable":true,"href":"https:\/\/tvbrazilusa.com\/pt\/wp-json\/wp\/v2\/users\/1"}],"replies":[{"embeddable":true,"href":"https:\/\/tvbrazilusa.com\/pt\/wp-json\/wp\/v2\/comments?post=121429"}],"version-history":[{"count":1,"href":"https:\/\/tvbrazilusa.com\/pt\/wp-json\/wp\/v2\/posts\/121429\/revisions"}],"predecessor-version":[{"id":121431,"href":"https:\/\/tvbrazilusa.com\/pt\/wp-json\/wp\/v2\/posts\/121429\/revisions\/121431"}],"wp:featuredmedia":[{"embeddable":true,"href":"https:\/\/tvbrazilusa.com\/pt\/wp-json\/wp\/v2\/media\/121430"}],"wp:attachment":[{"href":"https:\/\/tvbrazilusa.com\/pt\/wp-json\/wp\/v2\/media?parent=121429"}],"wp:term":[{"taxonomy":"category","embeddable":true,"href":"https:\/\/tvbrazilusa.com\/pt\/wp-json\/wp\/v2\/categories?post=121429"},{"taxonomy":"post_tag","embeddable":true,"href":"https:\/\/tvbrazilusa.com\/pt\/wp-json\/wp\/v2\/tags?post=121429"}],"curies":[{"name":"wp","href":"https:\/\/api.w.org\/{rel}","templated":true}]}}