{"id":121467,"date":"2025-07-09T21:04:00","date_gmt":"2025-07-09T21:04:00","guid":{"rendered":"https:\/\/tvbrazilusa.com\/2025\/07\/09\/quanto-mais-o-merrier-lamont-reage-aos-candidatos-democratas-para-o-governador\/"},"modified":"2025-07-09T21:08:56","modified_gmt":"2025-07-09T21:08:56","slug":"quanto-mais-o-merrier-lamont-reage-aos-candidatos-democratas-para-o-governador","status":"publish","type":"post","link":"https:\/\/tvbrazilusa.com\/pt\/2025\/07\/09\/quanto-mais-o-merrier-lamont-reage-aos-candidatos-democratas-para-o-governador\/","title":{"rendered":"&#8216;Quanto mais o Merrier&#8217;: Lamont reage aos candidatos democratas para o governador"},"content":{"rendered":"<script async src=\"https:\/\/pagead2.googlesyndication.com\/pagead\/js\/adsbygoogle.js?client=ca-pub-8864793242727901\"\r\n     crossorigin=\"anonymous\"><\/script>\n<p>South Windsor, Connecticut (WTNH) &#8211; O governador Ned Lamont ofereceu uma breve resposta \u00e0s not\u00edcias sobre o deputado estadual Josh Elliott, um democrata de Hamden, entrando na corrida pelo governador.<\/p>\n<p>&#8220;Quanto mais o Merrier&#8221;, Lamont brincou aos rep\u00f3rteres ap\u00f3s uma confer\u00eancia de imprensa divulgando uma legisla\u00e7\u00e3o agr\u00edcola rec\u00e9m-assinada.<\/p>\n<div class=\"nlp-ignore-block article-content rich-text\">\n<aside class=\"promo-link\">\n\t<a href=\"https:\/\/www.wtnh.com\/on-air\/thisweekinconnecticut\/this-week-in-connecticut-gov-lamont-reveals-more-about-potential-third-term\/?ipid=promo-link-block1\" class=\"promo-link__link\" target=\"\"_blank\"\"><\/p>\n<p>\t\tEsta semana em Connecticut: o governador Lamont revela mais sobre o terceiro termo potencial\t<\/a><br \/>\n<\/aside>\n<\/div>\n<p>Elliott apresentou documenta\u00e7\u00e3o formal declarando sua candidatura na ter\u00e7a -feira. At\u00e9 o momento, ele \u00e9 o \u00fanico democrata a formalmente <a href=\"https:\/\/www.wtnh.com\/news\/connecticut\/democratic-state-representative-for-hamden-launches-bid-for-connecticut-governor\/\" data-type=\"link\" data-id=\"https:\/\/www.wtnh.com\/news\/connecticut\/democratic-state-representative-for-hamden-launches-bid-for-connecticut-governor\/\">anunciar sua candidatura<\/a> para o mais alto cargo do estado. O pr\u00f3prio Lamont ainda n\u00e3o disse se ele ser\u00e1 ou n\u00e3o um candidato para o trabalho que ocupou desde 2019, embora tenha dito no m\u00eas passado que cresceu <a href=\"https:\/\/www.wtnh.com\/news\/connecticut\/hartford\/governor-ned-lamont-says-hes-seriously-considering-seeking-3rd-term\/\" data-type=\"link\" data-id=\"https:\/\/www.wtnh.com\/news\/connecticut\/hartford\/governor-ned-lamont-says-hes-seriously-considering-seeking-3rd-term\/\">&#8220;mais inclinado&#8221; para procurar um terceiro mandato<\/a>.<\/p>\n<p>Quanto \u00e0 linha do tempo de sua decis\u00e3o sobre a reelei\u00e7\u00e3o, Lamont ainda n\u00e3o parece estar com pressa.<\/p>\n<p>&#8220;As campanhas d\u00e3o muito tempo nesse estado&#8221;, disse Lamont. &#8220;Gosto de lidar com quest\u00f5es reais &#8211; pessoas, certo, como esta fazenda, fazendo a diferen\u00e7a em suas vidas&#8221;.<\/p>\n<p>Se Lamont optar por concorrer \u00e0 reelei\u00e7\u00e3o, ele poderia se encontrar em uma luta pela indica\u00e7\u00e3o do Partido Democrata para o governador. Esse concurso provavelmente veria Elliott, um progressista franco, tentaria enfrentar Lamont da esquerda pol\u00edtica.<\/p>\n<div class=\"nlp-ignore-block article-content rich-text\">\n<aside class=\"promo-link\">\n\t<a href=\"https:\/\/www.wtnh.com\/news\/connecticut\/democratic-state-representative-for-hamden-launches-bid-for-connecticut-governor\/?ipid=promo-link-block2\" class=\"promo-link__link\" target=\"\"_blank\"\"><\/p>\n<p>\t\tRepresentante do Estado Democrata para Hamden lan\u00e7a lances para o governador de Connecticut\t<\/a><br \/>\n<\/aside>\n<\/div>\n<p><strong>Quem \u00e9 Josh Elliott?<\/strong><\/p>\n<p>Primeiro eleito para representar Hamden em 2016, Elliott criou um papel como l\u00edder na ala progressista da maioria democr\u00e1tica do Legislativo. Ele defendeu a reforma dentro do sistema penitenci\u00e1rio do estado e foi um proponente franco para a legaliza\u00e7\u00e3o da maconha recreativa. De maneira mais ampla, ele tem sido um cr\u00edtico do atual sistema de tributa\u00e7\u00e3o do estado e &#8220;corrim\u00e3o fiscal&#8221;, que estabelecem limites aos gastos estaduais para criar super\u00e1vits or\u00e7ament\u00e1rios. Elliott argumentou que esses controles fiscais s\u00e3o muito restritivos.<\/p>\n<div class=\"nlp-ignore-block article-content rich-text\">\n<aside class=\"promo-link\">\n\t<a href=\"https:\/\/www.wtnh.com\/on-air\/capitol-report\/capitol-report-state-representative-josh-elliott-grades-colleagues\/?ipid=promo-link-block3\" class=\"promo-link__link\" target=\"\"_blank\"\"><\/p>\n<p>\t\t2018: Relat\u00f3rio do Capit\u00f3lio: Representante do Estado Josh Elliott &#8216;Coberras&#8217;\t<\/a><br \/>\n<\/aside>\n<\/div>\n<p>Atingido pelo News 8, Elliott disse que planeja realizar uma confer\u00eancia de imprensa no in\u00edcio da pr\u00f3xima semana para discutir sua candidatura. Um representante da nova campanha de Elliott divulgou seu recorde no Legislativo.<\/p>\n<p>&#8220;Desde sua elei\u00e7\u00e3o em 2016, o deputado Elliott tem sido um dos defensores mais fortes da legislatura por patrim\u00f4nio fiscal e lutou consistentemente por um governo do estado que apoia fam\u00edlias de classe m\u00e9dia e trabalhadora que lutam muito para se manter \u00e0 tona&#8221;, disse o representante da campanha Elliott. &#8220;O deputado Elliott est\u00e1 pronto para continuar este trabalho em nome do povo de Connecticut.&#8221;<\/p>\n<p><strong>Democratas progressistas est\u00e3o frustrados com Lamont<\/strong><\/p>\n<p>Recentemente, os progressistas expressaram descontentamento com muitas das decis\u00f5es pol\u00edticas de Lamont. Os sindicatos criticaram seu <a href=\"https:\/\/www.wtnh.com\/news\/connecticut\/hartford\/gov-lamont-to-talk-pending-connecticut-legislation\/\" data-type=\"link\" data-id=\"https:\/\/www.wtnh.com\/news\/connecticut\/hartford\/gov-lamont-to-talk-pending-connecticut-legislation\/\">veto de legisla\u00e7\u00e3o<\/a> Isso proporcionaria benef\u00edcios de desemprego aos trabalhadores de ataque. Democratas como o prefeito de New Haven, Justin Elicker, disseram que o or\u00e7amento do estado de dois anos que passou com os b\u00ean\u00e7\u00e3os de Lamont nos distritos escolares urbanos.<\/p>\n<div class=\"nlp-ignore-block article-content rich-text\">\n<aside class=\"promo-link\">\n\t<a href=\"https:\/\/www.wtnh.com\/news\/connecticut\/lamont-state-democrats-battling-over-length-of-budget\/?ipid=promo-link-block4\" class=\"promo-link__link\" target=\"\"_blank\"\"><\/p>\n<p>\t\tLamont, democratas estaduais lutando contra a dura\u00e7\u00e3o do or\u00e7amento\t<\/a><br \/>\n<\/aside>\n<\/div>\n<p>O senador estadual Saud Anwar, um democrata progressista e m\u00e9dico, recebeu a entrada de Elliott na corrida e reiterou suas cr\u00edticas \u00e0s pol\u00edticas fiscais do governador.<\/p>\n<p>&#8220;Como m\u00e9dico, eu diria que se houver um paciente [and] Algu\u00e9m na verdade se afasta disso quando algo precisa ser feito, \u00e9 inaceit\u00e1vel &#8220;, disse Anwar, referindo -se \u00e0 in\u00fameros grupos que pediram mais financiamento estatal.&#8221; Estou vendo isso e n\u00e3o gosto disso &#8220;.<\/p>\n<p>Como Elliott parece preparado para tentar aproveitar esse descontentamento, o governador e sua equipe se recuperaram sempre.<\/p>\n<p>Reagindo \u00e0 candidatura de Elliott, Rob Blanchard, porta -voz de Lamont, disse: &#8220;Desde o primeiro dia, o foco do governador Lamont tem sido expandir a oportunidade e tornar o Connecticut mais acess\u00edvel para fam\u00edlias trabalhadoras&#8221;.<\/p>\n<p>Lamont descreveu sua pr\u00f3pria pol\u00edtica como mais pr\u00f3xima do centro do espectro ideol\u00f3gico, mas ele \u00e9 r\u00e1pido em observar que seu mandato foi marcado por realiza\u00e7\u00f5es legislativas que foram aplaudidas pelos democratas progressistas no momento de sua passagem.<\/p>\n<div class=\"nlp-ignore-block article-content rich-text\">\n<aside class=\"promo-link\">\n\t<a href=\"https:\/\/www.wtnh.com\/news\/politics\/independent-report-reveals-lamont-staffer-used-government-issued-vehicle-for-personal-use\/?ipid=promo-link-block5\" class=\"promo-link__link\" target=\"\"_blank\"\"><\/p>\n<p>\t\tRelat\u00f3rio independente revela que o funcion\u00e1rio da Lamont usou ve\u00edculo emitido pelo governo para uso pessoal\t<\/a><br \/>\n<\/aside>\n<\/div>\n<p>&#8220;Ele defendeu prioridades progressivas, como cuidados infantis gratuitos para fam\u00edlias que ganham menos de US $ 100 mil, f\u00e9rias familiares e m\u00e9dicas remuneradas, expandindo nosso cr\u00e9dito de imposto de renda ganho para nossos residentes com o menor valor e aumentando nosso sal\u00e1rio m\u00ednimo para um dos mais altos do pa\u00eds&#8221;, disse Blanchard.<\/p>\n<p>&#8220;Embora esse seja um registro orgulhoso de acessibilidade e oportunidade que possa enfrentar qualquer um&#8221;, continuou Blanchard, &#8220;o governador entende que mais deve ser feito para reduzir os custos para as fam\u00edlias em Connecticut e continuar\u00e1 sendo o foco n\u00famero de sua administra\u00e7\u00e3o&#8221;.<\/p>\n<p><strong>Democratas moderados de volta Lamont<\/strong><\/p>\n<p>Embora ele tenha cr\u00edticos vocais em seu pr\u00f3prio partido, Lamont tamb\u00e9m desfruta de apoio de muitos democratas e possui consistentemente altos \u00edndices de aprova\u00e7\u00e3o p\u00fablica. O apoio a Lamont \u00e9 particularmente forte entre os democratas moderados &#8211; muitos dos quais representam comunidades suburbanas que foram fundamentais para as duas vit\u00f3rias de Lamont e as esmagadoras majorias legislativas dos democratas.<\/p>\n<p>&#8220;Ele \u00e9 fiscalmente conservador; ele \u00e9 socialmente progressivo quando precisa ser&#8221;, disse a deputada estadual Jill Barry, um democrata moderado que representa Glastonbury. &#8220;Ele fez um \u00f3timo trabalho.&#8221;<\/p>\n<p><strong>Como os democratas escolher\u00e3o seu candidato?<\/strong><\/p>\n<p>Milhares de l\u00edderes do Partido Democrata Local se reunir\u00e3o na conven\u00e7\u00e3o estadual do partido no in\u00edcio do pr\u00f3ximo ver\u00e3o para endossar formalmente um candidato a governador. Ap\u00f3s o processo de endosso do partido, uma elei\u00e7\u00e3o prim\u00e1ria decidida pelos eleitores democratas registrados poderia ser realizada se mais de um candidato se qualificar para a vota\u00e7\u00e3o. Essa elei\u00e7\u00e3o prim\u00e1ria seria a palavra final para determinar quem aparece na linha do Partido Democrata nas elei\u00e7\u00f5es gerais de novembro.<\/p>\n<p>Embora a corrida pelo governador n\u00e3o seja decidida at\u00e9 que os eleitores vantam para as pesquisas em novembro pr\u00f3ximo, o campo de candidatos e candidatos em potencial se forma lentamente nos \u00faltimos meses &#8211; com todos os olhos do governador para ver o que ele decide fazer.<\/p>\n<p><strong>Quais republicanos poderiam estar na vota\u00e7\u00e3o?<\/strong><\/p>\n<p>No lado republicano, uma lista de candidatos est\u00e1 fazendo fila para desafiar o eventual candidato democrata.<\/p>\n<p>Westport First Selectwoman Jen Tooker \u00e9 <a href=\"https:\/\/nam11.safelinks.protection.outlook.com\/?url=https%3A%2F%2Fwww.wtnh.com%2Fnews%2Fconnecticut%2Fhartford%2Fwestport-first-selectwoman-jen-tooker-announces-bid-for-governor%2F&#038;data=05%7C02%7CLauren.Drapeau%40wtnh.com%7C54b3e3c153a24eff133208ddbf294f79%7C9e5488e2e83844f6886cc7608242767e%7C0%7C0%7C638876906340397501%7CUnknown%7CTWFpbGZsb3d8eyJFbXB0eU1hcGkiOnRydWUsIlYiOiIwLjAuMDAwMCIsIlAiOiJXaW4zMiIsIkFOIjoiTWFpbCIsIldUIjoyfQ%3D%3D%7C0%7C%7C%7C&#038;sdata=oEBtpfkxG5kQmKhz%2Fhb7cSHG0vOwM6mJ3hbFCTOPyMI%3D&#038;reserved=0\">um candidato declarado<\/a>.<\/p>\n<p>Erin Stewart, o prefeito republicano da Nova Gr\u00e3 -Bretanha, \u00e9 <a href=\"https:\/\/nam11.safelinks.protection.outlook.com\/?url=https%3A%2F%2Fwww.wtnh.com%2Fnews%2Fconnecticut%2Fnew-britain-mayor-erin-stewart-officially-announces-she-is-exploring-a-run-for-governor%2F&#038;data=05%7C02%7CLauren.Drapeau%40wtnh.com%7C54b3e3c153a24eff133208ddbf294f79%7C9e5488e2e83844f6886cc7608242767e%7C0%7C0%7C638876906340418611%7CUnknown%7CTWFpbGZsb3d8eyJFbXB0eU1hcGkiOnRydWUsIlYiOiIwLjAuMDAwMCIsIlAiOiJXaW4zMiIsIkFOIjoiTWFpbCIsIldUIjoyfQ%3D%3D%7C0%7C%7C%7C&#038;sdata=dpj7ld5xq4qdzPLW199aRSek1W49T6%2BkIOIxacT3RCk%3D&#038;reserved=0\">Explorando ativamente uma campanha<\/a>.<\/p>\n<p>O senador estadual republicano Ryan Fazio <a href=\"https:\/\/nam11.safelinks.protection.outlook.com\/?url=https%3A%2F%2Fwww.wtnh.com%2Fnews%2Fconnecticut%2Ffairfield%2Fconnecticut-state-sen-fazio-says-he-is-strongly-considering-entering-race-for-governor%2F&#038;data=05%7C02%7CLauren.Drapeau%40wtnh.com%7C54b3e3c153a24eff133208ddbf294f79%7C9e5488e2e83844f6886cc7608242767e%7C0%7C0%7C638876906340431940%7CUnknown%7CTWFpbGZsb3d8eyJFbXB0eU1hcGkiOnRydWUsIlYiOiIwLjAuMDAwMCIsIlAiOiJXaW4zMiIsIkFOIjoiTWFpbCIsIldUIjoyfQ%3D%3D%7C0%7C%7C%7C&#038;sdata=45CIq8jtp1cQI3Gc459dGVLdC%2F7yJj9%2BlMv6uXAxgWg%3D&#038;reserved=0\">Disse News 8 no m\u00eas passado<\/a> Ele est\u00e1 &#8220;considerando fortemente&#8221; entrando na corrida pelo governador.<\/p>\n<p>O advogado de Fairfield, Peter Lumaj, um conservador franco, formou uma campanha explorat\u00f3ria para um escrit\u00f3rio em todo o estado, mas ele n\u00e3o indicou qual escrit\u00f3rio est\u00e1 de olho.<\/p>\n<p><br \/>\n<br \/><a href=\"https:\/\/www.wtnh.com\/news\/connecticut\/hartford\/the-more-the-merrier-lamont-reacts-to-democratic-candidates-for-governor\/\">Source link <\/a><\/p>","protected":false},"excerpt":{"rendered":"<p>South Windsor, Connecticut (WTNH) &#8211; O governador Ned Lamont ofereceu uma breve resposta \u00e0s not\u00edcias sobre o deputado estadual Josh Elliott, um democrata de Hamden, entrando na corrida pelo governador.&hellip;<\/p>","protected":false},"author":1,"featured_media":121468,"comment_status":"closed","ping_status":"open","sticky":false,"template":"","format":"standard","meta":{"content-type":"","footnotes":""},"categories":[1],"tags":[],"class_list":["post-121467","post","type-post","status-publish","format-standard","has-post-thumbnail","hentry","category-uncategorized"],"_links":{"self":[{"href":"https:\/\/tvbrazilusa.com\/pt\/wp-json\/wp\/v2\/posts\/121467","targetHints":{"allow":["GET"]}}],"collection":[{"href":"https:\/\/tvbrazilusa.com\/pt\/wp-json\/wp\/v2\/posts"}],"about":[{"href":"https:\/\/tvbrazilusa.com\/pt\/wp-json\/wp\/v2\/types\/post"}],"author":[{"embeddable":true,"href":"https:\/\/tvbrazilusa.com\/pt\/wp-json\/wp\/v2\/users\/1"}],"replies":[{"embeddable":true,"href":"https:\/\/tvbrazilusa.com\/pt\/wp-json\/wp\/v2\/comments?post=121467"}],"version-history":[{"count":1,"href":"https:\/\/tvbrazilusa.com\/pt\/wp-json\/wp\/v2\/posts\/121467\/revisions"}],"predecessor-version":[{"id":121469,"href":"https:\/\/tvbrazilusa.com\/pt\/wp-json\/wp\/v2\/posts\/121467\/revisions\/121469"}],"wp:featuredmedia":[{"embeddable":true,"href":"https:\/\/tvbrazilusa.com\/pt\/wp-json\/wp\/v2\/media\/121468"}],"wp:attachment":[{"href":"https:\/\/tvbrazilusa.com\/pt\/wp-json\/wp\/v2\/media?parent=121467"}],"wp:term":[{"taxonomy":"category","embeddable":true,"href":"https:\/\/tvbrazilusa.com\/pt\/wp-json\/wp\/v2\/categories?post=121467"},{"taxonomy":"post_tag","embeddable":true,"href":"https:\/\/tvbrazilusa.com\/pt\/wp-json\/wp\/v2\/tags?post=121467"}],"curies":[{"name":"wp","href":"https:\/\/api.w.org\/{rel}","templated":true}]}}