{"id":121512,"date":"2025-07-10T11:50:11","date_gmt":"2025-07-10T11:50:11","guid":{"rendered":"https:\/\/tvbrazilusa.com\/2025\/07\/10\/2-os-soldados-da-policia-estadual-de-connecticut-se-machucaram-enquanto-respondem-ao-crash-na-interstate-91-north-em-enfield\/"},"modified":"2025-07-10T12:54:14","modified_gmt":"2025-07-10T12:54:14","slug":"2-os-soldados-da-policia-estadual-de-connecticut-se-machucaram-enquanto-respondem-ao-crash-na-interstate-91-north-em-enfield","status":"publish","type":"post","link":"https:\/\/tvbrazilusa.com\/pt\/2025\/07\/10\/2-os-soldados-da-policia-estadual-de-connecticut-se-machucaram-enquanto-respondem-ao-crash-na-interstate-91-north-em-enfield\/","title":{"rendered":"2 Os soldados da pol\u00edcia estadual de Connecticut se machucaram enquanto respondem ao Crash na Interstate 91 North em Enfield"},"content":{"rendered":"<script async src=\"https:\/\/pagead2.googlesyndication.com\/pagead\/js\/adsbygoogle.js?client=ca-pub-8864793242727901\"\r\n     crossorigin=\"anonymous\"><\/script>\n<p>ENFIELD, Connecticut (WTNH) &#8211; Dois soldados da pol\u00edcia estadual de Connecticut ficaram feridos ao responder a um acidente na Interstate 91 North, em Enfield, quinta -feira de manh\u00e3, segundo a pol\u00edcia estadual.<\/p>\n<p>A pol\u00edcia estadual disse que os soldados foram atingidos enquanto respondiam a um relat\u00f3rio de um acidente de v\u00e1rios ve\u00edculos na \u00e1rea de sa\u00edda 48 por volta das 7h<\/p>\n<p>Um soldado estava do lado de fora do cruzador e o outro estava l\u00e1 dentro, na \u00e1rea da sa\u00edda 47W, quando foram atingidos, segundo a pol\u00edcia estadual. <\/p>\n<p>V\u00e1rias pessoas ficaram feridas e levadas a um hospital para tratamento, segundo a pol\u00edcia estadual. As informa\u00e7\u00f5es sobre a extens\u00e3o das les\u00f5es n\u00e3o estavam dispon\u00edveis imediatamente.<\/p>\n<p>A esta\u00e7\u00e3o irm\u00e3 do News 8 WWLP estava em cena e relatou ter visto um cruzador da pol\u00edcia estadual danificado e pelo menos seis ve\u00edculos no total envolvidos.<\/p>\n<div class=\"nlp-ignore-block article-content rich-text\">\n<aside class=\"promo-link\">\n\t<a href=\"https:\/\/www.wtnh.com\/news\/connecticut\/new-haven\/enfield-man-3rd-person-arrested-stemming-from-ansonia-street-takeover\/?ipid=promo-link-block1\" class=\"promo-link__link\" target=\"\"_blank\"\"><\/p>\n<p>\t\tEnfield Man \u00e9 a terceira pessoa presa em rela\u00e7\u00e3o \u00e0 aquisi\u00e7\u00e3o de Ansonia Street\t<\/a><br \/>\n<\/aside>\n<\/div>\n<p>O acidente fechou a interestadual entre as sa\u00eddas 47W e 48 e desligou a dire\u00e7\u00e3o leste na sa\u00edda 47. O tr\u00e1fego \u00e9 backup por pelo menos duas milhas, de acordo com o CT Dot, e outros motoristas est\u00e3o sendo direcionados para fora da estrada na Rota 190.<\/p>\n<p>A pol\u00edcia de Enfield disse que a pol\u00edcia estadual est\u00e1 investigando. <\/p>\n<p><em>Esta \u00e9 uma hist\u00f3ria em desenvolvimento. Fique no News 8 para atualiza\u00e7\u00f5es. <\/em><\/p>\n<p><br \/>\n<br \/><a href=\"https:\/\/www.wtnh.com\/news\/connecticut\/hartford\/multi-vehicle-crash-closes-i-91-north-in-enfield\/\">Source link <\/a><\/p>","protected":false},"excerpt":{"rendered":"<p>ENFIELD, Connecticut (WTNH) &#8211; Dois soldados da pol\u00edcia estadual de Connecticut ficaram feridos ao responder a um acidente na Interstate 91 North, em Enfield, quinta -feira de manh\u00e3, segundo a&hellip;<\/p>","protected":false},"author":1,"featured_media":84727,"comment_status":"closed","ping_status":"open","sticky":false,"template":"","format":"standard","meta":{"content-type":"","footnotes":""},"categories":[1],"tags":[],"class_list":["post-121512","post","type-post","status-publish","format-standard","has-post-thumbnail","hentry","category-uncategorized"],"_links":{"self":[{"href":"https:\/\/tvbrazilusa.com\/pt\/wp-json\/wp\/v2\/posts\/121512","targetHints":{"allow":["GET"]}}],"collection":[{"href":"https:\/\/tvbrazilusa.com\/pt\/wp-json\/wp\/v2\/posts"}],"about":[{"href":"https:\/\/tvbrazilusa.com\/pt\/wp-json\/wp\/v2\/types\/post"}],"author":[{"embeddable":true,"href":"https:\/\/tvbrazilusa.com\/pt\/wp-json\/wp\/v2\/users\/1"}],"replies":[{"embeddable":true,"href":"https:\/\/tvbrazilusa.com\/pt\/wp-json\/wp\/v2\/comments?post=121512"}],"version-history":[{"count":1,"href":"https:\/\/tvbrazilusa.com\/pt\/wp-json\/wp\/v2\/posts\/121512\/revisions"}],"predecessor-version":[{"id":121513,"href":"https:\/\/tvbrazilusa.com\/pt\/wp-json\/wp\/v2\/posts\/121512\/revisions\/121513"}],"wp:featuredmedia":[{"embeddable":true,"href":"https:\/\/tvbrazilusa.com\/pt\/wp-json\/wp\/v2\/media\/84727"}],"wp:attachment":[{"href":"https:\/\/tvbrazilusa.com\/pt\/wp-json\/wp\/v2\/media?parent=121512"}],"wp:term":[{"taxonomy":"category","embeddable":true,"href":"https:\/\/tvbrazilusa.com\/pt\/wp-json\/wp\/v2\/categories?post=121512"},{"taxonomy":"post_tag","embeddable":true,"href":"https:\/\/tvbrazilusa.com\/pt\/wp-json\/wp\/v2\/tags?post=121512"}],"curies":[{"name":"wp","href":"https:\/\/api.w.org\/{rel}","templated":true}]}}