{"id":121517,"date":"2025-07-10T17:42:16","date_gmt":"2025-07-10T17:42:16","guid":{"rendered":"https:\/\/tvbrazilusa.com\/2025\/07\/10\/apresentador-de-cabras-de-hartford-yard-connecticut-sun-e-uconn-huskies-chamado-new-england-patriots-emcee\/"},"modified":"2025-07-10T17:44:53","modified_gmt":"2025-07-10T17:44:53","slug":"apresentador-de-cabras-de-hartford-yard-connecticut-sun-e-uconn-huskies-chamado-new-england-patriots-emcee","status":"publish","type":"post","link":"https:\/\/tvbrazilusa.com\/pt\/2025\/07\/10\/apresentador-de-cabras-de-hartford-yard-connecticut-sun-e-uconn-huskies-chamado-new-england-patriots-emcee\/","title":{"rendered":"Apresentador de cabras de Hartford Yard, Connecticut Sun e Uconn Huskies chamado New England Patriots Emcee"},"content":{"rendered":"<script async src=\"https:\/\/pagead2.googlesyndication.com\/pagead\/js\/adsbygoogle.js?client=ca-pub-8864793242727901\"\r\n     crossorigin=\"anonymous\"><\/script>\n<p>HARTFORD, Connecticut (WTNH)-Conor Geary, o locutor de campo das cabras de Hartford Yard, Connecticut Sun e UConn Huskies, foi nomeado apresentador do dia do jogo dos Jogos em casa dos New England Patriots para a temporada 2025-2026.<\/p>\n<div class=\"nlp-ignore-block article-content rich-text\">\n<aside class=\"promo-link\">\n\t<a href=\"https:\/\/www.wtnh.com\/on-air\/thisweekinconnecticut\/meet-the-announcer-for-the-yard-goats-huskies-and-sun\/?ipid=promo-link-block1\" class=\"promo-link__link\"><\/p>\n<p>\t\tConhe\u00e7a o locutor para as cabras, huskies e sol\t<\/a><br \/>\n<\/aside>\n<\/div>\n<p>O ex -aluno da Manchester Native e do East Catholic High School fez seu nome como o cara que diverte os f\u00e3s do Yard Goats em Dunkin &#8216;Park, os Huskies no XL Center, renomearam a Peoples Bank Arena, Rentschler Field e Gampel Pavilion, al\u00e9m de Mohegan Sun Arena para o Sun.<\/p>\n<p>Geary <a href=\"https:\/\/www.instagram.com\/gamedayconor\/?hl=en\" target=\"_blank\" rel=\"noreferrer noopener\">postou as not\u00edcias nas m\u00eddias sociais<\/a> Quinta -feira \u00e0 tarde.<\/p>\n<p>&#8220;Estou em \u00eaxtase ao compartilhar que aceitei um convite para ser o anfitri\u00e3o oficial do GameDay para a Nova Inglaterra <a href=\"https:\/\/www.instagram.com\/Patriots\/?hl=en\" target=\"_blank\" rel=\"noreferrer noopener\">@Patriots<\/a> Para a temporada 2025-26! O campo de treinamento come\u00e7a em 23 de julho &#8211; espero v\u00ea -lo no Gillette Stadium! Sou t\u00e3o incrivelmente grato por todos voc\u00eas. Vamos fazer isso! &#8220;<\/p>\n<p>Geary foi apresentado em <a href=\"https:\/\/www.wtnh.com\/on-air\/thisweekinconnecticut\/meet-the-announcer-for-the-yard-goats-huskies-and-sun\/\">Esta semana em Connecticut com Dennis House<\/a> No ano passado, para falar sobre sua carreira. <\/p>\n<p><script async src=\"\/\/www.instagram.com\/embed.js\"><\/script><br \/>\n<br \/><br \/>\n<br \/><a href=\"https:\/\/www.wtnh.com\/sports\/host-of-hartford-yard-goats-connecticut-sun-and-uconn-huskies-named-new-england-patriots-emcee\/\">Source link <\/a><\/p>","protected":false},"excerpt":{"rendered":"<p>HARTFORD, Connecticut (WTNH)-Conor Geary, o locutor de campo das cabras de Hartford Yard, Connecticut Sun e UConn Huskies, foi nomeado apresentador do dia do jogo dos Jogos em casa dos&hellip;<\/p>","protected":false},"author":1,"featured_media":121518,"comment_status":"closed","ping_status":"open","sticky":false,"template":"","format":"standard","meta":{"content-type":"","footnotes":""},"categories":[1],"tags":[],"class_list":["post-121517","post","type-post","status-publish","format-standard","has-post-thumbnail","hentry","category-uncategorized"],"_links":{"self":[{"href":"https:\/\/tvbrazilusa.com\/pt\/wp-json\/wp\/v2\/posts\/121517","targetHints":{"allow":["GET"]}}],"collection":[{"href":"https:\/\/tvbrazilusa.com\/pt\/wp-json\/wp\/v2\/posts"}],"about":[{"href":"https:\/\/tvbrazilusa.com\/pt\/wp-json\/wp\/v2\/types\/post"}],"author":[{"embeddable":true,"href":"https:\/\/tvbrazilusa.com\/pt\/wp-json\/wp\/v2\/users\/1"}],"replies":[{"embeddable":true,"href":"https:\/\/tvbrazilusa.com\/pt\/wp-json\/wp\/v2\/comments?post=121517"}],"version-history":[{"count":1,"href":"https:\/\/tvbrazilusa.com\/pt\/wp-json\/wp\/v2\/posts\/121517\/revisions"}],"predecessor-version":[{"id":121519,"href":"https:\/\/tvbrazilusa.com\/pt\/wp-json\/wp\/v2\/posts\/121517\/revisions\/121519"}],"wp:featuredmedia":[{"embeddable":true,"href":"https:\/\/tvbrazilusa.com\/pt\/wp-json\/wp\/v2\/media\/121518"}],"wp:attachment":[{"href":"https:\/\/tvbrazilusa.com\/pt\/wp-json\/wp\/v2\/media?parent=121517"}],"wp:term":[{"taxonomy":"category","embeddable":true,"href":"https:\/\/tvbrazilusa.com\/pt\/wp-json\/wp\/v2\/categories?post=121517"},{"taxonomy":"post_tag","embeddable":true,"href":"https:\/\/tvbrazilusa.com\/pt\/wp-json\/wp\/v2\/tags?post=121517"}],"curies":[{"name":"wp","href":"https:\/\/api.w.org\/{rel}","templated":true}]}}