{"id":121537,"date":"2025-07-10T20:22:30","date_gmt":"2025-07-10T20:22:30","guid":{"rendered":"https:\/\/tvbrazilusa.com\/2025\/07\/10\/quem-e-o-novo-chefe-de-bombeiros-de-guilford\/"},"modified":"2025-07-10T20:23:24","modified_gmt":"2025-07-10T20:23:24","slug":"quem-e-o-novo-chefe-de-bombeiros-de-guilford","status":"publish","type":"post","link":"https:\/\/tvbrazilusa.com\/pt\/2025\/07\/10\/quem-e-o-novo-chefe-de-bombeiros-de-guilford\/","title":{"rendered":"Quem \u00e9 o novo chefe de bombeiros de Guilford?"},"content":{"rendered":"<script async src=\"https:\/\/pagead2.googlesyndication.com\/pagead\/js\/adsbygoogle.js?client=ca-pub-8864793242727901\"\r\n     crossorigin=\"anonymous\"><\/script>\n<p>Guilford, Connecticut (WTNH) &#8211; Ap\u00f3s a aposentadoria do ex -chefe dos bombeiros de Guilford, o chefe de opera\u00e7\u00f5es assistente foi nomeado para assumir o papel. <\/p>\n<div class=\"nlp-ignore-block article-content rich-text\">\n<aside class=\"promo-link\">\n\t<a href=\"https:\/\/www.wtnh.com\/news\/connecticut\/new-haven\/guilford-fire-chief-retires-after-54-years-with-department\/?ipid=promo-link-block1\" class=\"promo-link__link\" target=\"\"_blank\"\"><\/p>\n<p>\t\tO chefe dos bombeiros de Guilford se aposenta ap\u00f3s 54 anos com o Departamento\t<\/a><br \/>\n<\/aside>\n<\/div>\n<p>Michael Shove foi nomeado por unanimidade como o novo chefe de bombeiros\/marechal de bombeiros do departamento em 1\u00ba de julho. <\/p>\n<p>Shove iniciou sua carreira no servi\u00e7o de bombeiros no Departamento de Bombeiros de Guilford em 1993 como explorador volunt\u00e1rio. Ele foi contratado em 2002 como bombeiro de carreira e t\u00e9cnico m\u00e9dico de emerg\u00eancia. <\/p>\n<div class=\"nlp-ignore-block article-content rich-text\">\n<aside class=\"promo-link\">\n\t<a href=\"https:\/\/www.wtnh.com\/news\/connecticut\/new-haven\/shoreline-communities-in-connecticut-cleaning-up-after-thursday-storms\/?ipid=promo-link-block2\" class=\"promo-link__link\" target=\"\"_blank\"\"><\/p>\n<p>\t\tComunidades da costa na limpeza de Connecticut ap\u00f3s as tempestades de quinta -feira\t<\/a><br \/>\n<\/aside>\n<\/div>\n<p>Ele assumiu v\u00e1rias posi\u00e7\u00f5es e subiu no departamento, enquanto o corpo de bombeiros diz que estava &#8220;demonstrando lideran\u00e7a e dedica\u00e7\u00e3o excepcionais&#8221;.<\/p>\n<p>O departamento diz que o Stove tamb\u00e9m \u00e9 membro aposentado da Reserva da Guarda Costeira dos Estados Unidos, onde atuou como diretor s\u00eanior do Petty. <\/p>\n<p>&#8220;O Departamento de Bombeiros de Guilford parabeniza o chefe de sua promo\u00e7\u00e3o merecida e aguarda ansiosamente sua lideran\u00e7a cont\u00ednua em servir e proteger a comunidade de Guilford&#8221;, disse o departamento em comunicado \u00e0 imprensa na quinta-feira.<\/p>\n<p><br \/>\n<br \/><a href=\"https:\/\/www.wtnh.com\/news\/connecticut\/new-haven\/who-is-guilfords-new-fire-chief\/\">Source link <\/a><\/p>","protected":false},"excerpt":{"rendered":"<p>Guilford, Connecticut (WTNH) &#8211; Ap\u00f3s a aposentadoria do ex -chefe dos bombeiros de Guilford, o chefe de opera\u00e7\u00f5es assistente foi nomeado para assumir o papel. O chefe dos bombeiros de&hellip;<\/p>","protected":false},"author":1,"featured_media":121538,"comment_status":"closed","ping_status":"open","sticky":false,"template":"","format":"standard","meta":{"content-type":"","footnotes":""},"categories":[1],"tags":[],"class_list":["post-121537","post","type-post","status-publish","format-standard","has-post-thumbnail","hentry","category-uncategorized"],"_links":{"self":[{"href":"https:\/\/tvbrazilusa.com\/pt\/wp-json\/wp\/v2\/posts\/121537","targetHints":{"allow":["GET"]}}],"collection":[{"href":"https:\/\/tvbrazilusa.com\/pt\/wp-json\/wp\/v2\/posts"}],"about":[{"href":"https:\/\/tvbrazilusa.com\/pt\/wp-json\/wp\/v2\/types\/post"}],"author":[{"embeddable":true,"href":"https:\/\/tvbrazilusa.com\/pt\/wp-json\/wp\/v2\/users\/1"}],"replies":[{"embeddable":true,"href":"https:\/\/tvbrazilusa.com\/pt\/wp-json\/wp\/v2\/comments?post=121537"}],"version-history":[{"count":1,"href":"https:\/\/tvbrazilusa.com\/pt\/wp-json\/wp\/v2\/posts\/121537\/revisions"}],"predecessor-version":[{"id":121539,"href":"https:\/\/tvbrazilusa.com\/pt\/wp-json\/wp\/v2\/posts\/121537\/revisions\/121539"}],"wp:featuredmedia":[{"embeddable":true,"href":"https:\/\/tvbrazilusa.com\/pt\/wp-json\/wp\/v2\/media\/121538"}],"wp:attachment":[{"href":"https:\/\/tvbrazilusa.com\/pt\/wp-json\/wp\/v2\/media?parent=121537"}],"wp:term":[{"taxonomy":"category","embeddable":true,"href":"https:\/\/tvbrazilusa.com\/pt\/wp-json\/wp\/v2\/categories?post=121537"},{"taxonomy":"post_tag","embeddable":true,"href":"https:\/\/tvbrazilusa.com\/pt\/wp-json\/wp\/v2\/tags?post=121537"}],"curies":[{"name":"wp","href":"https:\/\/api.w.org\/{rel}","templated":true}]}}