{"id":121589,"date":"2025-07-11T14:09:02","date_gmt":"2025-07-11T14:09:02","guid":{"rendered":"https:\/\/tvbrazilusa.com\/2025\/07\/11\/jax-lawmaker-se-junta-ao-processo-sobre-o-acesso-ao-alligator-alcatraz-jacksonville-hoje\/"},"modified":"2025-07-11T14:19:07","modified_gmt":"2025-07-11T14:19:07","slug":"jax-lawmaker-se-junta-ao-processo-sobre-o-acesso-ao-alligator-alcatraz-jacksonville-hoje","status":"publish","type":"post","link":"https:\/\/tvbrazilusa.com\/pt\/2025\/07\/11\/jax-lawmaker-se-junta-ao-processo-sobre-o-acesso-ao-alligator-alcatraz-jacksonville-hoje\/","title":{"rendered":"Jax Lawmaker se junta ao processo sobre o acesso ao &#8216;Alligator Alcatraz&#8217; | Jacksonville hoje"},"content":{"rendered":"<p> <script async src=\"https:\/\/pagead2.googlesyndication.com\/pagead\/js\/adsbygoogle.js?client=ca-pub-8864793242727901\"\r\n     crossorigin=\"anonymous\"><\/script><br \/>\n<\/p>\n<div>\n<p>Um grupo de legisladores do estado democrata &#8211; incluindo a deputada Angie Nixon, de Jacksonville &#8211; processou quinta -feira por &#8220;acesso imediato e sem aviso pr\u00e9vio&#8221; a um controverso Centro de Deten\u00e7\u00e3o de Imigrantes nos Everglades, apelidado de &#8220;Alligator Alcatraz&#8221;.<\/p>\n<p>Juntamente com Nixon, a deputada Michelle Rayner, de S\u00e3o Petersburgo, deputada Anna Eskamani, de Orlando, o senador Carlos Guillermo Smith, de Orlando, e o senador Shevrin Jones, de Miami Gardens, pediram o Supremo Tribunal da Fl\u00f3rida pelo que \u00e9 conhecido como \u201cmandato de quo verso\u201d \u201d\u201d Eles argumentaram que o governo do governador Ron DeSantis violou a lei da Fl\u00f3rida quando se recusou a conceder entrada \u00e0 instala\u00e7\u00e3o em 3 de julho.<\/p>\n<p>Os legisladores foram negados a entrada por quatro funcion\u00e1rios e instru\u00eddos a agendar &#8220;uma turn\u00ea&#8221;, de acordo com o processo.<\/p>\n<p>A nega\u00e7\u00e3o da entrada foi &#8220;flagrantemente inconstitucional&#8221;, alegou que o processo, movido em nome dos legisladores pelo deputado estadual Ashley Gantt, D-Miami, e o deputado Lavon Bracy Davis, D-Ocoee, que s\u00e3o advogados. Gantt, Bracy Davis e Rayner lan\u00e7aram recentemente um escrit\u00f3rio de advocacia.<\/p>\n<p>\u201cA natureza flagrante, ilegal e descuidada de viola\u00e7\u00e3o da Constitui\u00e7\u00e3o da Fl\u00f3rida e da autoridade estatut\u00e1ria coloca os membros dos ramos legislativos e judiciais em risco, se n\u00f3s juramos proteger e defender a Constitui\u00e7\u00e3o e o Estado de Direito, n\u00e3o falamos em voz alta e ousada contra suas invas\u00f5es e transgressores\u201d, disse o processo.<\/p>\n<p>O estado deste m\u00eas come\u00e7ou a operar o centro de deten\u00e7\u00e3o em um local remoto cercado pelos Everglades e pela Big Cypress National Reserve, como DeSantis e outros l\u00edderes republicanos da Fl\u00f3rida ajudam na deporta\u00e7\u00e3o em massa de Trump de imigrantes indocumentados.<\/p>\n<p>A cria\u00e7\u00e3o do Centro de Deten\u00e7\u00e3o tem sido associada a uma ordem emitida pela DeSantis em janeiro de 2023, declarando um estado de emerg\u00eancia por causa da &#8220;migra\u00e7\u00e3o em massa de estrangeiros ilegais para a Fl\u00f3rida&#8221;. DeSantis renovou repetidamente a ordem, que permite que o Estado tome \u201ca\u00e7\u00e3o necess\u00e1ria\u201d para lidar com a emerg\u00eancia declarada.<\/p>\n<p>A lei da Fl\u00f3rida permite que os legisladores e alguns outros funcion\u00e1rios do estado \u201cpor seu prazer\u201d visitem as institui\u00e7\u00f5es correcionais do estado.<\/p>\n<p>De acordo com o processo, Rayner citou repetidamente a lei \u00e0s autoridades estaduais, enquanto os legisladores democratas tentavam entrar no Centro de Deten\u00e7\u00e3o. O grupo foi negado o acesso por &#8220;raz\u00f5es de seguran\u00e7a&#8221; e os parlamentares foram instru\u00eddos a agendar uma turn\u00ea.<\/p>\n<p>Em um e -mail na segunda -feira, um porta -voz da Divis\u00e3o de Gerenciamento de Emerg\u00eancias disse aos legisladores &#8220;a autoridade legal citada pelo Legislativo n\u00e3o se estende a essa instala\u00e7\u00e3o da maneira solicitada&#8221;.<\/p>\n<p>A nega\u00e7\u00e3o de entrada no Centro de Deten\u00e7\u00e3o &#8220;foi um excesso de executivo inconstitucional porque impediu que os membros devidamente eleitos do Legislativo da Fl\u00f3rida exercessem seus poderes&#8221; e &#8220;restringissem a independ\u00eancia do Legislativo como um ramo co-equal do governo&#8221;, alegou o processo.<\/p>\n<p>Em meio \u00e0 controv\u00e9rsia, as autoridades de gerenciamento de emerg\u00eancia convidaram na quarta-feira os legisladores estaduais-incluindo Nixon-e os membros do Congresso para visitar a instala\u00e7\u00e3o no s\u00e1bado, criando uma turn\u00ea de 90 minutos restrita aos legisladores.<\/p>\n<p>Mas o processo disse que a lei da Fl\u00f3rida oferece aos legisladores &#8220;acesso amplo&#8221; para inspecionar as instala\u00e7\u00f5es correcionais sem aviso pr\u00e9vio para que possam &#8220;observar as condi\u00e7\u00f5es n\u00e3o adulteradas da instala\u00e7\u00e3o&#8221;.<\/p>\n<p>&#8220;O Estado de Direito deve ser mantido. Nossa Constitui\u00e7\u00e3o n\u00e3o coroa um rei. N\u00e3o \u00e9 hiperb\u00f3lico afirmar que as a\u00e7\u00f5es do governador, direta ou indiretamente atrav\u00e9s das a\u00e7\u00f5es dos diretores da ag\u00eancia e de seus funcion\u00e1rios, podem se tornar mais abrangentes no terceiro ramo de nosso governo&#8221;, disse o processo.<\/p>\n<p>Um estado de emerg\u00eancia concede ao governador o poder de suspender as leis que &#8220;impediriam, impediriam ou atrasariam a a\u00e7\u00e3o necess\u00e1ria para lidar com a emerg\u00eancia&#8221;, reconheceu o processo.<\/p>\n<p>Mas o processo disse que a &#8220;tentativa de exercer seu direito de acessar a instala\u00e7\u00e3o&#8221; dos legisladores n\u00e3o teria afetado a capacidade do governo DeSantis de lidar com a emerg\u00eancia.<\/p>\n<p>&#8220;Os poderes de emerg\u00eancia n\u00e3o se destinam a permitir que o governador suspenda os poderes dos legisladores estaduais, onde o exerc\u00edcio de tais poderes estatut\u00e1rios n\u00e3o impedem, atrasam ou impedem o governador de lidar com a emerg\u00eancia em quest\u00e3o&#8221;, argumentaram os advogados dos legisladores. \u201cEste \u00e9 especialmente o caso em que os peticion\u00e1rios procuraram obter acesso \u00e0 instala\u00e7\u00e3o para o benef\u00edcio da transpar\u00eancia para o p\u00fablico. Se interpretado de outra forma, isso permitiria aos entrevistados (DeSantis e Divis\u00e3o de Gerenciamento de Emerg\u00eancias Kevin Guthrie) operar em situa\u00e7\u00f5es de emerg\u00eancia prolongadas\u201d, com supervis\u00e3o n\u00e3o fundida- submeter o ato de emerg\u00eancia legislativo do ato de gerenciamento estatal. \u201d<\/p>\n<p>O centro de deten\u00e7\u00e3o, que as autoridades estaduais disseram que podem abrigar at\u00e9 3.000 detidos, tamb\u00e9m \u00e9 o foco de uma a\u00e7\u00e3o movida por grupos ambientais que buscam uma ordem de restri\u00e7\u00e3o tempor\u00e1ria e uma liminar para suspender a instala\u00e7\u00e3o.<\/p>\n<p>O processo, arquivado por amigos dos Everglades e o Centro de Diversidade Biol\u00f3gica, afirma que a instala\u00e7\u00e3o deve ser interrompida porque amea\u00e7a \u00e1reas e esp\u00e9cies ambientalmente sens\u00edveis nos Everglades e Big Cypress National Reserve. O centro \u00e9 co-localizado com o Aeroporto de Treinamento e Transi\u00e7\u00e3o do Dade-Collier, um local remoto usado para treinamento de v\u00f4o.<\/p>\n<\/div>\n<p><br \/>\n<br \/><a href=\"https:\/\/jaxtoday.org\/2025\/07\/11\/jax-lawmaker-joins-suit-over-access-to-alligator-alcatraz\/\">Source link <\/a><\/p>","protected":false},"excerpt":{"rendered":"<p>Um grupo de legisladores do estado democrata &#8211; incluindo a deputada Angie Nixon, de Jacksonville &#8211; processou quinta -feira por &#8220;acesso imediato e sem aviso pr\u00e9vio&#8221; a um controverso Centro&hellip;<\/p>","protected":false},"author":1,"featured_media":121590,"comment_status":"closed","ping_status":"open","sticky":false,"template":"","format":"standard","meta":{"content-type":"","footnotes":""},"categories":[1],"tags":[],"class_list":["post-121589","post","type-post","status-publish","format-standard","has-post-thumbnail","hentry","category-uncategorized"],"_links":{"self":[{"href":"https:\/\/tvbrazilusa.com\/pt\/wp-json\/wp\/v2\/posts\/121589","targetHints":{"allow":["GET"]}}],"collection":[{"href":"https:\/\/tvbrazilusa.com\/pt\/wp-json\/wp\/v2\/posts"}],"about":[{"href":"https:\/\/tvbrazilusa.com\/pt\/wp-json\/wp\/v2\/types\/post"}],"author":[{"embeddable":true,"href":"https:\/\/tvbrazilusa.com\/pt\/wp-json\/wp\/v2\/users\/1"}],"replies":[{"embeddable":true,"href":"https:\/\/tvbrazilusa.com\/pt\/wp-json\/wp\/v2\/comments?post=121589"}],"version-history":[{"count":1,"href":"https:\/\/tvbrazilusa.com\/pt\/wp-json\/wp\/v2\/posts\/121589\/revisions"}],"predecessor-version":[{"id":121591,"href":"https:\/\/tvbrazilusa.com\/pt\/wp-json\/wp\/v2\/posts\/121589\/revisions\/121591"}],"wp:featuredmedia":[{"embeddable":true,"href":"https:\/\/tvbrazilusa.com\/pt\/wp-json\/wp\/v2\/media\/121590"}],"wp:attachment":[{"href":"https:\/\/tvbrazilusa.com\/pt\/wp-json\/wp\/v2\/media?parent=121589"}],"wp:term":[{"taxonomy":"category","embeddable":true,"href":"https:\/\/tvbrazilusa.com\/pt\/wp-json\/wp\/v2\/categories?post=121589"},{"taxonomy":"post_tag","embeddable":true,"href":"https:\/\/tvbrazilusa.com\/pt\/wp-json\/wp\/v2\/tags?post=121589"}],"curies":[{"name":"wp","href":"https:\/\/api.w.org\/{rel}","templated":true}]}}