{"id":121665,"date":"2025-07-12T17:29:00","date_gmt":"2025-07-12T17:29:00","guid":{"rendered":"https:\/\/tvbrazilusa.com\/2025\/07\/12\/vereadora-do-pt-assassinada-no-rs-fazia-parte-de-uma-faccao-criminosa-diz-policia-morte-dela-despertou-solidariedade-de-janja\/"},"modified":"2025-07-12T17:33:08","modified_gmt":"2025-07-12T17:33:08","slug":"vereadora-do-pt-assassinada-no-rs-fazia-parte-de-uma-faccao-criminosa-diz-policia-morte-dela-despertou-solidariedade-de-janja","status":"publish","type":"post","link":"https:\/\/tvbrazilusa.com\/pt\/2025\/07\/12\/vereadora-do-pt-assassinada-no-rs-fazia-parte-de-uma-faccao-criminosa-diz-policia-morte-dela-despertou-solidariedade-de-janja\/","title":{"rendered":"Vereadora do PT assassinada no RS fazia parte de uma fac\u00e7\u00e3o criminosa, diz pol\u00edcia; morte dela despertou solidariedade de Janja"},"content":{"rendered":"<p> <script async src=\"https:\/\/pagead2.googlesyndication.com\/pagead\/js\/adsbygoogle.js?client=ca-pub-8864793242727901\"\r\n     crossorigin=\"anonymous\"><\/script><br \/>\n<\/p>\n<div id=\"taboola-read-more\" style=\"display:block; width:100%\">\n                <!-- Snigel topo do texto --><\/p>\n<p>Investiga\u00e7\u00e3o da Pol\u00edcia Civil do Rio Grande do Sul afirma que a Elisane Rodrigues, vereadora morta a facadas na noite de 16 junho de 2025, era ligada a uma organiza\u00e7\u00e3o criminosa.<\/p>\n<p>Segundo a pol\u00edcia, est\u00e1 descartada qualquer motiva\u00e7\u00e3o pol\u00edtica para o assassinato.\n<\/p>\n<p>Elisane tinha 49 anos e era vereadora pelo PT na cidade ga\u00facha de Formigueiro, que fica a 285 km de Porto Alegre. Sua morte despertou uma onda solidariedade entre petistas, inclusive com a primeira-dama, Janja Lula da Silva, que fez uma publica\u00e7\u00e3o de apoio no seu perfil no Instagram em 18 de junho: \u201cA viol\u00eancia contra as mulheres \u00e9 uma realidade cruel e inadmiss\u00edvel e o feminic\u00eddio exige uma resposta firme e urgente\u201d.\n<\/p>\n<p>Na 5\u00aa feira (10.jul.2025), a Pol\u00edcia Civil do Estado prendeu a mulher suspeita de ser a mandante do assassinato da vereadora. No dia 20 de junho, 3 dias depois do crime, a pol\u00edcia j\u00e1 havia detido o prov\u00e1vel assassino, um homem de 18 anos.\n<\/p>\n<p>Para o respons\u00e1vel pelo caso, delegado Ant\u00f4nio Firmino de Freitas Neto, da Delegacia de Formigueiro, a v\u00edtima foi atra\u00edda ao local do crime sob o pretexto de que ela poderia comprar carne abaixo do valor de mercado. Elisane conhecia o suspeito do assassinato.\n<\/p>\n<p>Ainda segundo as investiga\u00e7\u00f5es do caso, a vereadora teria sido morta por brigas internas da fac\u00e7\u00e3o criminosa da qual ela fazia parte. Na verdade, a d\u00edvida em quest\u00e3o teria sido feita por ela, e n\u00e3o pelo filho. Ela seria envolvida com tr\u00e1fico de drogas na regi\u00e3o. A informa\u00e7\u00e3o \u00e9 da revista\u00a0<em>Veja.<\/em>\n<\/p>\n<p>Inicialmente, a linha de investiga\u00e7\u00e3o adotada sugeria que o motivo do crime seriam d\u00edvidas contra\u00eddas pelo filho da vereadora.\n<\/p>\n<p>No X (antigo Twitter), o vereador de Curitiba Rodrigo Marcial (Novo-RS) publicou diversos posts em que aborda o caso. Segundo ele, \u201c<em>a vereadora tinha cerca de R$ 500 mil nas contas banc\u00e1rias, e o pr\u00f3prio filho tamb\u00e9m estaria envolvido com o tr\u00e1fico<\/em>\u00a0[de drogas]\u201d.\n<\/p>\n<\/p>\n<div class=\"inner-page-section__content-text\">\n<div class=\"inner-page-section__text\">\n<p>O pol\u00edtico ainda aproveitou a oportunidade para criticar os petistas que se solidarizaram com a morte da mulher. \u201c<em>O lulopetismo corre para narrativas emocionais \u2014 \u201c\u00f3dio pol\u00edtico\u201d, \u201cmisoginia\u201d, \u201cgolpismo\u201d \u2014 enquanto ignora, sistematicamente, os v\u00ednculos de parte de sua base com o crime organizado<\/em>\u201d, escreveu.\n<\/p>\n<p>Depois das informa\u00e7\u00f5es trazias \u00e0 tona pela Pol\u00edcia Civil do Rio Grande do Sul, integrantes do PT n\u00e3o se manifestaram novamente sobre o caso.\n<\/p>\n<\/div>\n<\/div>\n<p><strong>Poder 360<\/strong>              <\/p>\n<\/div>\n<p><br \/>\n<br \/><a href=\"https:\/\/tvfloridausa.com\/2025\/07\/12\/vereadora-do-pt-assassinada-no-rs-fazia-parte-de-uma-faccao-criminosa-diz-policia-morte-dela-despertou-solidariedade-de-janja\/\">Source link <\/a><\/p>","protected":false},"excerpt":{"rendered":"<p>Investiga\u00e7\u00e3o da Pol\u00edcia Civil do Rio Grande do Sul afirma que a Elisane Rodrigues, vereadora morta a facadas na noite de 16 junho de 2025, era ligada a uma organiza\u00e7\u00e3o&hellip;<\/p>","protected":false},"author":1,"featured_media":50382,"comment_status":"closed","ping_status":"open","sticky":false,"template":"","format":"standard","meta":{"content-type":"","footnotes":""},"categories":[22],"tags":[],"class_list":["post-121665","post","type-post","status-publish","format-standard","has-post-thumbnail","hentry","category-tv-florida-usa"],"_links":{"self":[{"href":"https:\/\/tvbrazilusa.com\/pt\/wp-json\/wp\/v2\/posts\/121665","targetHints":{"allow":["GET"]}}],"collection":[{"href":"https:\/\/tvbrazilusa.com\/pt\/wp-json\/wp\/v2\/posts"}],"about":[{"href":"https:\/\/tvbrazilusa.com\/pt\/wp-json\/wp\/v2\/types\/post"}],"author":[{"embeddable":true,"href":"https:\/\/tvbrazilusa.com\/pt\/wp-json\/wp\/v2\/users\/1"}],"replies":[{"embeddable":true,"href":"https:\/\/tvbrazilusa.com\/pt\/wp-json\/wp\/v2\/comments?post=121665"}],"version-history":[{"count":1,"href":"https:\/\/tvbrazilusa.com\/pt\/wp-json\/wp\/v2\/posts\/121665\/revisions"}],"predecessor-version":[{"id":121666,"href":"https:\/\/tvbrazilusa.com\/pt\/wp-json\/wp\/v2\/posts\/121665\/revisions\/121666"}],"wp:featuredmedia":[{"embeddable":true,"href":"https:\/\/tvbrazilusa.com\/pt\/wp-json\/wp\/v2\/media\/50382"}],"wp:attachment":[{"href":"https:\/\/tvbrazilusa.com\/pt\/wp-json\/wp\/v2\/media?parent=121665"}],"wp:term":[{"taxonomy":"category","embeddable":true,"href":"https:\/\/tvbrazilusa.com\/pt\/wp-json\/wp\/v2\/categories?post=121665"},{"taxonomy":"post_tag","embeddable":true,"href":"https:\/\/tvbrazilusa.com\/pt\/wp-json\/wp\/v2\/tags?post=121665"}],"curies":[{"name":"wp","href":"https:\/\/api.w.org\/{rel}","templated":true}]}}