{"id":121673,"date":"2025-07-13T10:30:00","date_gmt":"2025-07-13T10:30:00","guid":{"rendered":"https:\/\/tvbrazilusa.com\/2025\/07\/13\/brasil-ter-sediado-a-reuniao-de-cupula-do-brics-pode-ter-influenciado-tarifas-de-trump\/"},"modified":"2025-07-13T11:03:52","modified_gmt":"2025-07-13T11:03:52","slug":"brasil-ter-sediado-a-reuniao-de-cupula-do-brics-pode-ter-influenciado-tarifas-de-trump","status":"publish","type":"post","link":"https:\/\/tvbrazilusa.com\/pt\/2025\/07\/13\/brasil-ter-sediado-a-reuniao-de-cupula-do-brics-pode-ter-influenciado-tarifas-de-trump\/","title":{"rendered":"Brasil ter sediado a reuni\u00e3o de c\u00fapula do Brics, pode ter influenciado tarifas de Trump?"},"content":{"rendered":"<p> <script async src=\"https:\/\/pagead2.googlesyndication.com\/pagead\/js\/adsbygoogle.js?client=ca-pub-8864793242727901\"\r\n     crossorigin=\"anonymous\"><\/script><br \/>\n<\/p>\n<div>\n<figure class=\"post-image\">\n<\/figure>\n<p>            <span style=\"font-size: 12px\">REPRODU\u00c7\u00c3O METROPOLES<\/span><\/p>\n<div id=\"taboola-read-more\" style=\"display:block; width:100%\">\n                <!-- Snigel topo do texto --><\/p>\n<p>\u00a0 \u00a0 \u00a0 Na semana passada, o\u00a0<a rel=\"nofollow\" target=\"_blank\" href=\"https:\/\/www.metropoles.com\/tag\/rio-de-janeiro\">Rio de Janeiro<\/a>\u00a0sediou a reuni\u00e3o de c\u00fapula do Brics, grupo que re\u00fane 11 pa\u00edses em desenvolvimento em busca de coopera\u00e7\u00e3o econ\u00f4mica, pol\u00edtica e social. Logo ap\u00f3s o primeiro dia do encontro, sinais de turbul\u00eancia come\u00e7aram a surgir, com o presidente dos\u00a0<a rel=\"nofollow\" target=\"_blank\" href=\"https:\/\/www.metropoles.com\/tag\/estados-unidos\">Estados Unido<\/a>s,<a rel=\"nofollow\" target=\"_blank\" href=\"https:\/\/www.metropoles.com\/tag\/donald-trump\">\u00a0Donald Trump<\/a>, amea\u00e7ando taxar em 10% \u201cqualquer pa\u00eds que se aliar \u00e0s pol\u00edticas antiamericanas do Brics\u201d. De acordo a Casa Branca, o republicano acompanhava \u201cde perto\u201d a reuni\u00e3o dos l\u00edderes.<\/p>\n<p data-gtm-vis-recent-on-screen104869357_94=\"225622\" data-gtm-vis-first-on-screen104869357_94=\"225622\" data-gtm-vis-total-visible-time104869357_94=\"100\" data-gtm-vis-has-fired104869357_94=\"1\">A amea\u00e7a, no entanto, foi apenas um pren\u00fancio do que estava por vir. Na \u00faltima quarta-feira (9\/7), um dia ap\u00f3s o evento, Trump formalizou por meio de uma carta endere\u00e7ada ao presidente\u00a0<a rel=\"nofollow\" target=\"_blank\" href=\"https:\/\/www.metropoles.com\/tag\/lula\">Luiz In\u00e1cio Lula da Silva (PT)<\/a>\u00a0a imposi\u00e7\u00e3o de uma tarifa de 50% sobre as exporta\u00e7\u00f5es brasileiras, decis\u00e3o que aprofundou a crise nas rela\u00e7\u00f5es entre os pa\u00edses.<\/p>\n<p>\u00a0<\/p>\n<hr\/>\n<h3>O que \u00e9 o Brics?<\/h3>\n<ul>\n<li>O Bric foi criado em 2001 por Jim O\u2019Neill, economista do Goldman Sachs, ao se referir a Brasil, R\u00fassia, \u00cdndia e China como economias emergentes com grande potencial de crescimento at\u00e9 2050.<\/li>\n<li>Inicialmente, o Bric era apenas uma recomenda\u00e7\u00e3o para investidores, no entanto, a formaliza\u00e7\u00e3o do grupo aconteceu em 2006 na Assembleia-Geral da Organiza\u00e7\u00e3o das Na\u00e7\u00f5es Unidas (ONU) com a primeira reuni\u00e3o ministerial informal.<\/li>\n<li>O trabalho conjunto ganhou for\u00e7a depois da crise financeira de 2008, seguido pela primeira c\u00fapula de chefes de Estado em 2009, na R\u00fassia. No ano seguinte, em 2010, se formalizou a entrada da \u00c1frica do Sul, oficializando o \u201cS\u201d no acr\u00f4nimo: Brics.<\/li>\n<li>Apesar das diferen\u00e7as culturais e regionais, os membros do Brics compartilham um vasto territ\u00f3rio com uma popula\u00e7\u00e3o numerosa, al\u00e9m de um r\u00e1pido processo de industrializa\u00e7\u00e3o.<\/li>\n<li>Agora, fazem parte do Brics: \u00c1frica do Sul, Ar\u00e1bia Saudita, Brasil, China, Egito, Emirados \u00c1rabes Unidos, Eti\u00f3pia, Indon\u00e9sia, \u00cdndia, Ir\u00e3 e R\u00fassia.<\/li>\n<\/ul>\n<hr\/>\n<p>Para especialistas, o protagonismo do Brasil frente ao bloco, aliado \u00e0 defesa de Lula por mecanismos de pagamentos alternativos ao d\u00f3lar, podem ter influenciado a a\u00e7\u00e3o do republicano.\n<\/p>\n<p>No encerramento da c\u00fapula, o petista defendeu a ado\u00e7\u00e3o de meios alternativos \u00e0 moeda americana. Pa\u00edses do Brics t\u00eam negociado, por exemplo, o uso de moedas locais no com\u00e9rcio internacional para reduzir a depend\u00eancia ao d\u00f3lar.\n<\/p>\n<blockquote>\n<p>\u201cEu acho que o mundo precisa encontrar um jeito de que a nossa rela\u00e7\u00e3o comercial n\u00e3o precise passar pelo d\u00f3lar. Quando for com os Estados Unidos, ela passa pelo d\u00f3lar. Mas, quando for com a Argentina, n\u00e3o precisa passar. Quando for com a China, n\u00e3o precisa passar. Quando for com a \u00cdndia, n\u00e3o precisa passar. Quando for com a Europa, discute-se em euro\u201d, exemplificou Lula em entrevista \u00e0 imprensa, na \u00faltima ter\u00e7a-feira (8\/7).<\/p>\n<\/blockquote>\n<\/div>\n<p>\u201cNingu\u00e9m determinou que o d\u00f3lar \u00e9 a moeda padr\u00e3o. Em que f\u00f3rum foi determinado? E, obviamente, n\u00f3s temos toda a responsabilidade de fazer isso com muito cuidado. Os nossos bancos centrais precisam discutir isso com os bancos centrais dos outros pa\u00edses\u201d, completou o petista.\n<\/p>\n<div class=\"splide-container\">\n<div class=\"pre-slider\">\n<p>\u00a0<\/p>\n<div class=\"splide__first\">\n<div class=\"splide__slide\"><\/div>\n<\/div>\n<\/div>\n<\/div>\n<p>Para Jo\u00e3o Alfredo Lopes Nyegray, coordenador do Observat\u00f3rio de Neg\u00f3cios Internacionais da Pontif\u00edcia Universidade Cat\u00f3lica do Paran\u00e1 (PUCPR), a fala pode ter impulsionado o presidente americano a tomar medidas mais en\u00e9rgicas contra o Brasil.\n<\/p>\n<p>\u00a0<\/p>\n<p>\u201cQuando Lula prop\u00f5e mecanismos alternativos ao d\u00f3lar em transa\u00e7\u00f5es entre pa\u00edses do Sul Global \u2014 inclusive com apoio da China e da R\u00fassia \u2014, ele afeta diretamente a arquitetura de poder constru\u00edda pelos EUA no p\u00f3s-guerra e que Trump vem tentando refor\u00e7ar. A declara\u00e7\u00e3o da c\u00fapula do Brics, por sua vez, refor\u00e7a essa posi\u00e7\u00e3o ao pedir reformas em institui\u00e7\u00f5es como o FMI e defender uma ordem financeira mais multipolar\u201d, avalia.\n<\/p>\n<blockquote>\n<p>Ele tamb\u00e9m pondera que Trump segue uma l\u00f3gica de \u201cdiplomacia punitiva\u201d, que afeta pa\u00edses que questionam a hegemonia americana. \u201cPunir o Brasil, nesse contexto, \u00e9 um aviso direto a outros pa\u00edses do Brics \u2014 e tamb\u00e9m \u00e0queles que cogitam aderir a esse movimento \u2014 de que haver\u00e1 custo geoecon\u00f4mico para desafiar o status quo\u201d, pontua o especialista.<\/p>\n<\/blockquote>\n<\/div>\n<p>Luciano Mu\u00f1oz, professor de Rela\u00e7\u00f5es Internacionais do Centro Universit\u00e1rio de Bras\u00edlia (CEUB), afirma que as novas tarifas de Donald Trump s\u00e3o um reflexo da expans\u00e3o do Brics nos \u00faltimos dois anos.\n<\/p>\n<p>\u201cEssa expans\u00e3o, que vem de dois anos para c\u00e1, tem sido compreendida como uma vis\u00e3o chinesa ou, talvez, chinesa e russa, porque a\u00ed voc\u00ea junta tamb\u00e9m o contexto da guerra da Ucr\u00e2nia e o isolamento russo. Mas o Brics \u00e9 um desafogo para o isolamento da R\u00fassia e, do ponto de vista da China, que n\u00e3o est\u00e1 isolada, \u00e9 uma plataforma de proje\u00e7\u00e3o global ainda maior, num cen\u00e1rio que vem ficando bastante n\u00edtido\u201d, pontua Mu\u00f1oz.<\/p>\n<p><br \/>\n<br \/><a href=\"https:\/\/tvfloridausa.com\/2025\/07\/13\/brasil-ter-sediado-a-reuniao-de-cupula-do-brics-pode-ter-influenciado-tarifas-de-trump\/\">Source link <\/a><\/p>","protected":false},"excerpt":{"rendered":"<p>REPRODU\u00c7\u00c3O METROPOLES \u00a0 \u00a0 \u00a0 Na semana passada, o\u00a0Rio de Janeiro\u00a0sediou a reuni\u00e3o de c\u00fapula do Brics, grupo que re\u00fane 11 pa\u00edses em desenvolvimento em busca de coopera\u00e7\u00e3o econ\u00f4mica, pol\u00edtica&hellip;<\/p>","protected":false},"author":1,"featured_media":121674,"comment_status":"closed","ping_status":"open","sticky":false,"template":"","format":"standard","meta":{"content-type":"","footnotes":""},"categories":[22],"tags":[],"class_list":["post-121673","post","type-post","status-publish","format-standard","has-post-thumbnail","hentry","category-tv-florida-usa"],"_links":{"self":[{"href":"https:\/\/tvbrazilusa.com\/pt\/wp-json\/wp\/v2\/posts\/121673","targetHints":{"allow":["GET"]}}],"collection":[{"href":"https:\/\/tvbrazilusa.com\/pt\/wp-json\/wp\/v2\/posts"}],"about":[{"href":"https:\/\/tvbrazilusa.com\/pt\/wp-json\/wp\/v2\/types\/post"}],"author":[{"embeddable":true,"href":"https:\/\/tvbrazilusa.com\/pt\/wp-json\/wp\/v2\/users\/1"}],"replies":[{"embeddable":true,"href":"https:\/\/tvbrazilusa.com\/pt\/wp-json\/wp\/v2\/comments?post=121673"}],"version-history":[{"count":1,"href":"https:\/\/tvbrazilusa.com\/pt\/wp-json\/wp\/v2\/posts\/121673\/revisions"}],"predecessor-version":[{"id":121675,"href":"https:\/\/tvbrazilusa.com\/pt\/wp-json\/wp\/v2\/posts\/121673\/revisions\/121675"}],"wp:featuredmedia":[{"embeddable":true,"href":"https:\/\/tvbrazilusa.com\/pt\/wp-json\/wp\/v2\/media\/121674"}],"wp:attachment":[{"href":"https:\/\/tvbrazilusa.com\/pt\/wp-json\/wp\/v2\/media?parent=121673"}],"wp:term":[{"taxonomy":"category","embeddable":true,"href":"https:\/\/tvbrazilusa.com\/pt\/wp-json\/wp\/v2\/categories?post=121673"},{"taxonomy":"post_tag","embeddable":true,"href":"https:\/\/tvbrazilusa.com\/pt\/wp-json\/wp\/v2\/tags?post=121673"}],"curies":[{"name":"wp","href":"https:\/\/api.w.org\/{rel}","templated":true}]}}