{"id":121740,"date":"2025-07-14T18:41:42","date_gmt":"2025-07-14T18:41:42","guid":{"rendered":"https:\/\/tvbrazilusa.com\/2025\/07\/14\/o-sistema-tropical-poderia-se-desenvolver-sobre-o-norte-da-florida-e-o-golfo-jacksonville-hoje\/"},"modified":"2025-07-14T18:49:09","modified_gmt":"2025-07-14T18:49:09","slug":"o-sistema-tropical-poderia-se-desenvolver-sobre-o-norte-da-florida-e-o-golfo-jacksonville-hoje","status":"publish","type":"post","link":"https:\/\/tvbrazilusa.com\/pt\/2025\/07\/14\/o-sistema-tropical-poderia-se-desenvolver-sobre-o-norte-da-florida-e-o-golfo-jacksonville-hoje\/","title":{"rendered":"O sistema tropical poderia se desenvolver sobre o norte da Fl\u00f3rida e o Golfo | Jacksonville hoje"},"content":{"rendered":"<p> <script async src=\"https:\/\/pagead2.googlesyndication.com\/pagead\/js\/adsbygoogle.js?client=ca-pub-8864793242727901\"\r\n     crossorigin=\"anonymous\"><\/script><br \/>\n<\/p>\n<div>\n<p>Um sistema meteorol\u00f3gico sobre o norte da Fl\u00f3rida, que se estende pelo Noroeste do Golfo, tem 30% de chance de desenvolvimento tropical nos pr\u00f3ximos sete dias, diz o National Hurricane Center.<\/p>\n<p>No curto prazo, h\u00e1 menos chance de desenvolvimento. Mas \u00e0 medida que a semana avan\u00e7a, um sistema fraco de baixa press\u00e3o se desenvolver\u00e1 no sudeste dos Estados Unidos.<\/p>\n<p>Esse dist\u00farbio deve sair da costa das Carolinas entre segunda e ter\u00e7a -feira. \u00c0 medida que o Bermuda High se fortalece e se move para o oeste, o sistema de baixa press\u00e3o ser\u00e1 empurrado para o oeste, provavelmente sobre a Fl\u00f3rida.<\/p>\n<figure class=\"wp-block-image size-large\"><figcaption>Baixa chance de desenvolvimento tropical nos pr\u00f3ximos 7 dias.<\/figcaption><\/figure>\n<p>Uma vez no Golfo, o sistema de baixa press\u00e3o deve come\u00e7ar a adquirir um conjunto de tempestades e talvez uma rota\u00e7\u00e3o no sentido anti-hor\u00e1rio. Se uma tempestade tropical for formar, provavelmente se desenvolver\u00e1 lentamente.<\/p>\n<p>Antes que esse sistema se desenvolva, se o fizer, haver\u00e1 muita umidade dispon\u00edvel na atmosfera, que, combinada com o calor, permitir\u00e1 que as chuvas fortes ca\u00edssem e afetem grande parte do estado, especialmente a metade sul da Fl\u00f3rida.<\/p>\n<p>Segunda -feira parece ser o dia mais ativo, especialmente para o sul da Fl\u00f3rida, mas lembre -se de que o risco de inunda\u00e7\u00e3o repentina aumenta um n\u00edvel (n\u00edvel 2 de 4) e assume o controle da Fl\u00f3rida Central e do Sul.<\/p>\n<p>Os modelos continuam mostrando que a ter\u00e7a-feira ser\u00e1 um dia encharcado e tempestuoso, principalmente no sul da Fl\u00f3rida, com condados de Palm Beach, Broward, Miami-Dade, Monroe, Lee, Hendry e Collier ainda sob um pequeno risco de inunda\u00e7\u00f5es repentinas.<\/p>\n<figure class=\"wp-block-image size-large\"><img decoding=\"async\" src=\"https:\/\/npr.brightspotcdn.com\/dims3\/default\/strip\/false\/crop\/763x433+0+0\/resize\/1200\/quality\/75\/format\/webp\/?url=http%3A%2F%2Fnpr-brightspot.s3.amazonaws.com%2Fb4%2F49%2Fda0031ba4907ba18bfaca33ea94e%2Fsnip20250712-9.png\" alt=\"A umidade profunda estar\u00e1 dispon\u00edvel atrav\u00e9s de uma camada profunda da atmosfera durante a primeira metade da semana, atravessando a Fl\u00f3rida.\"\/><figcaption>A umidade profunda estar\u00e1 dispon\u00edvel atrav\u00e9s de uma camada profunda da atmosfera durante a primeira metade da semana, atravessando a Fl\u00f3rida.<\/figcaption><\/figure>\n<p>As chuvas variar\u00e3o entre 2 e 4 polegadas no sul da Fl\u00f3rida e 1 a 3 polegadas no centro da Fl\u00f3rida. Mas pode haver quantidades isoladas acima de 6 polegadas at\u00e9 ter\u00e7a -feira de manh\u00e3.<\/p>\n<p>A \u00e1rea que provavelmente receber\u00e1 as chuvas mais altas at\u00e9 o meio da pr\u00f3xima semana tamb\u00e9m tem uma seca pior. O sudeste da Fl\u00f3rida piorou sua seca de moderada a severa, e o sudoeste da Fl\u00f3rida passou de seca anormal para moderada.<\/p>\n<p>Quando chuvas fortes caem sobre \u00e1reas atingidas pela seca, \u00e9 mais prov\u00e1vel que as inunda\u00e7\u00f5es aconte\u00e7am, pois o solo \u00e9 t\u00e3o compactado que n\u00e3o permite a drenagem adequada. Isso torna a situa\u00e7\u00e3o mais preocupante.<\/p>\n<\/div>\n<p><br \/>\n<br \/><a href=\"https:\/\/jaxtoday.org\/2025\/07\/14\/tropical-system-could-develop-over-north-florida-and-gulf\/\">Source link <\/a><\/p>","protected":false},"excerpt":{"rendered":"<p>Um sistema meteorol\u00f3gico sobre o norte da Fl\u00f3rida, que se estende pelo Noroeste do Golfo, tem 30% de chance de desenvolvimento tropical nos pr\u00f3ximos sete dias, diz o National Hurricane&hellip;<\/p>","protected":false},"author":1,"featured_media":121741,"comment_status":"closed","ping_status":"open","sticky":false,"template":"","format":"standard","meta":{"content-type":"","footnotes":""},"categories":[1],"tags":[1360,33733,33734,33730,33731,33735,33732,1267,1268,33792,33793,33780,33794,33795,33796,33797,33798,33799,33736,33800],"class_list":["post-121740","post","type-post","status-publish","format-standard","has-post-thumbnail","hentry","category-uncategorized","tag-clima","tag-clima-severo-fpren","tag-clima-tropical-fpren","tag-fpren","tag-fpren-seca-e-incendio","tag-hurricanestrong","tag-inundacoes-fpren-e-chuva-forte","tag-noticias","tag-noticias-do-estado","tag-wfit","tag-wfsu","tag-wgcu","tag-wjct-fpren","tag-wkgc","tag-wlrn","tag-wmfe","tag-wqcs","tag-wuft","tag-wusf","tag-wuwf"],"_links":{"self":[{"href":"https:\/\/tvbrazilusa.com\/pt\/wp-json\/wp\/v2\/posts\/121740","targetHints":{"allow":["GET"]}}],"collection":[{"href":"https:\/\/tvbrazilusa.com\/pt\/wp-json\/wp\/v2\/posts"}],"about":[{"href":"https:\/\/tvbrazilusa.com\/pt\/wp-json\/wp\/v2\/types\/post"}],"author":[{"embeddable":true,"href":"https:\/\/tvbrazilusa.com\/pt\/wp-json\/wp\/v2\/users\/1"}],"replies":[{"embeddable":true,"href":"https:\/\/tvbrazilusa.com\/pt\/wp-json\/wp\/v2\/comments?post=121740"}],"version-history":[{"count":1,"href":"https:\/\/tvbrazilusa.com\/pt\/wp-json\/wp\/v2\/posts\/121740\/revisions"}],"predecessor-version":[{"id":121742,"href":"https:\/\/tvbrazilusa.com\/pt\/wp-json\/wp\/v2\/posts\/121740\/revisions\/121742"}],"wp:featuredmedia":[{"embeddable":true,"href":"https:\/\/tvbrazilusa.com\/pt\/wp-json\/wp\/v2\/media\/121741"}],"wp:attachment":[{"href":"https:\/\/tvbrazilusa.com\/pt\/wp-json\/wp\/v2\/media?parent=121740"}],"wp:term":[{"taxonomy":"category","embeddable":true,"href":"https:\/\/tvbrazilusa.com\/pt\/wp-json\/wp\/v2\/categories?post=121740"},{"taxonomy":"post_tag","embeddable":true,"href":"https:\/\/tvbrazilusa.com\/pt\/wp-json\/wp\/v2\/tags?post=121740"}],"curies":[{"name":"wp","href":"https:\/\/api.w.org\/{rel}","templated":true}]}}