{"id":121827,"date":"2025-07-15T11:21:37","date_gmt":"2025-07-15T11:21:37","guid":{"rendered":"https:\/\/tvbrazilusa.com\/2025\/07\/15\/a-cultura-corporativa-inspira-a-nova-marca-de-cafe-fl-fundada-por-2-amigos-da-faculdade\/"},"modified":"2025-07-15T13:33:18","modified_gmt":"2025-07-15T13:33:18","slug":"a-cultura-corporativa-inspira-a-nova-marca-de-cafe-fl-fundada-por-2-amigos-da-faculdade","status":"publish","type":"post","link":"https:\/\/tvbrazilusa.com\/pt\/2025\/07\/15\/a-cultura-corporativa-inspira-a-nova-marca-de-cafe-fl-fundada-por-2-amigos-da-faculdade\/","title":{"rendered":"A cultura corporativa inspira a nova marca de caf\u00e9 FL fundada por 2 amigos da faculdade"},"content":{"rendered":"<p> <script async src=\"https:\/\/pagead2.googlesyndication.com\/pagead\/js\/adsbygoogle.js?client=ca-pub-8864793242727901\"\r\n     crossorigin=\"anonymous\"><\/script><br \/>\n<\/p>\n<div>\n<p>Inspirado por sua rotina p\u00f3s-College 9 a 5 na Am\u00e9rica corporativa, dois amigos que se formaram na Florida Gulf Coast University, em Fort Myers, se uniram para lan\u00e7ar uma nova marca de caf\u00e9 com\u00e9rcio eletr\u00f4nico. <\/p>\n<\/div>\n<div>\n<p><a href=\"https:\/\/www.corporatemenace.com\/\" target=\"_blank\" rel=\"nofollow\">Amea\u00e7a corporativa Coffee Co.<\/a> Oferece misturas de alta qualidade e de grau especial com nomes como aquisi\u00e7\u00e3o hostil, a agita\u00e7\u00e3o da manh\u00e3, a coragem l\u00edquida e a desist\u00eancia silenciosa. <\/p>\n<p>Os fundadores Nathan Wilson, estrategista de marketing e eventos em S\u00e3o Petersburgo, e Michael Patella, consultor corporativo com sede no sul da Fl\u00f3rida, lan\u00e7ou a marca em janeiro. Eles se juntam ao executivo corporativo de longa data Matthew Patella na iniciativa. <\/p>\n<\/div>\n<div>\n<p>Os amigos da faculdade s\u00e3o \u201cconhecedores de caf\u00e9 auto-descritos de longa data, disse Wilson a Patch. <\/p>\n<figure><figcaption>(Cortesia da Corporate Menace Coffee Co.)<\/figcaption><\/figure>\n<p>Ambos tamb\u00e9m come\u00e7aram as vendas, passando muito tempo na estrada para o trabalho nos \u00faltimos anos. Durante suas viagens, eles tiveram dificuldade em encontrar uma boa x\u00edcara de Joe. <\/p>\n<\/div>\n<div>\n<p>&#8220;N\u00f3s meio que aprendemos que n\u00e3o h\u00e1 um \u00f3timo caf\u00e9 nos hot\u00e9is, e at\u00e9 a Starbucks n\u00e3o \u00e9 t\u00e3o boa&#8221;, disse Wilson. <\/p>\n<p>O caf\u00e9 desempenha um papel fundamental na cultura corporativa e os amigos decidiram criar sua pr\u00f3pria marca para refletir esse mundo. <\/p>\n<\/div>\n<div>\n<p>&#8220;Acordar todos os dias e a sensa\u00e7\u00e3o bem -sucedida de fechar um acordo, assinar novos clientes ou cumprir os prazos&#8221;, disse ele. &#8220;Quer\u00edamos uma marca de caf\u00e9 que captura esses sentimentos especificamente. N\u00e3o \u00e9 apenas um gosto em uma x\u00edcara; \u00e9 sobre esses sentimentos&#8221;.<\/p>\n<hr\/>\n<p><strong>Veja tamb\u00e9m: <\/strong><\/p>\n<\/div>\n<div>\n<hr\/>\n<p>Enquanto desenvolvem a amea\u00e7a corporativa no \u00faltimo ano e meio, eles passaram algum tempo aprendendo sobre o neg\u00f3cio de caf\u00e9, seja sobre diferentes misturas para como obter eticamente e sustent\u00e1vel os feij\u00f5es.<\/p>\n<p>A startup apresentar\u00e1 seu caf\u00e9 nos pr\u00f3ximos festivais, no Festival de Caf\u00e9 da Fl\u00f3rida e no Tampa Bay Coffee and Art Festival.<\/p>\n<p>Enquanto os amantes do caf\u00e9 podem comprar caf\u00e9 mo\u00eddo e gr\u00e3os integrais diretamente de seu site, a dupla tamb\u00e9m est\u00e1 mirando em espa\u00e7os de coworking, restaurantes e cafeterias na \u00e1rea de Tampa Bay e no sul da Fl\u00f3rida. <\/p>\n<p>Enquanto isso, os dois continuam trabalhando em seus empregos di\u00e1rios. <\/p>\n<p>&#8220;Gosto de brincar que n\u00e3o quer\u00edamos sair completamente. Queremos ter certeza de que mantemos um p\u00e9 na Am\u00e9rica corporativa&#8221;, disse Wilson. &#8220;Queremos permanecer relevantes para a marca e nossos clientes&#8221;.<\/p>\n<\/div>\n<p><br \/>\n<br \/><a href=\"http:\/\/patch.com\/florida\/stpete\/corporate-culture-inspires-new-fl-coffee-brand-founded-2-college-friends?utm_source=article-mostrecent&#038;utm_medium=rss&#038;utm_term=business&#038;utm_campaign=recirc&#038;utm_content=aol\">Source link <\/a><\/p>","protected":false},"excerpt":{"rendered":"<p>Inspirado por sua rotina p\u00f3s-College 9 a 5 na Am\u00e9rica corporativa, dois amigos que se formaram na Florida Gulf Coast University, em Fort Myers, se uniram para lan\u00e7ar uma nova&hellip;<\/p>","protected":false},"author":1,"featured_media":121828,"comment_status":"closed","ping_status":"open","sticky":false,"template":"","format":"standard","meta":{"content-type":"","footnotes":""},"categories":[1],"tags":[],"class_list":["post-121827","post","type-post","status-publish","format-standard","has-post-thumbnail","hentry","category-uncategorized"],"_links":{"self":[{"href":"https:\/\/tvbrazilusa.com\/pt\/wp-json\/wp\/v2\/posts\/121827","targetHints":{"allow":["GET"]}}],"collection":[{"href":"https:\/\/tvbrazilusa.com\/pt\/wp-json\/wp\/v2\/posts"}],"about":[{"href":"https:\/\/tvbrazilusa.com\/pt\/wp-json\/wp\/v2\/types\/post"}],"author":[{"embeddable":true,"href":"https:\/\/tvbrazilusa.com\/pt\/wp-json\/wp\/v2\/users\/1"}],"replies":[{"embeddable":true,"href":"https:\/\/tvbrazilusa.com\/pt\/wp-json\/wp\/v2\/comments?post=121827"}],"version-history":[{"count":1,"href":"https:\/\/tvbrazilusa.com\/pt\/wp-json\/wp\/v2\/posts\/121827\/revisions"}],"predecessor-version":[{"id":121829,"href":"https:\/\/tvbrazilusa.com\/pt\/wp-json\/wp\/v2\/posts\/121827\/revisions\/121829"}],"wp:featuredmedia":[{"embeddable":true,"href":"https:\/\/tvbrazilusa.com\/pt\/wp-json\/wp\/v2\/media\/121828"}],"wp:attachment":[{"href":"https:\/\/tvbrazilusa.com\/pt\/wp-json\/wp\/v2\/media?parent=121827"}],"wp:term":[{"taxonomy":"category","embeddable":true,"href":"https:\/\/tvbrazilusa.com\/pt\/wp-json\/wp\/v2\/categories?post=121827"},{"taxonomy":"post_tag","embeddable":true,"href":"https:\/\/tvbrazilusa.com\/pt\/wp-json\/wp\/v2\/tags?post=121827"}],"curies":[{"name":"wp","href":"https:\/\/api.w.org\/{rel}","templated":true}]}}