{"id":121830,"date":"2025-07-14T18:55:25","date_gmt":"2025-07-14T18:55:25","guid":{"rendered":"https:\/\/tvbrazilusa.com\/2025\/07\/14\/o-homem-que-matou-a-ex-esposa-enfrenta-pena-de-morte-em-assassinatos-de-ex-sogros\/"},"modified":"2025-07-15T13:46:04","modified_gmt":"2025-07-15T13:46:04","slug":"o-homem-que-matou-a-ex-esposa-enfrenta-pena-de-morte-em-assassinatos-de-ex-sogros","status":"publish","type":"post","link":"https:\/\/tvbrazilusa.com\/pt\/2025\/07\/14\/o-homem-que-matou-a-ex-esposa-enfrenta-pena-de-morte-em-assassinatos-de-ex-sogros\/","title":{"rendered":"O homem que matou a ex-esposa enfrenta pena de morte em assassinatos de ex-sogros"},"content":{"rendered":"<p> <script async src=\"https:\/\/pagead2.googlesyndication.com\/pagead\/js\/adsbygoogle.js?client=ca-pub-8864793242727901\"\r\n     crossorigin=\"anonymous\"><\/script><br \/>\n<\/p>\n<div>\n<p>A sele\u00e7\u00e3o do j\u00fari come\u00e7ou na segunda -feira para a senten\u00e7a de um <a href=\"https:\/\/www.abcactionnews.com\/news\/region-pinellas\/sentencing-for-florida-man-accused-of-killing-ex-wife-in-laws-starts-monday\" target=\"_blank\" rel=\"nofollow\">Homem da Fl\u00f3rida<\/a> que se declararam culpados de matar sua ex-esposa, tr\u00eas de seus familiares e tr\u00eas c\u00e3es de fam\u00edlia em 2018, segundo relatos da m\u00eddia.<\/p>\n<\/div>\n<div>\n<p>As autoridades disseram <a href=\"https:\/\/apnews.com\/article\/b96332ff831c4374b7e5fad094a376e4\" target=\"_blank\" rel=\"nofollow\">Shelby Nealy<\/a>que tamb\u00e9m \u00e9 conhecido como Shelby Svensen, passou meses fingindo que Jamie Ivancic, sua ex-esposa de 21 anos, estava viva, embora mais tarde ela tenha sido encontrada enterrada no quintal de sua casa em New Port Richey, segundo relatos. Ivancic morreu de uma causa desconhecida em janeiro de 2018, segundo relatos.<\/p>\n<p><a href=\"https:\/\/www.fox13news.com\/news\/sentencing-phase-man-who-killed-ex-wife-in-laws-begins-monday\" target=\"_blank\" rel=\"nofollow\">Fam\u00edlia de Ivancic<\/a> Mensagens de texto recebidas e fotos dos dois filhos do casal, que Neal foi acusado de enviar do telefone de Ivancic, informou a WTVT.<\/p>\n<\/div>\n<div>\n<p>Quando a fam\u00edlia de Ivancic pediu para falar com ela, Nealy foi acusada de dirigir para Tarpon Springs e matar seus pais, seu irm\u00e3o e c\u00e3es da fam\u00edlia em dezembro de 2018, informou a WTVT.<\/p>\n<p>Ele foi acusado de usar um <a href=\"https:\/\/apnews.com\/general-news-97bb2e3e45cb47a4995303a424124e77\" target=\"_blank\" rel=\"nofollow\">martelo para matar<\/a> Os pais de Ivancic, dias antes do Natal, e depois, colocando seus corpos no quarto depois de envolv\u00ea -los em tapetes, informou a Associated Press. Seu irm\u00e3o foi morto enquanto dormia em um sof\u00e1.<\/p>\n<\/div>\n<div>\n<p>Nealy foi acusado de roubar o carro da m\u00e3e de Ivancic e fugir para Ohio com seus filhos pequenos, dizem os relat\u00f3rios.<\/p>\n<p>Os corpos dos pais de Ivancic foram descobertos no dia de Ano Novo de 2019 e <a href=\"https:\/\/www.abcactionnews.com\/news\/region-pinellas\/sentencing-for-florida-man-accused-of-killing-ex-wife-in-laws-starts-monday\" target=\"_blank\" rel=\"nofollow\">O corpo de Ivancic<\/a> foi encontrado dias depois, relatados pelo WFTS.<\/p>\n<\/div>\n<div>\n<p>Os investigadores acabaram rastreando Nealy depois que ele usou o telefone para entregar uma pizza ao lar dos pais de Ivancic, e ele foi preso em 3 de janeiro de 2019, informou a Associated Press.<\/p>\n<p>Nealy reconheceu matar seus ex-sogros para os investigadores e disse que os matou depois que n\u00e3o falavam com Ivancic por quase um ano e ficou suspeito, informou a Associated Press, citando registros do tribunal anteriores.<\/p>\n<\/div>\n<div>\n<p>As evid\u00eancias contra Nealy inclu\u00edram o v\u00eddeo que o capturou comprando suprimentos usados nos assassinatos em uma loja de ferragens pr\u00f3xima e vendendo j\u00f3ias em lojas de penhores, informou a Associated Press, acrescentando que ele foi acusado de usar sua impress\u00e3o digital para concluir essas transa\u00e7\u00f5es.<\/p>\n<p>Na morte de Ivancic, Nealy se declarou culpado de homic\u00eddio culposo e foi condenado a 30 anos de pris\u00e3o no condado de Pasco, informou a WTVT. <\/p>\n<p>Ent\u00e3o, em 2023, ele se declarou culpado de tr\u00eas acusa\u00e7\u00f5es de assassinato em primeiro grau e tr\u00eas acusa\u00e7\u00f5es de crueldade animal agravada no condado de Pinellas, informou a WTVT. <\/p>\n<p>Ele enfrenta a vida na pris\u00e3o ou a pena de morte, uma senten\u00e7a que ser\u00e1 decidida por um j\u00fari, segundo relatos.<\/p>\n<p>O advogado de Neal est\u00e1 lutando para sustentar o mandato de que uma decis\u00e3o do j\u00fari deve ser un\u00e2nime, pois era antes de um ajuste da lei em 2023, informou a WTVT. Atualmente, um j\u00fari pode votar de 8 a 4 pela pena de morte.<\/p>\n<\/div>\n<p><br \/>\n<br \/><a href=\"http:\/\/patch.com\/florida\/stpete\/fl-man-who-killed-ex-wife-faces-death-penalty-deaths-former-laws-reports?utm_source=article-mostrecent&#038;utm_medium=rss&#038;utm_term=crime%20%26%20safety&#038;utm_campaign=recirc&#038;utm_content=aol\">Source link <\/a><\/p>","protected":false},"excerpt":{"rendered":"<p>A sele\u00e7\u00e3o do j\u00fari come\u00e7ou na segunda -feira para a senten\u00e7a de um Homem da Fl\u00f3rida que se declararam culpados de matar sua ex-esposa, tr\u00eas de seus familiares e tr\u00eas&hellip;<\/p>","protected":false},"author":1,"featured_media":121831,"comment_status":"closed","ping_status":"open","sticky":false,"template":"","format":"standard","meta":{"content-type":"","footnotes":""},"categories":[1],"tags":[],"class_list":["post-121830","post","type-post","status-publish","format-standard","has-post-thumbnail","hentry","category-uncategorized"],"_links":{"self":[{"href":"https:\/\/tvbrazilusa.com\/pt\/wp-json\/wp\/v2\/posts\/121830","targetHints":{"allow":["GET"]}}],"collection":[{"href":"https:\/\/tvbrazilusa.com\/pt\/wp-json\/wp\/v2\/posts"}],"about":[{"href":"https:\/\/tvbrazilusa.com\/pt\/wp-json\/wp\/v2\/types\/post"}],"author":[{"embeddable":true,"href":"https:\/\/tvbrazilusa.com\/pt\/wp-json\/wp\/v2\/users\/1"}],"replies":[{"embeddable":true,"href":"https:\/\/tvbrazilusa.com\/pt\/wp-json\/wp\/v2\/comments?post=121830"}],"version-history":[{"count":1,"href":"https:\/\/tvbrazilusa.com\/pt\/wp-json\/wp\/v2\/posts\/121830\/revisions"}],"predecessor-version":[{"id":121832,"href":"https:\/\/tvbrazilusa.com\/pt\/wp-json\/wp\/v2\/posts\/121830\/revisions\/121832"}],"wp:featuredmedia":[{"embeddable":true,"href":"https:\/\/tvbrazilusa.com\/pt\/wp-json\/wp\/v2\/media\/121831"}],"wp:attachment":[{"href":"https:\/\/tvbrazilusa.com\/pt\/wp-json\/wp\/v2\/media?parent=121830"}],"wp:term":[{"taxonomy":"category","embeddable":true,"href":"https:\/\/tvbrazilusa.com\/pt\/wp-json\/wp\/v2\/categories?post=121830"},{"taxonomy":"post_tag","embeddable":true,"href":"https:\/\/tvbrazilusa.com\/pt\/wp-json\/wp\/v2\/tags?post=121830"}],"curies":[{"name":"wp","href":"https:\/\/api.w.org\/{rel}","templated":true}]}}