{"id":121891,"date":"2025-07-16T03:18:09","date_gmt":"2025-07-16T03:18:09","guid":{"rendered":"https:\/\/tvbrazilusa.com\/2025\/07\/16\/lesoes-graves-relatadas-apos-o-carro-cair-um-aterro-na-i-91-em-windsor\/"},"modified":"2025-07-16T03:43:44","modified_gmt":"2025-07-16T03:43:44","slug":"lesoes-graves-relatadas-apos-o-carro-cair-um-aterro-na-i-91-em-windsor","status":"publish","type":"post","link":"https:\/\/tvbrazilusa.com\/pt\/2025\/07\/16\/lesoes-graves-relatadas-apos-o-carro-cair-um-aterro-na-i-91-em-windsor\/","title":{"rendered":"Les\u00f5es graves relatadas ap\u00f3s o carro cair um aterro na I-91 em Windsor"},"content":{"rendered":"<script async src=\"https:\/\/pagead2.googlesyndication.com\/pagead\/js\/adsbygoogle.js?client=ca-pub-8864793242727901\"\r\n     crossorigin=\"anonymous\"><\/script>\n<p>WINDSOR, Connecticut (WTNH) &#8211; Les\u00f5es graves foram relatadas depois que um carro caiu em um aterro na Interestadual 91 sul na noite de ter\u00e7a -feira. <\/p>\n<p>A sa\u00edda 38A foi fechada devido ao acidente, e a pol\u00edcia estadual est\u00e1 dizendo que o lado sul da estrada est\u00e1 fechado a partir das 23h05<\/p>\n<div class=\"nlp-ignore-block article-content rich-text\">\n<aside class=\"promo-link\">\n\t<a href=\"https:\/\/www.wtnh.com\/news\/connecticut\/litchfield\/2-people-injured-in-crash-on-route-8-in-harwinton\/?ipid=promo-link-block1\" class=\"promo-link__link\" target=\"\"_blank\"\"><\/p>\n<p>\t\t2 pessoas feridas no acidente na Rota 8 em Harwinton\t<\/a><br \/>\n<\/aside>\n<\/div>\n<p>A pol\u00edcia n\u00e3o divulgou mais informa\u00e7\u00f5es sobre as circunst\u00e2ncias do acidente ou quantas pessoas estavam envolvidas.<\/p>\n<p><em>Esta \u00e9 uma hist\u00f3ria em desenvolvimento. Volte ao News 8 para atualiza\u00e7\u00f5es.<\/em><\/p>\n<p><br \/>\n<br \/><a href=\"https:\/\/www.wtnh.com\/news\/connecticut\/hartford\/serious-injuries-reported-after-car-crashes-down-an-embankment-on-i-91\/\">Source link <\/a><\/p>","protected":false},"excerpt":{"rendered":"<p>WINDSOR, Connecticut (WTNH) &#8211; Les\u00f5es graves foram relatadas depois que um carro caiu em um aterro na Interestadual 91 sul na noite de ter\u00e7a -feira. A sa\u00edda 38A foi fechada&hellip;<\/p>","protected":false},"author":1,"featured_media":87103,"comment_status":"closed","ping_status":"open","sticky":false,"template":"","format":"standard","meta":{"content-type":"","footnotes":""},"categories":[1],"tags":[],"class_list":["post-121891","post","type-post","status-publish","format-standard","has-post-thumbnail","hentry","category-uncategorized"],"_links":{"self":[{"href":"https:\/\/tvbrazilusa.com\/pt\/wp-json\/wp\/v2\/posts\/121891","targetHints":{"allow":["GET"]}}],"collection":[{"href":"https:\/\/tvbrazilusa.com\/pt\/wp-json\/wp\/v2\/posts"}],"about":[{"href":"https:\/\/tvbrazilusa.com\/pt\/wp-json\/wp\/v2\/types\/post"}],"author":[{"embeddable":true,"href":"https:\/\/tvbrazilusa.com\/pt\/wp-json\/wp\/v2\/users\/1"}],"replies":[{"embeddable":true,"href":"https:\/\/tvbrazilusa.com\/pt\/wp-json\/wp\/v2\/comments?post=121891"}],"version-history":[{"count":1,"href":"https:\/\/tvbrazilusa.com\/pt\/wp-json\/wp\/v2\/posts\/121891\/revisions"}],"predecessor-version":[{"id":121892,"href":"https:\/\/tvbrazilusa.com\/pt\/wp-json\/wp\/v2\/posts\/121891\/revisions\/121892"}],"wp:featuredmedia":[{"embeddable":true,"href":"https:\/\/tvbrazilusa.com\/pt\/wp-json\/wp\/v2\/media\/87103"}],"wp:attachment":[{"href":"https:\/\/tvbrazilusa.com\/pt\/wp-json\/wp\/v2\/media?parent=121891"}],"wp:term":[{"taxonomy":"category","embeddable":true,"href":"https:\/\/tvbrazilusa.com\/pt\/wp-json\/wp\/v2\/categories?post=121891"},{"taxonomy":"post_tag","embeddable":true,"href":"https:\/\/tvbrazilusa.com\/pt\/wp-json\/wp\/v2\/tags?post=121891"}],"curies":[{"name":"wp","href":"https:\/\/api.w.org\/{rel}","templated":true}]}}