{"id":121895,"date":"2025-07-16T07:25:05","date_gmt":"2025-07-16T07:25:05","guid":{"rendered":"https:\/\/tvbrazilusa.com\/2025\/07\/16\/consultor-de-calor-em-vigor-para-todo-o-estado-ate-quinta-feira\/"},"modified":"2025-07-16T07:35:59","modified_gmt":"2025-07-16T07:35:59","slug":"consultor-de-calor-em-vigor-para-todo-o-estado-ate-quinta-feira","status":"publish","type":"post","link":"https:\/\/tvbrazilusa.com\/pt\/2025\/07\/16\/consultor-de-calor-em-vigor-para-todo-o-estado-ate-quinta-feira\/","title":{"rendered":"Consultor de calor em vigor para todo o estado at\u00e9 quinta -feira!"},"content":{"rendered":"<p> <script async src=\"https:\/\/pagead2.googlesyndication.com\/pagead\/js\/adsbygoogle.js?client=ca-pub-8864793242727901\"\r\n     crossorigin=\"anonymous\"><\/script><br \/>\n<\/p>\n<p>O t\u00edpico calor e umidade t\u00edpicos de julho continuar\u00e3o hoje e durante o dia amanh\u00e3. As temperaturas ser\u00e3o submetidas aos anos 80 e 90 e baixos em todo o estado hoje. Infelizmente, a umidade far\u00e1 com que pare\u00e7a os anos 90 superiores, com al\u00edvio da umidade chegando na sexta -feira \u00e0 tarde. Enquanto isso, um aviso de calor para todo o estado at\u00e9 quinta -feira \u00e0 noite.<\/p>\n<figure class=\"wp-block-image size-full\"><\/figure>\n<p>Os troncos isolados s\u00e3o poss\u00edveis nesta tarde, com a maioria das cidades ficando secas. Cuidado com a possibilidade de algumas inunda\u00e7\u00f5es localizadas na quinta -feira, pois as tempestades ser\u00e3o mais difundidas e robustas. Uma frente fria atravessar\u00e1 na sexta -feira, inaugurando condi\u00e7\u00f5es mais confort\u00e1veis para a sexta -feira \u00e0 tarde e s\u00e1bado. Chuveiros\/tempestades e umidade mais alta retornam domingo!<\/p>\n<p><strong>Hoje:<\/strong> Nebuloso, quente e \u00famido. Um ThundersHower da tarde pop-up poss\u00edvel (a maioria das cidades fica seca). Altos nos anos 80 a 90s superiores. Parece 95-100.<\/p>\n<figure class=\"wp-block-image size-full\"><img loading=\"lazy\" decoding=\"async\" width=\"1280\" height=\"720\" src=\"https:\/\/www.wtnh.com\/wp-content\/uploads\/sites\/100\/2025\/07\/Forecast_Today_ddc1ca.png?strip=1\" alt=\"\" class=\"wp-image-2286227\" \/><\/figure>\n<figure class=\"wp-block-image size-full\"><img loading=\"lazy\" decoding=\"async\" width=\"1280\" height=\"720\" src=\"https:\/\/www.wtnh.com\/wp-content\/uploads\/sites\/100\/2025\/07\/Hour-By-Hour_RPM-4-KM_Sat-Rad-Temps-Wind-7.png?strip=1\" alt=\"\" class=\"wp-image-2286229\" \/><\/figure>\n<figure class=\"wp-block-image size-full\"><img loading=\"lazy\" decoding=\"async\" width=\"1280\" height=\"720\" src=\"https:\/\/www.wtnh.com\/wp-content\/uploads\/sites\/100\/2025\/07\/Hour-By-Hour1_RPM-4-KM_Sat-Rad-Temps-Wind-7.png?strip=1\" alt=\"\" class=\"wp-image-2286230\" \/><\/figure>\n<figure class=\"wp-block-image size-full\"><img loading=\"lazy\" decoding=\"async\" width=\"1280\" height=\"720\" src=\"https:\/\/www.wtnh.com\/wp-content\/uploads\/sites\/100\/2025\/07\/Hour-By-Hour2_RPM-4-KM_Sat-Rad-Temps-Wind-7.png?strip=1\" alt=\"\" class=\"wp-image-2286231\" \/><\/figure>\n<p><strong>Essa noite: <\/strong>Tornando -se principalmente nublado com nevoeiro irregular, quente e abafado. Um chuveiro isolado poss\u00edvel. Baixos nos anos 70.<\/p>\n<figure class=\"wp-block-image size-full\"><img loading=\"lazy\" decoding=\"async\" width=\"1280\" height=\"720\" src=\"https:\/\/www.wtnh.com\/wp-content\/uploads\/sites\/100\/2025\/07\/Forecast_Tonight_481709.png?strip=1\" alt=\"\" class=\"wp-image-2286228\" \/><\/figure>\n<p><strong>Quinta-feira:<\/strong> Nuvens e sol nebuloso, muito \u00famidos com chuveiros\/trovoadas\/inunda\u00e7\u00f5es locais. Altos nos anos 80 a 90.<\/p>\n<p><strong>Sexta-feira:<\/strong> Muito sol, mais frio e menos \u00famido \u00e0 tarde. Altos baixos m\u00e9dios-80s.<\/p>\n<p><strong>S\u00e1bado:<\/strong> Lindo! Muito sol com altos nos anos 80 a meados dos anos 80.<\/p>\n<p><strong>Domingo:<\/strong> Chuveiros e Thundershowers, \u00famidos. Altos nos anos 80 baixos.<\/p>\n<p><strong>Segunda-feira:<\/strong> Algumas nuvens. Altos nos anos 80 baixos.<a href=\"https:\/\/www.wtnh.com\/wp-admin\/profile.php\"><\/a><\/p>\n<p><strong>Ter\u00e7a-feira:<\/strong> Nuvens dispersas. Altos nos anos 80 baixos.<\/p>\n<p><br \/>\n<br \/><a href=\"https:\/\/www.wtnh.com\/news\/heat-advisory-in-effect-for-the-entire-state-through-thursday\/\">Source link <\/a><\/p>","protected":false},"excerpt":{"rendered":"<p>O t\u00edpico calor e umidade t\u00edpicos de julho continuar\u00e3o hoje e durante o dia amanh\u00e3. As temperaturas ser\u00e3o submetidas aos anos 80 e 90 e baixos em todo o estado&hellip;<\/p>","protected":false},"author":1,"featured_media":121896,"comment_status":"closed","ping_status":"open","sticky":false,"template":"","format":"standard","meta":{"content-type":"","footnotes":""},"categories":[1],"tags":[],"class_list":["post-121895","post","type-post","status-publish","format-standard","has-post-thumbnail","hentry","category-uncategorized"],"_links":{"self":[{"href":"https:\/\/tvbrazilusa.com\/pt\/wp-json\/wp\/v2\/posts\/121895","targetHints":{"allow":["GET"]}}],"collection":[{"href":"https:\/\/tvbrazilusa.com\/pt\/wp-json\/wp\/v2\/posts"}],"about":[{"href":"https:\/\/tvbrazilusa.com\/pt\/wp-json\/wp\/v2\/types\/post"}],"author":[{"embeddable":true,"href":"https:\/\/tvbrazilusa.com\/pt\/wp-json\/wp\/v2\/users\/1"}],"replies":[{"embeddable":true,"href":"https:\/\/tvbrazilusa.com\/pt\/wp-json\/wp\/v2\/comments?post=121895"}],"version-history":[{"count":1,"href":"https:\/\/tvbrazilusa.com\/pt\/wp-json\/wp\/v2\/posts\/121895\/revisions"}],"predecessor-version":[{"id":121897,"href":"https:\/\/tvbrazilusa.com\/pt\/wp-json\/wp\/v2\/posts\/121895\/revisions\/121897"}],"wp:featuredmedia":[{"embeddable":true,"href":"https:\/\/tvbrazilusa.com\/pt\/wp-json\/wp\/v2\/media\/121896"}],"wp:attachment":[{"href":"https:\/\/tvbrazilusa.com\/pt\/wp-json\/wp\/v2\/media?parent=121895"}],"wp:term":[{"taxonomy":"category","embeddable":true,"href":"https:\/\/tvbrazilusa.com\/pt\/wp-json\/wp\/v2\/categories?post=121895"},{"taxonomy":"post_tag","embeddable":true,"href":"https:\/\/tvbrazilusa.com\/pt\/wp-json\/wp\/v2\/tags?post=121895"}],"curies":[{"name":"wp","href":"https:\/\/api.w.org\/{rel}","templated":true}]}}