{"id":121953,"date":"2025-07-16T23:06:53","date_gmt":"2025-07-16T23:06:53","guid":{"rendered":"https:\/\/tvbrazilusa.com\/2025\/07\/16\/os-lideres-de-connecticut-questionam-a-comutacao-do-homem-condenado-em-bridgeport-assassinato\/"},"modified":"2025-07-16T23:19:08","modified_gmt":"2025-07-16T23:19:08","slug":"os-lideres-de-connecticut-questionam-a-comutacao-do-homem-condenado-em-bridgeport-assassinato","status":"publish","type":"post","link":"https:\/\/tvbrazilusa.com\/pt\/2025\/07\/16\/os-lideres-de-connecticut-questionam-a-comutacao-do-homem-condenado-em-bridgeport-assassinato\/","title":{"rendered":"Os l\u00edderes de Connecticut questionam a comuta\u00e7\u00e3o do homem condenado em Bridgeport assassinato"},"content":{"rendered":"<script async src=\"https:\/\/pagead2.googlesyndication.com\/pagead\/js\/adsbygoogle.js?client=ca-pub-8864793242727901\"\r\n     crossorigin=\"anonymous\"><\/script>\n<p>BRIDNEPORT, Connecticut (WTNH)-Um homem envolvido em um caso de assassinato de alto n\u00edvel em Bridgeport em 1999 foi libertado de uma pris\u00e3o federal na Virg\u00ednia Ocidental na quarta-feira, depois de receber clem\u00eancia por uma condena\u00e7\u00e3o por drogas, e as perguntas da comunidade est\u00e3o girando. <\/p>\n<p>O ex-presidente Biden concedeu Clem\u00eancia a Adrian Peeler, 49 anos, que foi condenado por conspira\u00e7\u00e3o de assassinato. <\/p>\n<p>A comuta\u00e7\u00e3o de Biden de Peeler dizia respeito a uma senten\u00e7a federal que o homem estava servindo por lidar com crack. Peeler j\u00e1 concluiu uma senten\u00e7a de duas d\u00e9cadas por assassinato, decorrente dos assassinatos de uma m\u00e3e e seu filho de 8 anos.<\/p>\n<div class=\"nlp-ignore-block article-content rich-text\">\n<aside class=\"promo-link\">\n\t<a href=\"https:\/\/www.wtnh.com\/news\/connecticut\/fairfield\/man-convicted-in-high-profile-bridgeport-murder-case-set-to-be-released-from-federal-prison-wednesday\/?ipid=promo-link-block1\" class=\"promo-link__link\" target=\"\"_blank\"\"><\/p>\n<p>\t\tHomem condenado em um caso de assassinato de alto n\u00edvel em Bridgeport, libertado da pris\u00e3o federal na quarta-feira\t<\/a><br \/>\n<\/aside>\n<\/div>\n<p>Peeler foi condenado por conspirar com seu irm\u00e3o para matar Karen Clarke e seu filho de 8 anos, Leroy &#8220;BJ&#8221; Brown, em Bridgeport em 1999. Os promotores disseram que o jovem testemunhou Russell Peeler atirar no namorado de Clarke. Esperava -se que o garoto e sua m\u00e3e testemunhassem em seu julgamento.<\/p>\n<p>&#8220;Parece -me que algu\u00e9m deixou cair a bola aqui para deixar sua pessoa ser libertada&#8221;, disse o senador Richard Blumenthal, um democrata que serve no Comit\u00ea Judici\u00e1rio do Senado, em janeiro, quando a comuta\u00e7\u00e3o foi anunciada.<\/p>\n<p>Desde janeiro, uma onda de novos relat\u00f3rios e investiga\u00e7\u00f5es do Congresso lideradas por republicanos levantaram quest\u00f5es sobre a acuidade mental do presidente Biden e se ele adiou decis\u00f5es-chave como subs\u00eddios de clem\u00eancia para os funcion\u00e1rios.<\/p>\n<p>Um livro de autoria da \u00e2ncora da CNN Jake Tapper e o rep\u00f3rter pol\u00edtico Alex Thompson, intitulado &#8220;Original Sin: Decl\u00ednio do Presidente Biden, seu encobrimento e sua escolha desastrosa de correr de novo&#8221;<em> <\/em>Detalhou v\u00e1rios casos que os autores disseram ilustrar o decl\u00ednio do presidente e um esfor\u00e7o da equipe s\u00eanior para mant\u00ea -lo protegido do escrut\u00ednio p\u00fablico. <\/p>\n<div class=\"nlp-ignore-block article-content rich-text\">\n<aside class=\"promo-link\">\n\t<a href=\"https:\/\/www.wtnh.com\/news\/connecticut\/fairfield\/former-president-biden-pardons-drug-sentence-for-bridgeport-convicted-murderer\/?ipid=promo-link-block2\" class=\"promo-link__link\" target=\"\"_blank\"\"><\/p>\n<p>\t\tO ex -presidente Biden perdoa senten\u00e7a de drogas para Bridgeport condenou assassino\t<\/a><br \/>\n<\/aside>\n<\/div>\n<p>Em uma hist\u00f3ria relatada no livro, Biden parecia incapaz de reconhecer George Clooney, o ator mundialmente famoso, em um evento de campanha. Tapper e Thompson tamb\u00e9m relataram a influ\u00eancia de um pequeno quadro de assessores de Biden referidos por suas fontes como &#8220;o Politburo&#8221;. Os autores dizem que &#8220;o Politburo&#8221; protegeu Biden da imprensa e, em alguns casos, membros seniores de seu pr\u00f3prio governo. Os membros do gabinete sem nome confidenciaram aos rep\u00f3rteres que, no final do mandato de Biden, eles n\u00e3o tinham acesso direto ao presidente que antes.<\/p>\n<p>Biden recuperou fortemente as sugest\u00f5es de que ele n\u00e3o tinha a acuidade mental de executar os deveres da presid\u00eancia.<\/p>\n<p>Os relat\u00f3rios publicados pelo The New York Times no in\u00edcio desta semana detalharam o processo que a Casa Branca Biden usou para criar a lista de milhares de destinat\u00e1rios de clem\u00eancia executiva nos dias minguos do mandato do democrata de 82 anos no cargo. Peeler foi inclu\u00eddo em um lote de quase 2.500 pessoas que receberam uma comuta\u00e7\u00e3o nos dias anteriores \u00e0 presid\u00eancia de Biden para Donald Trump.<\/p>\n<p>&#8220;O Sr. Biden n\u00e3o aprovou individualmente cada nome para os perd\u00f5es categ\u00f3ricos que se aplicaram a um grande n\u00famero de pessoas, confirmaram ele e os assessores&#8221;, relataram o Times. &#8220;Em vez disso, ap\u00f3s uma extensa discuss\u00e3o de diferentes crit\u00e9rios poss\u00edveis, ele assinou os padr\u00f5es que queria ser usado para determinar quais condenados se qualificariam para uma redu\u00e7\u00e3o na senten\u00e7a&#8221;.<\/p>\n<div class=\"nlp-ignore-block article-content rich-text\">\n<aside class=\"promo-link\">\n\t<a href=\"https:\/\/www.wtnh.com\/news\/connecticut\/over-a-dozen-connecticut-residents-pardoned-after-jan-6-insurrection\/?ipid=promo-link-block3\" class=\"promo-link__link\" target=\"\"_blank\"\"><\/p>\n<p>\t\tMais de uma d\u00fazia de residentes de Connecticut perdoados ap\u00f3s 6 de janeiro.\t<\/a><br \/>\n<\/aside>\n<\/div>\n<p>Os funcion\u00e1rios da Casa Branca usaram um autopen para assinar os pedidos, informou o Times.<\/p>\n<p>Em um email revisado pelo The Times, o advogado da Casa Branca de Biden disse: &#8220;O presidente toma a decis\u00e3o final&#8221;.<\/p>\n<p>O pr\u00f3prio Biden reiterou esse sentimento em sua entrevista com o The Times, embora as autoridades aqui em Connecticut tenham questionado se ele revisou individualmente o caso de Peeler.<\/p>\n<p>&#8220;O ex -presidente Biden deu o autom\u00f3vel para os perd\u00f5es, mesmo sem saber os fatos tr\u00e1gicos deste caso, ou ele estava t\u00e3o perdido quanto todos dizem?&#8221; O prefeito Joe Ganim, o l\u00edder democrata de Bridgeport, perguntou em uma declara\u00e7\u00e3o por escrito.<\/p>\n<p>Al\u00e9m de comportar as senten\u00e7as de Peeler e milhares de outras pessoas, Biden tamb\u00e9m perdoou seu filho, Hunter Biden, e emitiu perd\u00f5es preventivos para membros de sua fam\u00edlia e outras figuras de alto n\u00edvel que eram alvos do desprezo do presidente Trump.<\/p>\n<p>Membros de &#8220;The Politburo&#8221; descritos por Tapper e Thompson estavam envolvidos em discuss\u00f5es com o presidente em torno das listas de perd\u00e3o, segundo o The Times.<\/p>\n<p>Ao assumir o cargo pela segunda vez, o presidente Trump concedeu clem\u00eancia a mais de 1.000 pessoas acusadas de crimes relacionados aos tumultos no Capit\u00f3lio dos EUA em 6 de janeiro de 2025.<\/p>\n<div class=\"nlp-ignore-block article-content rich-text\">\n<aside class=\"promo-link\">\n\t<a href=\"http:\/\/Trump%20pardons%20upend%20massive%20Jan.%206%20prosecution%20by%20freeing%20rioters%20and%20dismissing%20cases?ipid=promo-link-block4\" class=\"promo-link__link\" target=\"\"_blank\"\"><\/p>\n<p>\t\tTrump perdoa a acusa\u00e7\u00e3o maci\u00e7a de 6 de janeiro, libertando manifestantes e demitindo casos\t<\/a><br \/>\n<\/aside>\n<\/div>\n<p>A opera\u00e7\u00e3o do processo de concess\u00e3o de clem\u00eancia presidencial preocupou os l\u00edderes de ambos os lados do corredor. Em comunicado ao News 8, o senador Blumenthal reiterou seu apoio \u00e0 legisla\u00e7\u00e3o que faria verifica\u00e7\u00f5es no processo de clem\u00eancia. Entre outras coisas, a legisla\u00e7\u00e3o exigiria que o presidente emitisse uma declara\u00e7\u00e3o por escrito justificando cada concess\u00e3o de clem\u00eancia.<\/p>\n<p>&#8220;Esses perd\u00f5es e clem\u00eancia foram feitos nas sombras, uma esp\u00e9cie de caixa preta&#8221;, disse Blumenthal, ao mesmo tempo em que reiterando sua declara\u00e7\u00e3o de que algu\u00e9m &#8220;deixou cair a bola&#8221; no caso descascador.<\/p>\n<p><br \/>\n<br \/><a href=\"https:\/\/www.wtnh.com\/news\/connecticut\/fairfield\/connecticut-leaders-question-commutation-of-man-convicted-in-bridgeport-murder\/\">Source link <\/a><\/p>","protected":false},"excerpt":{"rendered":"<p>BRIDNEPORT, Connecticut (WTNH)-Um homem envolvido em um caso de assassinato de alto n\u00edvel em Bridgeport em 1999 foi libertado de uma pris\u00e3o federal na Virg\u00ednia Ocidental na quarta-feira, depois de&hellip;<\/p>","protected":false},"author":1,"featured_media":121910,"comment_status":"closed","ping_status":"open","sticky":false,"template":"","format":"standard","meta":{"content-type":"","footnotes":""},"categories":[1],"tags":[],"class_list":["post-121953","post","type-post","status-publish","format-standard","has-post-thumbnail","hentry","category-uncategorized"],"_links":{"self":[{"href":"https:\/\/tvbrazilusa.com\/pt\/wp-json\/wp\/v2\/posts\/121953","targetHints":{"allow":["GET"]}}],"collection":[{"href":"https:\/\/tvbrazilusa.com\/pt\/wp-json\/wp\/v2\/posts"}],"about":[{"href":"https:\/\/tvbrazilusa.com\/pt\/wp-json\/wp\/v2\/types\/post"}],"author":[{"embeddable":true,"href":"https:\/\/tvbrazilusa.com\/pt\/wp-json\/wp\/v2\/users\/1"}],"replies":[{"embeddable":true,"href":"https:\/\/tvbrazilusa.com\/pt\/wp-json\/wp\/v2\/comments?post=121953"}],"version-history":[{"count":1,"href":"https:\/\/tvbrazilusa.com\/pt\/wp-json\/wp\/v2\/posts\/121953\/revisions"}],"predecessor-version":[{"id":121954,"href":"https:\/\/tvbrazilusa.com\/pt\/wp-json\/wp\/v2\/posts\/121953\/revisions\/121954"}],"wp:featuredmedia":[{"embeddable":true,"href":"https:\/\/tvbrazilusa.com\/pt\/wp-json\/wp\/v2\/media\/121910"}],"wp:attachment":[{"href":"https:\/\/tvbrazilusa.com\/pt\/wp-json\/wp\/v2\/media?parent=121953"}],"wp:term":[{"taxonomy":"category","embeddable":true,"href":"https:\/\/tvbrazilusa.com\/pt\/wp-json\/wp\/v2\/categories?post=121953"},{"taxonomy":"post_tag","embeddable":true,"href":"https:\/\/tvbrazilusa.com\/pt\/wp-json\/wp\/v2\/tags?post=121953"}],"curies":[{"name":"wp","href":"https:\/\/api.w.org\/{rel}","templated":true}]}}