{"id":12199,"date":"2024-07-30T12:38:14","date_gmt":"2024-07-30T12:38:14","guid":{"rendered":"https:\/\/tvbrazilusa.com\/2024\/07\/30\/voos-sao-cancelados-em-congonhas-apos-colisao-entre-avioes-veja-video\/"},"modified":"2024-07-30T12:39:06","modified_gmt":"2024-07-30T12:39:06","slug":"voos-sao-cancelados-em-congonhas-apos-colisao-entre-avioes-veja-video","status":"publish","type":"post","link":"https:\/\/tvbrazilusa.com\/pt\/2024\/07\/30\/voos-sao-cancelados-em-congonhas-apos-colisao-entre-avioes-veja-video\/","title":{"rendered":"Voos s\u00e3o cancelados em Congonhas ap\u00f3s colis\u00e3o entre avi\u00f5es; VEJA V\u00cdDEO"},"content":{"rendered":"<p> <script async src=\"https:\/\/pagead2.googlesyndication.com\/pagead\/js\/adsbygoogle.js?client=ca-pub-8864793242727901\"\r\n     crossorigin=\"anonymous\"><\/script><br \/>\n<\/p>\n<div>\n<p>No final da tarde desta segunda-feira (29\/7), dois avi\u00f5es de passageiros se chocaram na pista do Aeroporto de Congonhas, em S\u00e3o Paulo. O incidente aconteceu por volta das 17h, no p\u00e1tio de taxiamento, envolvendo um Boeing 737 da Gol e um Airbus A319 da Latam. Como consequ\u00eancia imediata, pelo menos dois voos foram cancelados.<\/p>\n<p>O Boeing 737 da Gol estava no port\u00e3o de embarque, com todos os passageiros a bordo e prestes a decolar para Florian\u00f3polis. Enquanto isso, o Airbus A319 da Latam havia acabado de pousar vindo do Rio de Janeiro e se dirigia ao port\u00e3o designado. Foi ent\u00e3o que as extremidades de uma de suas asas colidiu com a cauda do Boeing 737, provocando danos significativos \u00e0 fuselagem da aeronave da Gol.<\/p>\n<blockquote class=\"twitter-tweet\" data-media-max-width=\"560\">\n<p lang=\"en\" dir=\"ltr\">LATAM Brasil A319 collides with the tail of a GOL 737 MAX 8 while taxiing at Sao Paulo-Congonhas Airport, Brazil. Reports says that the tow bar failed on the GOL 737 while being prepared to be pushed back from the gate.<\/p>\n<p>\ud83d\udcf9 <a href=\"https:\/\/twitter.com\/luizhen95262129?ref_src=twsrc%5Etfw\">@luizhen95262129<\/a> <a href=\"https:\/\/t.co\/kUrOL4Pbgx\">pic.twitter.com\/kUrOL4Pbgx<\/a><\/p>\n<p>\u2014 Breaking Aviation News &#038; Videos (@aviationbrk) <a href=\"https:\/\/twitter.com\/aviationbrk\/status\/1818174493900132492?ref_src=twsrc%5Etfw\">July 30, 2024<\/a><\/p><\/blockquote>\n<h2 class=\"wp-block-heading\">Como ocorreu a colis\u00e3o entre os avi\u00f5es no Aeroporto de Congonhas?<\/h2>\n<p>Quando o Airbus A319 fazia o taxiamento em dire\u00e7\u00e3o ao seu port\u00e3o, uma falha na barra de reboque resultou na colis\u00e3o com o Boeing 737 da Gol, causando um rasgo consider\u00e1vel na fuselagem do Boeing. Conforme informado pelas companhias a\u00e9reas, ambas as aeronaves foram imediatamente encaminhadas para manuten\u00e7\u00e3o.<\/p>\n<h2 class=\"wp-block-heading\">Seguran\u00e7a dos passageiros e realoca\u00e7\u00e3o<\/h2>\n<p>Apesar dos danos mais severos na aeronave da Gol, o desembarque dos passageiros de ambos os avi\u00f5es ocorreu de forma segura e normal. A Gol prontamente realocou seus passageiros em outras aeronaves para minimizar o impacto e garantir que embarcassem o mais r\u00e1pido poss\u00edvel.<\/p>\n<figure class=\"wp-block-image size-full\"><picture decoding=\"async\" class=\"wp-image-164311\"><source type=\"image\/webp\" srcset=\"https:\/\/terrabrasilnoticias.com\/wp-content\/uploads\/2024\/07\/image-956.png.webp 888w, https:\/\/terrabrasilnoticias.com\/wp-content\/uploads\/2024\/07\/image-956-300x190.png.webp 300w, https:\/\/terrabrasilnoticias.com\/wp-content\/uploads\/2024\/07\/image-956-768x487.png.webp 768w, https:\/\/terrabrasilnoticias.com\/wp-content\/uploads\/2024\/07\/image-956-750x476.png.webp 750w\" sizes=\"(max-width: 888px) 100vw, 888px\"\/><\/picture><figcaption class=\"wp-element-caption\">Reprodu\u00e7\u00e3o\/X<\/figcaption><\/figure>\n<h2 class=\"wp-block-heading\">Consequ\u00eancias imediatas e voos cancelados<\/h2>\n<p>J\u00e1 a Latam teve que cancelar dois voos como resultado do acidente:<\/p>\n<ul class=\"wp-block-list\">\n<li>LA3064: S\u00e3o Paulo Congonhas \u2013 Curitiba<\/li>\n<li>LA3069: Curitiba \u2013 S\u00e3o Paulo Congonhas<\/li>\n<\/ul>\n<p>Estas medidas foram tomadas para garantir que todas as inspe\u00e7\u00f5es e reparos necess\u00e1rios pudessem ser realizados de maneira adequada e segura.<\/p>\n<h2 class=\"wp-block-heading\">Desdobramentos do acidente em Congonhas<\/h2>\n<p>As autoridades aeroportu\u00e1rias iniciaram uma investiga\u00e7\u00e3o para determinar as causas exatas do incidente. Espera-se que melhorias nos procedimentos de taxiamento e reboque sejam recomendadas para prevenir futuros acidentes semelhantes.<\/p>\n<p>Os passageiros afetados foram assistidos tanto pela Gol quanto pela Latam, que forneceram acomoda\u00e7\u00f5es provis\u00f3rias e ajudaram na reprograma\u00e7\u00e3o de seus voos. Esse tipo de resposta r\u00e1pida e eficiente visa minimizar qualquer inconveniente e garantir a seguran\u00e7a de todos os envolvidos.<\/p>\n<\/p><\/div>\n<p><script async src=\"\/\/platform.twitter.com\/widgets.js\" charset=\"utf-8\"><\/script><br \/>\n<br \/><br \/>\n<br \/><a href=\"https:\/\/terrabrasilnoticias.com\/2024\/07\/voos-sao-cancelados-em-congonhas-apos-colisao-entre-avioes-veja-video\/\">Source link <\/a><\/p>","protected":false},"excerpt":{"rendered":"<p>No final da tarde desta segunda-feira (29\/7), dois avi\u00f5es de passageiros se chocaram na pista do Aeroporto de Congonhas, em S\u00e3o Paulo. O incidente aconteceu por volta das 17h, no&hellip;<\/p>","protected":false},"author":1,"featured_media":12200,"comment_status":"closed","ping_status":"open","sticky":false,"template":"","format":"standard","meta":{"content-type":"","footnotes":""},"categories":[16],"tags":[],"class_list":["post-12199","post","type-post","status-publish","format-standard","has-post-thumbnail","hentry","category-noticias"],"_links":{"self":[{"href":"https:\/\/tvbrazilusa.com\/pt\/wp-json\/wp\/v2\/posts\/12199","targetHints":{"allow":["GET"]}}],"collection":[{"href":"https:\/\/tvbrazilusa.com\/pt\/wp-json\/wp\/v2\/posts"}],"about":[{"href":"https:\/\/tvbrazilusa.com\/pt\/wp-json\/wp\/v2\/types\/post"}],"author":[{"embeddable":true,"href":"https:\/\/tvbrazilusa.com\/pt\/wp-json\/wp\/v2\/users\/1"}],"replies":[{"embeddable":true,"href":"https:\/\/tvbrazilusa.com\/pt\/wp-json\/wp\/v2\/comments?post=12199"}],"version-history":[{"count":1,"href":"https:\/\/tvbrazilusa.com\/pt\/wp-json\/wp\/v2\/posts\/12199\/revisions"}],"predecessor-version":[{"id":12201,"href":"https:\/\/tvbrazilusa.com\/pt\/wp-json\/wp\/v2\/posts\/12199\/revisions\/12201"}],"wp:featuredmedia":[{"embeddable":true,"href":"https:\/\/tvbrazilusa.com\/pt\/wp-json\/wp\/v2\/media\/12200"}],"wp:attachment":[{"href":"https:\/\/tvbrazilusa.com\/pt\/wp-json\/wp\/v2\/media?parent=12199"}],"wp:term":[{"taxonomy":"category","embeddable":true,"href":"https:\/\/tvbrazilusa.com\/pt\/wp-json\/wp\/v2\/categories?post=12199"},{"taxonomy":"post_tag","embeddable":true,"href":"https:\/\/tvbrazilusa.com\/pt\/wp-json\/wp\/v2\/tags?post=12199"}],"curies":[{"name":"wp","href":"https:\/\/api.w.org\/{rel}","templated":true}]}}