{"id":121994,"date":"2025-07-17T15:40:00","date_gmt":"2025-07-17T15:40:00","guid":{"rendered":"https:\/\/tvbrazilusa.com\/2025\/07\/17\/estrangeiros-retiram-r-35-bi-da-bolsa-de-valores-em-julho-paulo-figueiredo-tv-florida-usa-a-sua-tv-brasileira-nos-estados-unidos\/"},"modified":"2025-07-17T17:01:08","modified_gmt":"2025-07-17T17:01:08","slug":"estrangeiros-retiram-r-35-bi-da-bolsa-de-valores-em-julho-paulo-figueiredo-tv-florida-usa-a-sua-tv-brasileira-nos-estados-unidos","status":"publish","type":"post","link":"https:\/\/tvbrazilusa.com\/pt\/2025\/07\/17\/estrangeiros-retiram-r-35-bi-da-bolsa-de-valores-em-julho-paulo-figueiredo-tv-florida-usa-a-sua-tv-brasileira-nos-estados-unidos\/","title":{"rendered":"Estrangeiros retiram R$ 3,5 bi da Bolsa de Valores em julho \u2013 Paulo Figueiredo \u2013 TV Florida USA \u2013 A sua TV Brasileira nos Estados Unidos"},"content":{"rendered":"<p> <script async src=\"https:\/\/pagead2.googlesyndication.com\/pagead\/js\/adsbygoogle.js?client=ca-pub-8864793242727901\"\r\n     crossorigin=\"anonymous\"><\/script><br \/>\n<\/p>\n<div id=\"wtr-content\" data-bg=\"#FFFFFF\" data-fg=\"#006d91\" data-width=\"25\" data-mute=\"1\" data-fgopacity=\"1.00\" data-mutedopacity=\"0.5\" data-placement=\"bottom\" data-placement-offset=\"0\" data-content-offset=\"262\" data-placement-touch=\"bottom\" data-placement-offset-touch=\"0\" data-transparent=\"\" data-shadow=\"0\" data-touch=\"1\" data-non-touch=\"1\" data-comments=\"0\" data-commentsbg=\"transparent\" data-location=\"page\" data-mutedfg=\"#006d91\" data-endfg=\"#006d91\" data-rtl=\"\">\n<p>Sa\u00edda de recursos do exterior interrompe 2 meses seguidos de entrada l\u00edquida de investimentos na Bolsa; no ano, saldo \u00e9 positivo (R$ 23 bi)<\/p>\n<p>Os investidores estrangeiros retiraram\u00a0<strong>R$ 3,5 bilh\u00f5es<\/strong>\u00a0da\u00a0B3\u00a0(Bolsa de Valores de S\u00e3o Paulo) na parcial de julho de 2025. Na 3\u00aa feira (15.jul.2025), o \u00faltimo dado di\u00e1rio dispon\u00edvel, houve sa\u00edda l\u00edquida de R$ 1,1 bilh\u00e3o do mercado de a\u00e7\u00f5es.<\/p>\n<p>A sa\u00edda parcial de capital estrangeiro interrompe sequ\u00eancia de 2 meses consecutivos com entrada de recursos na Bolsa de Valores. A B3 registrou investimento l\u00edquido de R$ 10,6 bilh\u00f5es em maio e de R$ 5,4 bilh\u00f5es em junho. No ano, o saldo est\u00e1 positivo em R$ 23,0 bilh\u00f5es.<\/p>\n<figure class=\"wp-block-image\"\/>\n<p>A sa\u00edda indica menor confian\u00e7a no mercado brasileiro. Esse movimento pressiona o c\u00e2mbio, reduz a liquidez da bolsa e pode encarecer o custo de financiamento para empresas. Tamb\u00e9m sinaliza cautela com o cen\u00e1rio fiscal e pol\u00edtico do pa\u00eds.<\/p>\n<p>O Ibovespa, principal \u00edndice da B3, caiu por 7 preg\u00f5es seguidos de 7 a 15 de julho. Na 4\u00aa feira (16.jul), teve leve alta de 0,19%, mas voltou a registrar queda nesta 5\u00aa feira (17.jul).<\/p>\n<p>\u00c0s 11h25, ca\u00eda 0,30%, aos 135.106 pontos. Ao considerar essa cota\u00e7\u00e3o, o \u00edndice recuou 2,70% no acumulado parcial do m\u00eas.<\/p>\n<p>Os agentes financeiros acompanham o desenrolar sobre as tarifas de 50% impostas pelo governo dos Estados Unidos contra o Brasil e os poss\u00edveis impactos na economia brasileira. O cen\u00e1rio de incerteza fiscal tamb\u00e9m est\u00e1 no radar dos investidores.<\/p>\n<figure class=\"wp-block-image\"><\/figure>\n<p>Rafael Furlanetti, s\u00f3cio-diretor da XP, disse que, se o investidor estrangeiro come\u00e7ar a vender, ser\u00e1 \u201c<em>dif\u00edcil encontrar um comprador marginal<\/em>\u201d. Avaliou que a sa\u00edda de capital externo \u00e9 um movimento \u201c<em>perigoso<\/em>\u201d.<\/p>\n<p>E completou: \u201c[O estrangeiro]\u00a0<em>Tem sido o principal comprador do ano, alocando em mercados emergentes para fugir da turbul\u00eancia da guerra tarif\u00e1ria. Em tese, o Brasil \u2014 por ser exportador de commodities \u2014 estaria menos exposto. Esse \u00e9 um dos grandes temas nas mesas de opera\u00e7\u00e3o nesta semana<\/em>\u201d.<\/p>\n<h4 class=\"wp-block-heading\">Sa\u00edda de recursos do exterior interrompe 2 meses seguidos de entrada l\u00edquida de investimentos; no ano, saldo est\u00e1 positivo em R$ 23,0 bilh\u00f5es<\/h4>\n<figure class=\"wp-block-image\"><img decoding=\"async\" src=\"https:\/\/static.poder360.com.br\/2025\/07\/capital-estrangeiro-2025-17jul2025-03-848x477.png\" alt=\"Bolsa\"\/><\/figure>\n<p><strong><a rel=\"nofollow\" target=\"_blank\" href=\"https:\/\/www.poder360.com.br\/poder-economia\/estrangeiros-retiram-r-35-bi-da-bolsa-de-valores-em-julho\/\">Cr\u00e9dito Poder360<\/a><\/strong><\/p>\n<\/div>\n<p><br \/>\n<br \/><a href=\"https:\/\/tvfloridausa.com\/2025\/07\/17\/estrangeiros-retiram-r-35-bi-da-bolsa-de-valores-em-julho-paulo-figueiredo\/\">Source link <\/a><\/p>","protected":false},"excerpt":{"rendered":"<p>Sa\u00edda de recursos do exterior interrompe 2 meses seguidos de entrada l\u00edquida de investimentos na Bolsa; no ano, saldo \u00e9 positivo (R$ 23 bi) Os investidores estrangeiros retiraram\u00a0R$ 3,5 bilh\u00f5es\u00a0da\u00a0B3\u00a0(Bolsa&hellip;<\/p>","protected":false},"author":1,"featured_media":121995,"comment_status":"closed","ping_status":"open","sticky":false,"template":"","format":"standard","meta":{"content-type":"","footnotes":""},"categories":[22],"tags":[],"class_list":["post-121994","post","type-post","status-publish","format-standard","has-post-thumbnail","hentry","category-tv-florida-usa"],"_links":{"self":[{"href":"https:\/\/tvbrazilusa.com\/pt\/wp-json\/wp\/v2\/posts\/121994","targetHints":{"allow":["GET"]}}],"collection":[{"href":"https:\/\/tvbrazilusa.com\/pt\/wp-json\/wp\/v2\/posts"}],"about":[{"href":"https:\/\/tvbrazilusa.com\/pt\/wp-json\/wp\/v2\/types\/post"}],"author":[{"embeddable":true,"href":"https:\/\/tvbrazilusa.com\/pt\/wp-json\/wp\/v2\/users\/1"}],"replies":[{"embeddable":true,"href":"https:\/\/tvbrazilusa.com\/pt\/wp-json\/wp\/v2\/comments?post=121994"}],"version-history":[{"count":1,"href":"https:\/\/tvbrazilusa.com\/pt\/wp-json\/wp\/v2\/posts\/121994\/revisions"}],"predecessor-version":[{"id":121996,"href":"https:\/\/tvbrazilusa.com\/pt\/wp-json\/wp\/v2\/posts\/121994\/revisions\/121996"}],"wp:featuredmedia":[{"embeddable":true,"href":"https:\/\/tvbrazilusa.com\/pt\/wp-json\/wp\/v2\/media\/121995"}],"wp:attachment":[{"href":"https:\/\/tvbrazilusa.com\/pt\/wp-json\/wp\/v2\/media?parent=121994"}],"wp:term":[{"taxonomy":"category","embeddable":true,"href":"https:\/\/tvbrazilusa.com\/pt\/wp-json\/wp\/v2\/categories?post=121994"},{"taxonomy":"post_tag","embeddable":true,"href":"https:\/\/tvbrazilusa.com\/pt\/wp-json\/wp\/v2\/tags?post=121994"}],"curies":[{"name":"wp","href":"https:\/\/api.w.org\/{rel}","templated":true}]}}