{"id":122038,"date":"2025-07-17T22:30:57","date_gmt":"2025-07-17T22:30:57","guid":{"rendered":"https:\/\/tvbrazilusa.com\/2025\/07\/17\/especialistas-em-demencia-alertam-sobre-a-vagar-durante-o-calor-extremo\/"},"modified":"2025-07-17T22:40:28","modified_gmt":"2025-07-17T22:40:28","slug":"especialistas-em-demencia-alertam-sobre-a-vagar-durante-o-calor-extremo","status":"publish","type":"post","link":"https:\/\/tvbrazilusa.com\/pt\/2025\/07\/17\/especialistas-em-demencia-alertam-sobre-a-vagar-durante-o-calor-extremo\/","title":{"rendered":"Especialistas em dem\u00eancia alertam sobre a vagar durante o calor extremo"},"content":{"rendered":"<script async src=\"https:\/\/pagead2.googlesyndication.com\/pagead\/js\/adsbygoogle.js?client=ca-pub-8864793242727901\"\r\n     crossorigin=\"anonymous\"><\/script>\n<p>Southington, Connecticut (WTNH) Fam\u00edlias e cuidadores de entes queridos com dem\u00eancia est\u00e3o sendo avisados sobre os perigos de vagar, enquanto o Connecticut experimenta um alto calor. <\/p>\n<p>Essa semana, <a href=\"https:\/\/nam11.safelinks.protection.outlook.com\/?url=https%3A%2F%2Fportal.ct.gov%2Fgovernor%2Fnews%2Fpress-releases%2F2025%2F07-2025%2Fgovernor-lamont-activates-extreme-hot-weather-protocol-beginning-tuesday-afternoon%3Flanguage%3Den_US&#038;data=05%7C02%7CLauren.Drapeau%40wtnh.com%7Cded2d9790ef24549abe208ddc57efc18%7C9e5488e2e83844f6886cc7608242767e%7C0%7C0%7C638883871369289733%7CUnknown%7CTWFpbGZsb3d8eyJFbXB0eU1hcGkiOnRydWUsIlYiOiIwLjAuMDAwMCIsIlAiOiJXaW4zMiIsIkFOIjoiTWFpbCIsIldUIjoyfQ%3D%3D%7C0%7C%7C%7C&#038;sdata=w3mzxXJTGazNHjYZ3u1Oc7W8GcdqGJ77bH72yBtAUgU%3D&#038;reserved=0\" target=\"_blank\" rel=\"noreferrer noopener\">O governador Ned Lamont iniciou um protocolo de clima quente extremo<\/a><a href=\"https:\/\/nam11.safelinks.protection.outlook.com\/?url=https%3A%2F%2Fportal.ct.gov%2Fgovernor%2Fnews%2Fpress-releases%2F2025%2F07-2025%2Fgovernor-lamont-activates-extreme-hot-weather-protocol-beginning-tuesday-afternoon%3Flanguage%3Den_US&#038;data=05%7C02%7CLauren.Drapeau%40wtnh.com%7Cded2d9790ef24549abe208ddc57efc18%7C9e5488e2e83844f6886cc7608242767e%7C0%7C0%7C638883871369333692%7CUnknown%7CTWFpbGZsb3d8eyJFbXB0eU1hcGkiOnRydWUsIlYiOiIwLjAuMDAwMCIsIlAiOiJXaW4zMiIsIkFOIjoiTWFpbCIsIldUIjoyfQ%3D%3D%7C0%7C%7C%7C&#038;sdata=Fmt4m0Dte2GswwHT95pDwipAoRIECwWIAlZOmWwKKCA%3D&#038;reserved=0\"> <\/a>no estado devido a altas temperaturas. <\/p>\n<div class=\"nlp-ignore-block article-content rich-text\">\n<aside class=\"promo-link\">\n\t<a href=\"https:\/\/www.wtnh.com\/weather\/connecticuts-extreme-hot-weather-protocol-activated-for-2nd-time-this-year-what-you-need-to-know\/?ipid=promo-link-block1\" class=\"promo-link__link\" target=\"\"_blank\"\"><\/p>\n<p>\t\tProtocolo de clima quente extremo de Connecticut ativado pela 2\u00aa vez este ano: o que voc\u00ea precisa saber\t<\/a><br \/>\n<\/aside>\n<\/div>\n<p>Cerca de seis em cada 10 pessoas diagnosticadas com uma forma de dem\u00eancia s\u00e3o propensas a passear pelo menos uma vez, de acordo com a Associa\u00e7\u00e3o Nacional de Alzheimer. Wandering \u00e9 um problema com o qual in\u00fameros cuidadores e seus familiares lidam, muitas vezes pela primeira vez inesperadamente. <\/p>\n<p>&#8220;\u00c0s vezes dizemos que n\u00e3o \u00e9 um &#8216;se&#8217; \u00e9 um &#8216;quando&#8217; e n\u00e3o importa em que est\u00e1gio da doen\u00e7a voc\u00ea est\u00e1&#8221;, gerente do programa Tina Hogan do <a href=\"https:\/\/nam11.safelinks.protection.outlook.com\/?url=https%3A%2F%2Fwww.alz.org%2Fct&#038;data=05%7C02%7CLauren.Drapeau%40wtnh.com%7Cded2d9790ef24549abe208ddc57efc18%7C9e5488e2e83844f6886cc7608242767e%7C0%7C0%7C638883871369374331%7CUnknown%7CTWFpbGZsb3d8eyJFbXB0eU1hcGkiOnRydWUsIlYiOiIwLjAuMDAwMCIsIlAiOiJXaW4zMiIsIkFOIjoiTWFpbCIsIldUIjoyfQ%3D%3D%7C0%7C%7C%7C&#038;sdata=UL9Ywy5SjsjvIG8Lntv2bTlDNzJd3IIw2zxBXBs%2BmgA%3D&#038;reserved=0\" target=\"_blank\" rel=\"noreferrer noopener\">O cap\u00edtulo da Associa\u00e7\u00e3o de Alzheimer, Connecticut, disse.<\/a><a href=\"https:\/\/nam11.safelinks.protection.outlook.com\/?url=https%3A%2F%2Fwww.alz.org%2Fct&#038;data=05%7C02%7CLauren.Drapeau%40wtnh.com%7Cded2d9790ef24549abe208ddc57efc18%7C9e5488e2e83844f6886cc7608242767e%7C0%7C0%7C638883871369423074%7CUnknown%7CTWFpbGZsb3d8eyJFbXB0eU1hcGkiOnRydWUsIlYiOiIwLjAuMDAwMCIsIlAiOiJXaW4zMiIsIkFOIjoiTWFpbCIsIldUIjoyfQ%3D%3D%7C0%7C%7C%7C&#038;sdata=HS0nBAtbj6XpPdLHMuLC66P1SgA0MMZHtkGGXFn%2BABs%3D&#038;reserved=0\"> <\/a><\/p>\n<p>Hogan e outros especialistas lembram aos cuidadores e familiares que usem medidas preventivas &#8211; ferramentas como alarmes de portas e c\u00e2meras de quarto &#8211; para ajudar a ficar de olho nos entes queridos. <\/p>\n<div class=\"nlp-ignore-block article-content rich-text\">\n<aside class=\"promo-link\">\n\t<a href=\"https:\/\/www.wtnh.com\/news\/connecticut\/new-haven\/new-haven-works-through-the-heatwave\/?ipid=promo-link-block2\" class=\"promo-link__link\" target=\"\"_blank\"\"><\/p>\n<p>\t\tNew Haven funciona atrav\u00e9s da onda de calor\t<\/a><br \/>\n<\/aside>\n<\/div>\n<p>Se um ente querido pode estar se sentindo ansioso ou est\u00e1 pedindo para encontrar algu\u00e9m fora de casa, o melhor curso de a\u00e7\u00e3o \u00e9 redirecion\u00e1 -los para outro t\u00f3pico de conversa, diz ela.<\/p>\n<p>&#8220;Algu\u00e9m que sempre caminhou, algu\u00e9m que foi trabalhar de manh\u00e3 cedo &#8230; isso ainda \u00e9 um instinto de se levantar e ir&#8221;, disse Hogan. <\/p>\n<p>Para Tonya Maurer, um incidente quando sua m\u00e3e vagou pela primeira vez em clima de 32 graus de uma instala\u00e7\u00e3o de vida assistida a fez repensar o que significava cuidar dela. <\/p>\n<div class=\"nlp-ignore-block article-content rich-text\">\n<aside class=\"promo-link\">\n\t<a href=\"https:\/\/www.wtnh.com\/news\/connecticut\/hartford\/connecticut-cooling-centers-preparing-for-second-heat-wave-of-the-summer\/?ipid=promo-link-block3\" class=\"promo-link__link\" target=\"\"_blank\"\"><\/p>\n<p>\t\tCentros de resfriamento de Connecticut abrem para a segunda onda de calor do ver\u00e3o\t<\/a><br \/>\n<\/aside>\n<\/div>\n<p>&#8220;Ela realmente caminhou da comunidade para minha casa, e isso era pouco mais de cinco quil\u00f4metros&#8221;, disse Maurer. &#8220;Meu marido ficou insanamente assustado quando viu o rosto da m\u00e3e na janela, e eu apenas voei pelas escadas. A primeira coisa que fiz foi abra\u00e7\u00e1 -la.&#8221;<\/p>\n<p>Como resultado, Maurer mudou os cuidados de sua m\u00e3e para uma instala\u00e7\u00e3o especializada de cuidados com a mem\u00f3ria. Desde ent\u00e3o, ela registrou sua m\u00e3e no programa Bring Me Back Home, um banco de dados em todo o estado para fornecer \u00e0 aplica\u00e7\u00e3o da lei detalhes extras se uma pessoa vagar ou desaparecer. <\/p>\n<p>Se voc\u00ea ou um ente querido tiver d\u00favidas sobre cuidar de um membro da fam\u00edlia diagnosticado com uma forma de dem\u00eancia ou doen\u00e7a de Alzheimer, tamb\u00e9m poder\u00e1 chamar a linha de apoio \u00e0 Associa\u00e7\u00e3o de Alzheimer em 1-800-272-3900.<\/p>\n<p><br \/>\n<br \/><a href=\"https:\/\/www.wtnh.com\/news\/connecticut\/hartford\/dementia-experts-warn-of-wandering-during-extreme-heat\/\">Source link <\/a><\/p>","protected":false},"excerpt":{"rendered":"<p>Southington, Connecticut (WTNH) Fam\u00edlias e cuidadores de entes queridos com dem\u00eancia est\u00e3o sendo avisados sobre os perigos de vagar, enquanto o Connecticut experimenta um alto calor. Essa semana, O governador&hellip;<\/p>","protected":false},"author":1,"featured_media":122039,"comment_status":"closed","ping_status":"open","sticky":false,"template":"","format":"standard","meta":{"content-type":"","footnotes":""},"categories":[1],"tags":[],"class_list":["post-122038","post","type-post","status-publish","format-standard","has-post-thumbnail","hentry","category-uncategorized"],"_links":{"self":[{"href":"https:\/\/tvbrazilusa.com\/pt\/wp-json\/wp\/v2\/posts\/122038","targetHints":{"allow":["GET"]}}],"collection":[{"href":"https:\/\/tvbrazilusa.com\/pt\/wp-json\/wp\/v2\/posts"}],"about":[{"href":"https:\/\/tvbrazilusa.com\/pt\/wp-json\/wp\/v2\/types\/post"}],"author":[{"embeddable":true,"href":"https:\/\/tvbrazilusa.com\/pt\/wp-json\/wp\/v2\/users\/1"}],"replies":[{"embeddable":true,"href":"https:\/\/tvbrazilusa.com\/pt\/wp-json\/wp\/v2\/comments?post=122038"}],"version-history":[{"count":1,"href":"https:\/\/tvbrazilusa.com\/pt\/wp-json\/wp\/v2\/posts\/122038\/revisions"}],"predecessor-version":[{"id":122040,"href":"https:\/\/tvbrazilusa.com\/pt\/wp-json\/wp\/v2\/posts\/122038\/revisions\/122040"}],"wp:featuredmedia":[{"embeddable":true,"href":"https:\/\/tvbrazilusa.com\/pt\/wp-json\/wp\/v2\/media\/122039"}],"wp:attachment":[{"href":"https:\/\/tvbrazilusa.com\/pt\/wp-json\/wp\/v2\/media?parent=122038"}],"wp:term":[{"taxonomy":"category","embeddable":true,"href":"https:\/\/tvbrazilusa.com\/pt\/wp-json\/wp\/v2\/categories?post=122038"},{"taxonomy":"post_tag","embeddable":true,"href":"https:\/\/tvbrazilusa.com\/pt\/wp-json\/wp\/v2\/tags?post=122038"}],"curies":[{"name":"wp","href":"https:\/\/api.w.org\/{rel}","templated":true}]}}