{"id":122041,"date":"2025-07-17T23:31:26","date_gmt":"2025-07-17T23:31:26","guid":{"rendered":"https:\/\/tvbrazilusa.com\/2025\/07\/17\/homem-deportado-apos-2017-connecticut-homicidio\/"},"modified":"2025-07-17T23:32:27","modified_gmt":"2025-07-17T23:32:27","slug":"homem-deportado-apos-2017-connecticut-homicidio","status":"publish","type":"post","link":"https:\/\/tvbrazilusa.com\/pt\/2025\/07\/17\/homem-deportado-apos-2017-connecticut-homicidio\/","title":{"rendered":"Homem deportado ap\u00f3s 2017 Connecticut homic\u00eddio"},"content":{"rendered":"<script async src=\"https:\/\/pagead2.googlesyndication.com\/pagead\/js\/adsbygoogle.js?client=ca-pub-8864793242727901\"\r\n     crossorigin=\"anonymous\"><\/script>\n<p>HARTFORD, Connecticut (WTNH) &#8211; Um homem supostamente envolvido em um acidente fatal de 2017 em North Haven foi acusado de reentrar ilegalmente os Estados Unidos depois de ser deportado e comparecido no tribunal na quinta -feira.<\/p>\n<p>Darwin Francisco, 39 anos, foi encontrado pela primeira vez pela Patrulha de Fronteira em 2003, segundo documentos do tribunal, e foi deportado para o M\u00e9xico. <\/p>\n<div class=\"nlp-ignore-block article-content rich-text\">\n<aside class=\"promo-link\">\n\t<a href=\"https:\/\/www.wtnh.com\/news\/connecticut\/hartford\/ice-releases-statement-regarding-arrests-of-4-southington-car-wash-employees\/?ipid=promo-link-block1\" class=\"promo-link__link\" target=\"\"_blank\"\"><\/p>\n<p>\t\tDeclara\u00e7\u00e3o de libera\u00e7\u00f5es de gelo sobre pris\u00f5es de 4 funcion\u00e1rios de lavagem de carros Southington\t<\/a><br \/>\n<\/aside>\n<\/div>\n<p>Quituizaca foi preso posteriormente em mar\u00e7o de 2018 por acusa\u00e7\u00f5es relacionadas a um acidente de carro fatal de 2017 na I-91 em North Haven. <\/p>\n<p>A imigra\u00e7\u00e3o e a alf\u00e2ndega (ICE) encontraram Quittuizaca em agosto de 2018 em Meriden e o prenderam em um mandado enquanto ele aguardava julgamento pelo acidente de carro fatal. <\/p>\n<p>Ele foi condenado a retornar ao Equador em setembro de 2018 por um juiz de imigra\u00e7\u00e3o, mas foi transferido para a cust\u00f3dia do estado por suas acusa\u00e7\u00f5es pendentes relacionadas ao acidente de carro. <\/p>\n<div class=\"nlp-ignore-block article-content rich-text\">\n<aside class=\"promo-link\">\n\t<a href=\"https:\/\/www.wtnh.com\/news\/connecticut\/man-arrested-by-ice-in-connecticut-was-wanted-for-murder-in-mexico\/?ipid=promo-link-block2\" class=\"promo-link__link\" target=\"\"_blank\"\"><\/p>\n<p>\t\tO homem preso por gelo em Connecticut era procurado por assassinato no M\u00e9xico\t<\/a><br \/>\n<\/aside>\n<\/div>\n<p>Quituizaca foi condenado por homic\u00eddio culposo em segundo grau no Tribunal Superior de Connecticut em janeiro de 2019. Ele foi libertado da pris\u00e3o em uma data desconhecida. <\/p>\n<p>O gelo encontrou e prendeu Quittuizaca novamente em 15 de agosto de 2023 e foi deportado para o Equador em setembro de 2023.<\/p>\n<p>Alega -se ainda que Quittuizaca reentrou ilegalmente os Estados Unidos e foi preso por gelo novamente em 28 de junho em Meriden. <\/p>\n<p>A investiga\u00e7\u00e3o ainda est\u00e1 em andamento por opera\u00e7\u00f5es de gelo e aplica\u00e7\u00e3o e remo\u00e7\u00e3o. <\/p>\n<p><br \/>\n<br \/><a href=\"https:\/\/www.wtnh.com\/news\/connecticut\/new-haven\/man-deported-after-2017-connecticut-manslaughter-conviction\/\">Source link <\/a><\/p>","protected":false},"excerpt":{"rendered":"<p>HARTFORD, Connecticut (WTNH) &#8211; Um homem supostamente envolvido em um acidente fatal de 2017 em North Haven foi acusado de reentrar ilegalmente os Estados Unidos depois de ser deportado e&hellip;<\/p>","protected":false},"author":1,"featured_media":122042,"comment_status":"closed","ping_status":"open","sticky":false,"template":"","format":"standard","meta":{"content-type":"","footnotes":""},"categories":[1],"tags":[],"class_list":["post-122041","post","type-post","status-publish","format-standard","has-post-thumbnail","hentry","category-uncategorized"],"_links":{"self":[{"href":"https:\/\/tvbrazilusa.com\/pt\/wp-json\/wp\/v2\/posts\/122041","targetHints":{"allow":["GET"]}}],"collection":[{"href":"https:\/\/tvbrazilusa.com\/pt\/wp-json\/wp\/v2\/posts"}],"about":[{"href":"https:\/\/tvbrazilusa.com\/pt\/wp-json\/wp\/v2\/types\/post"}],"author":[{"embeddable":true,"href":"https:\/\/tvbrazilusa.com\/pt\/wp-json\/wp\/v2\/users\/1"}],"replies":[{"embeddable":true,"href":"https:\/\/tvbrazilusa.com\/pt\/wp-json\/wp\/v2\/comments?post=122041"}],"version-history":[{"count":1,"href":"https:\/\/tvbrazilusa.com\/pt\/wp-json\/wp\/v2\/posts\/122041\/revisions"}],"predecessor-version":[{"id":122043,"href":"https:\/\/tvbrazilusa.com\/pt\/wp-json\/wp\/v2\/posts\/122041\/revisions\/122043"}],"wp:featuredmedia":[{"embeddable":true,"href":"https:\/\/tvbrazilusa.com\/pt\/wp-json\/wp\/v2\/media\/122042"}],"wp:attachment":[{"href":"https:\/\/tvbrazilusa.com\/pt\/wp-json\/wp\/v2\/media?parent=122041"}],"wp:term":[{"taxonomy":"category","embeddable":true,"href":"https:\/\/tvbrazilusa.com\/pt\/wp-json\/wp\/v2\/categories?post=122041"},{"taxonomy":"post_tag","embeddable":true,"href":"https:\/\/tvbrazilusa.com\/pt\/wp-json\/wp\/v2\/tags?post=122041"}],"curies":[{"name":"wp","href":"https:\/\/api.w.org\/{rel}","templated":true}]}}