{"id":122075,"date":"2025-07-18T17:44:40","date_gmt":"2025-07-18T17:44:40","guid":{"rendered":"https:\/\/tvbrazilusa.com\/2025\/07\/18\/o-desemprego-no-nordeste-da-florida-atinge-o-alto-pos-panoramico-jacksonville-hoje\/"},"modified":"2025-07-18T17:55:06","modified_gmt":"2025-07-18T17:55:06","slug":"o-desemprego-no-nordeste-da-florida-atinge-o-alto-pos-panoramico-jacksonville-hoje","status":"publish","type":"post","link":"https:\/\/tvbrazilusa.com\/pt\/2025\/07\/18\/o-desemprego-no-nordeste-da-florida-atinge-o-alto-pos-panoramico-jacksonville-hoje\/","title":{"rendered":"O desemprego no nordeste da Fl\u00f3rida atinge o alto p\u00f3s-panor\u00e2mico | Jacksonville hoje"},"content":{"rendered":"<p> <script async src=\"https:\/\/pagead2.googlesyndication.com\/pagead\/js\/adsbygoogle.js?client=ca-pub-8864793242727901\"\r\n     crossorigin=\"anonymous\"><\/script><br \/>\n<\/p>\n<div>\n<p>A taxa de desemprego de Jacksonville saltou em junho para o seu n\u00edvel mais alto desde que a pandemia de coronav\u00edrus com o crescimento cont\u00ednuo do emprego, informou o Departamento de Com\u00e9rcio da Fl\u00f3rida na sexta -feira.<\/p>\n<p id=\"h820341-p2\">A taxa de desemprego na \u00e1rea metropolitana de Jacksonville, nos condados de Baker, Clay, Duval, Nassau e St. Johns, subiu de 3,6% em maio para 4,2% em junho.<\/p>\n<p>Essa foi a maior taxa de desemprego da regi\u00e3o desde 4,3% em agosto de 2021, quando a economia estava se recuperando de perdas de empregos relacionadas \u00e0 pandemia.<\/p>\n<p><!-- This site is converting visitors into subscribers and customers with OptinMonster - https:\/\/app.optinmonster.com :: Campaign Title: 2025 Email Registration Wall Message --><\/p>\n<p><!-- \/ OptinMonster --><\/p>\n<p><em><a href=\"https:\/\/www.jaxdailyrecord.com\/news\/2025\/jul\/18\/northeast-florida-unemployment-jumps-to-post-pandemic-high\/\" rel=\"nofollow noopener\" target=\"_blank\">Leia o resto desta hist\u00f3ria<\/a> no <\/em>Jacksonville Daily Record<em>a <\/em>Jacksonville hoje<em> Parceiro de not\u00edcias.<\/em><\/p>\n<\/div>\n<p><br \/>\n<br \/><a href=\"https:\/\/jaxtoday.org\/2025\/07\/18\/unemployment-jumps-to-post-pandemic-high-in-northeast-florida\/\">Source link <\/a><\/p>","protected":false},"excerpt":{"rendered":"<p>A taxa de desemprego de Jacksonville saltou em junho para o seu n\u00edvel mais alto desde que a pandemia de coronav\u00edrus com o crescimento cont\u00ednuo do emprego, informou o Departamento&hellip;<\/p>","protected":false},"author":1,"featured_media":122076,"comment_status":"closed","ping_status":"open","sticky":false,"template":"","format":"standard","meta":{"content-type":"","footnotes":""},"categories":[1],"tags":[],"class_list":["post-122075","post","type-post","status-publish","format-standard","has-post-thumbnail","hentry","category-uncategorized"],"_links":{"self":[{"href":"https:\/\/tvbrazilusa.com\/pt\/wp-json\/wp\/v2\/posts\/122075","targetHints":{"allow":["GET"]}}],"collection":[{"href":"https:\/\/tvbrazilusa.com\/pt\/wp-json\/wp\/v2\/posts"}],"about":[{"href":"https:\/\/tvbrazilusa.com\/pt\/wp-json\/wp\/v2\/types\/post"}],"author":[{"embeddable":true,"href":"https:\/\/tvbrazilusa.com\/pt\/wp-json\/wp\/v2\/users\/1"}],"replies":[{"embeddable":true,"href":"https:\/\/tvbrazilusa.com\/pt\/wp-json\/wp\/v2\/comments?post=122075"}],"version-history":[{"count":1,"href":"https:\/\/tvbrazilusa.com\/pt\/wp-json\/wp\/v2\/posts\/122075\/revisions"}],"predecessor-version":[{"id":122077,"href":"https:\/\/tvbrazilusa.com\/pt\/wp-json\/wp\/v2\/posts\/122075\/revisions\/122077"}],"wp:featuredmedia":[{"embeddable":true,"href":"https:\/\/tvbrazilusa.com\/pt\/wp-json\/wp\/v2\/media\/122076"}],"wp:attachment":[{"href":"https:\/\/tvbrazilusa.com\/pt\/wp-json\/wp\/v2\/media?parent=122075"}],"wp:term":[{"taxonomy":"category","embeddable":true,"href":"https:\/\/tvbrazilusa.com\/pt\/wp-json\/wp\/v2\/categories?post=122075"},{"taxonomy":"post_tag","embeddable":true,"href":"https:\/\/tvbrazilusa.com\/pt\/wp-json\/wp\/v2\/tags?post=122075"}],"curies":[{"name":"wp","href":"https:\/\/api.w.org\/{rel}","templated":true}]}}