{"id":12213,"date":"2024-07-30T12:54:52","date_gmt":"2024-07-30T12:54:52","guid":{"rendered":"https:\/\/tvbrazilusa.com\/2024\/07\/30\/a-ultima-razao-de-donald-trump-pela-qual-ele-nao-quer-debater-com-kamala-harris\/"},"modified":"2024-07-30T12:56:14","modified_gmt":"2024-07-30T12:56:14","slug":"a-ultima-razao-de-donald-trump-pela-qual-ele-nao-quer-debater-com-kamala-harris","status":"publish","type":"post","link":"https:\/\/tvbrazilusa.com\/pt\/2024\/07\/30\/a-ultima-razao-de-donald-trump-pela-qual-ele-nao-quer-debater-com-kamala-harris\/","title":{"rendered":"A \u00faltima raz\u00e3o de Donald Trump pela qual ele n\u00e3o quer debater com Kamala Harris"},"content":{"rendered":"<script async src=\"https:\/\/pagead2.googlesyndication.com\/pagead\/js\/adsbygoogle.js?client=ca-pub-8864793242727901\"\r\n     crossorigin=\"anonymous\"><\/script>\n<div>\n<p class=\"article__paragraph article__paragraph--left\" id=\"WNIYPCDT6RDOHEXSG5CPWXD3AE\">Antigo presidente <a href=\"https:\/\/www.nj.com\/topic\/donald-trump\/\">Donald Trump<\/a> concordou em dois debates contra o presidente <a href=\"https:\/\/www.nj.com\/politics\/2024\/03\/in-battle-with-trump-biden-has-message-for-those-who-thought-hed-get-his-ass-kicked.html\">Joe Biden<\/a>.<\/p>\n<p class=\"article__paragraph article__paragraph--left\" id=\"3PQP2CSABBF7FJOAQF7VCIW6AA\">Mas quando se trata do vice-presidente <a href=\"https:\/\/www.google.com\/url?sa=t&#038;source=web&#038;rct=j&#038;opi=89978449&#038;url=https:\/\/www.nj.com\/politics\/2024\/07\/biden-backs-vp-kamala-harris-to-take-on-donald-trump-in-2024-presidential-election.html&#038;ved=2ahUKEwjfkuKG7biHAxWKE1kFHQGAADcQvOMEKAB6BAgIEAE&#038;usg=AOvVaw3UWYBI6DHCgWE9YpHEKE49\">Kamala Harris<\/a>o novo candidato prov\u00e1vel do Partido Democrata, Trump \u2014 que pulou todos os debates prim\u00e1rios do GOP \u2014 n\u00e3o tem tanta certeza. Ele disse que &#8220;provavelmente&#8221; debater\u00e1 com ela, mas &#8220;tamb\u00e9m pode argumentar para n\u00e3o faz\u00ea-lo&#8221;.<\/p>\n<p class=\"article__paragraph article__paragraph--left\" id=\"XXPGQAHFYRFXBGZDWGIIKZBYWE\">E em uma entrevista recente com a comentarista conservadora Laura Ingraham, Trump parecia estar mais inclinado a n\u00e3o se encontrar com Harris no palco do debate.<\/p>\n<p class=\"article__paragraph article__paragraph--left\" id=\"BB5YWXQGHBB6JPCZSEU2VYCVKU\"><i><b>Ingraham<\/b><\/i><i>:Por que n\u00e3o debater com ela?<\/i><\/p>\n<p class=\"article__paragraph article__paragraph--left\" id=\"BQRFVBAA2BHXDPGAQXFDN3HGVE\"><i><b>Trunfo<\/b><\/i><i>: Bem, espere. Mas porque eles j\u00e1 sabem de tudo. Ela quer tirar o financiamento da nossa pol\u00edcia. Ela n\u00e3o quer fian\u00e7a, ela n\u00e3o quer dinheiro. Voc\u00ea simplesmente, voc\u00ea mata algu\u00e9m e n\u00f3s vamos libert\u00e1-lo imediatamente. Eles chamam isso de &#8220;sem dinheiro, sem dinheiro&#8221;. Isso \u00e9, a prop\u00f3sito, uma coisa horr\u00edvel para o nosso pa\u00eds. Isso \u00e9 o que eu acabei de dizer. Mas n\u00f3s sabemos onde ela est\u00e1, ela quer impostos altos.<\/i><\/p>\n<p class=\"article__paragraph article__paragraph--left\" id=\"DIKZJ3HH3VBNHD4WLM7Q3D65AE\"><i><b>Ingraham<\/b><\/i><i>: Bem, eles v\u00e3o dizer que voc\u00ea tem medo de debater com ela. \u00c9 isso que eles v\u00e3o dizer.<\/i><\/p>\n<p class=\"article__paragraph article__paragraph--left\" id=\"LAR6ST7OHBAG3DVY3CCKOCQH74\"><i><b>Trunfo<\/b><\/i><i>: Bem, eles disseram isso com Biden tamb\u00e9m, sabe, eu estava com medo. Eu fui \u00f3timo com Biden e fui \u00f3timo em todos os debates. Eu tive muitos debates.<\/i><\/p>\n<p class=\"article__paragraph article__paragraph--left\" id=\"IFFQBHCMURBFNE663XJEFV256A\"><i><b>Ingraham<\/b><\/i><i>:Mas voc\u00ea est\u00e1 vencendo em todas as quest\u00f5es, certo?<\/i><\/p>\n<p class=\"article__paragraph article__paragraph--left\" id=\"5QF3V7BTVVGPPP62MNJYRM4HDA\"><i><b>Trunfo<\/b><\/i><i>: Sabe, estou liderando nas pesquisas por, eu acho, muito. N\u00e3o sei, ou\u00e7o n\u00fameros diferentes. Mas estou liderando em todas as pesquisas. Estou liderando em todos os estados indecisos.<\/i><\/p>\n<p class=\"article__paragraph article__paragraph--left\" id=\"HRPAG6XGHFFQLASYSNEP5ONLDM\">O ex-presidente republicano estava ansioso para debater com Biden quando ele era o indicado democrata, depois de meses sugerindo que Biden n\u00e3o estava mentalmente preparado para o confronto \u2014 ou para a presid\u00eancia. Mas depois que Biden desistiu da disputa e Harris se preparou para ser a candidata presidencial democrata, Trump questionou os termos do debate original que ele concordou com Biden. Ele sugeriu que o debate de 10 de setembro na ABC News deveria ser transferido para uma rede diferente, chamando a ABC de &#8220;not\u00edcias falsas&#8221;.<\/p>\n<p class=\"article__paragraph article__paragraph--left\" id=\"UBZVJ5DZFJACPMZGJQCFQYSDDI\">Na semana passada, em um telefonema com rep\u00f3rteres, Trump foi questionado se ele se comprometeria a debater com Harris pelo menos uma vez. Ele respondeu: &#8220;Ah, sim, com certeza. Eu gostaria&#8221;, e disse que havia uma obriga\u00e7\u00e3o de debater.<\/p>\n<p class=\"article__paragraph article__paragraph--left\" id=\"OT2T37KD7FAQHP7MINCKL5LXNM\">Na entrevista de segunda-feira, Ingraham pressionou Trump repetidamente sobre se ele se comprometeria com um debate.<\/p>\n<p class=\"article__paragraph article__paragraph--left\" id=\"PHQCALDG6FCLZEGME5JYCLTOKQ\">\u201cQuero fazer um debate. Mas tamb\u00e9m posso dizer isso. Todo mundo sabe quem eu sou. E agora as pessoas sabem quem ela \u00e9\u201d, disse Trump.<\/p>\n<p class=\"article__paragraph article__paragraph--left\" id=\"5RXYTXD6VVB35L3HOQGQYM7C3M\">Trump finalmente disse: \u201cA resposta \u00e9 sim, provavelmente acabarei debatendo\u201d.<\/p>\n<p class=\"article__paragraph article__paragraph--left\" id=\"E72PA4XHHFF3XC2EXUCI64CIFE\">Trump j\u00e1 pulou debates antes, incluindo todos os debates das prim\u00e1rias presidenciais republicanas de 2024. Inicialmente, ele n\u00e3o participou ap\u00f3s sugerir que o momento era muito cedo e, em seguida, questionar o local de outro antes de, eventualmente, deixar claro que n\u00e3o participaria de nenhum desses debates.<\/p>\n<p class=\"article__paragraph article__paragraph--left\" id=\"KL5QUGEOB5BTRNRZAKVREHDUDA\"><i>A Associated Press contribuiu para esta reportagem.<\/i><\/p>\n<section class=\"Stories-By-Author-module_wrapper__ezbcK Stories-By-Author-module_nj__Ap1-Y\"\/>\n<p class=\"article__paragraph article__paragraph--left\" id=\"T723QXCSFRHV7I7FFHLPL3GWGE\"><i>Nosso jornalismo precisa do seu apoio. Por favor, assine hoje mesmo <\/i><a href=\"http:\/\/nj.com\/\"><i>NJ.com<\/i><\/a><i>.<\/i><\/p>\n<p class=\"article__paragraph article__paragraph--left\" id=\"GBCS3CRU7BD2NBX27HU2H2CT6I\"><a href=\"https:\/\/twitter.com\/MatthewArco\"><i>Matt Arco<\/i><\/a><i>  pode ser alcan\u00e7ado em <\/i><a href=\"https:\/\/www.nj.com\/politics\/2024\/07\/mailto:marco@njadvancemedia.com\"><i>marco@njadvancemedia.com<\/i><\/a><i>. Siga-o no Twitter em <\/i><a href=\"https:\/\/twitter.com\/MatthewArco\"><i>@MatthewArco<\/i><\/a><i>.<\/i><\/p>\n<\/div>\n<p><script async src=\"\/\/platform.twitter.com\/widgets.js\" charset=\"utf-8\"><\/script><br \/>\n<br \/><br \/>\n<br \/><a href=\"https:\/\/www.nj.com\/politics\/2024\/07\/donald-trumps-latest-reason-why-he-doesnt-want-to-debate-kamala-harris.html\">Source link <\/a><\/p>","protected":false},"excerpt":{"rendered":"<p>Antigo presidente Donald Trump concordou em dois debates contra o presidente Joe Biden. Mas quando se trata do vice-presidente Kamala Harriso novo candidato prov\u00e1vel do Partido Democrata, Trump \u2014 que&hellip;<\/p>","protected":false},"author":1,"featured_media":12214,"comment_status":"closed","ping_status":"open","sticky":false,"template":"","format":"standard","meta":{"content-type":"","footnotes":""},"categories":[1],"tags":[],"class_list":["post-12213","post","type-post","status-publish","format-standard","has-post-thumbnail","hentry","category-uncategorized"],"_links":{"self":[{"href":"https:\/\/tvbrazilusa.com\/pt\/wp-json\/wp\/v2\/posts\/12213","targetHints":{"allow":["GET"]}}],"collection":[{"href":"https:\/\/tvbrazilusa.com\/pt\/wp-json\/wp\/v2\/posts"}],"about":[{"href":"https:\/\/tvbrazilusa.com\/pt\/wp-json\/wp\/v2\/types\/post"}],"author":[{"embeddable":true,"href":"https:\/\/tvbrazilusa.com\/pt\/wp-json\/wp\/v2\/users\/1"}],"replies":[{"embeddable":true,"href":"https:\/\/tvbrazilusa.com\/pt\/wp-json\/wp\/v2\/comments?post=12213"}],"version-history":[{"count":1,"href":"https:\/\/tvbrazilusa.com\/pt\/wp-json\/wp\/v2\/posts\/12213\/revisions"}],"predecessor-version":[{"id":12215,"href":"https:\/\/tvbrazilusa.com\/pt\/wp-json\/wp\/v2\/posts\/12213\/revisions\/12215"}],"wp:featuredmedia":[{"embeddable":true,"href":"https:\/\/tvbrazilusa.com\/pt\/wp-json\/wp\/v2\/media\/12214"}],"wp:attachment":[{"href":"https:\/\/tvbrazilusa.com\/pt\/wp-json\/wp\/v2\/media?parent=12213"}],"wp:term":[{"taxonomy":"category","embeddable":true,"href":"https:\/\/tvbrazilusa.com\/pt\/wp-json\/wp\/v2\/categories?post=12213"},{"taxonomy":"post_tag","embeddable":true,"href":"https:\/\/tvbrazilusa.com\/pt\/wp-json\/wp\/v2\/tags?post=12213"}],"curies":[{"name":"wp","href":"https:\/\/api.w.org\/{rel}","templated":true}]}}