{"id":122152,"date":"2025-07-19T22:42:00","date_gmt":"2025-07-19T22:42:00","guid":{"rendered":"https:\/\/tvbrazilusa.com\/2025\/07\/19\/delegado-da-pf-e-diretor-geral-tambem-tem-vistos-cancelados-pelo-donald-trump-tv-florida-usa-a-sua-tv-brasileira-nos-estados-unidos\/"},"modified":"2025-07-19T23:53:52","modified_gmt":"2025-07-19T23:53:52","slug":"delegado-da-pf-e-diretor-geral-tambem-tem-vistos-cancelados-pelo-donald-trump-tv-florida-usa-a-sua-tv-brasileira-nos-estados-unidos","status":"publish","type":"post","link":"https:\/\/tvbrazilusa.com\/pt\/2025\/07\/19\/delegado-da-pf-e-diretor-geral-tambem-tem-vistos-cancelados-pelo-donald-trump-tv-florida-usa-a-sua-tv-brasileira-nos-estados-unidos\/","title":{"rendered":"Delegado da PF e diretor geral tamb\u00e9m t\u00eam vistos cancelados pelo Donald Trump \u2013 TV Florida USA \u2013 A sua TV Brasileira nos Estados Unidos"},"content":{"rendered":"<p> <script async src=\"https:\/\/pagead2.googlesyndication.com\/pagead\/js\/adsbygoogle.js?client=ca-pub-8864793242727901\"\r\n     crossorigin=\"anonymous\"><\/script><br \/>\n<\/p>\n<div>\n<p><strong>Donald Trump<\/strong> determinou a imediata transforma\u00e7\u00e3o do visto tempor\u00e1rio de <strong>Eduardo Bolsonaro e sua fam\u00edlia<\/strong> em permanente, informa a Fox News. A ordem foi endere\u00e7ada a Marco Rubio, que anunciou h\u00e1 pouco a anula\u00e7\u00e3o dos vistos de entrada de Alexandre de Moraes e de seus \u201caliados\u201d no Supremo, al\u00e9m de familiares. S\u00f3 estariam fora da san\u00e7\u00e3o Andr\u00e9 Mendon\u00e7a, Kassio Nunes Marques e Luiz Fux.<\/p>\n<p><b>\u201cA\u00a0ca\u00e7a \u00e0s bruxas pol\u00edtica do ministro Alexandre de Moraes, do Supremo Tribunal Federal, contra Jair Bolsonaro criou um complexo de persegui\u00e7\u00e3o e censura t\u00e3o abrangente que n\u00e3o apenas viola direitos b\u00e1sicos dos brasileiros, mas tamb\u00e9m se estende al\u00e9m das fronteiras do Brasil, atingindo os americanos. Portanto, ordenei a revoga\u00e7\u00e3o dos vistos de Moraes e seus aliados no tribunal, bem como de seus familiares pr\u00f3ximos, com efeito imediato\u201d, escreveu Rubio.<\/b>\n<\/p>\n<p>A decis\u00e3o foi tomada ap\u00f3s a decis\u00e3o de Moraes de impor o uso de tornozeleira eletr\u00f4nica a Bolsonaro. O ex-presidente tamb\u00e9m foi proibido de usar suas redes sociais, de manter contato com diplomatas e de se aproximar de embaixadas.\u00a0Tamb\u00e9m est\u00e1 obrigado ao recolhimento noturno.\n<\/p>\n<p>A resid\u00eancia permanente nos EUA (Green Card) permitir\u00e1 a Eduardo e sua fam\u00edlia viver e trabalhar l\u00e1 indefinidamente, acessar benef\u00edcios sociais, prote\u00e7\u00e3o legal e abre caminho para a obten\u00e7\u00e3o da cidadania ap\u00f3s alguns anos.<\/p>\n<div class=\"mvp-post-ad-wrap\"><span class=\"mvp-ad-label\">Publicidade<\/span><\/p>\n<div class=\"mvp-post-ad\"><a rel=\"nofollow\" target=\"_blank\" href=\"https:\/\/pay.cakto.com.br\/35dueap_485359\"><br \/><\/a><\/div>\n<\/div>\n<p>Trump divulgou na quinta-feira (17) uma carta dirigida a Bolsonaro, declarando apoio em meio ao julgamento que ele enfrenta no Brasil. No texto, o presidente americano critica a persegui\u00e7\u00e3o pol\u00edtica conduzida pelo governo Lula e Moraes\u00a0e exige o fim do que chamou de \u201cregime de censura rid\u00edculo\u201d.\n<\/p>\n<p>\u201c<i>Compartilho do seu compromisso em ouvir a voz do povo e estou muito preocupado com os ataques \u00e0 liberdade de express\u00e3o \u2014 tanto no Brasil quanto nos Estados Unidos \u2014 promovidos pelo governo atual [\u2026] \u00c9 minha sincera esperan\u00e7a que o governo do Brasil mude de rumo, pare de atacar advers\u00e1rios pol\u00edticos e ponha fim a esse regime de censura rid\u00edculo<\/i>.\u201d\n<\/p>\n<p>Mais cedo, o ministro Alexandre de Moraes convocou uma sess\u00e3o emergencial da\u00a0<b>Primeira Turma do Supremo Tribunal Federal<\/b>\u00a0para submeter ao colegiado sua decis\u00e3o que, horas antes, autorizou buscas e medidas cautelares contra o ex-presidente Jair Bolsonaro. No relat\u00f3rio, Moraes adverte que o descumprimento das ordens determinadas poder\u00e1 levar \u00e0 pris\u00e3o imediata de Bolsonaro.\n<\/p>\n<p>Fonte: <em>Claudio Dantas<\/em>\n<\/p>\n<div class=\"mvp-post-ad-wrap\"><span class=\"mvp-ad-label\">Publicidade<\/span><\/p>\n<div class=\"mvp-post-ad\"><a rel=\"nofollow\" target=\"_blank\" href=\"https:\/\/pay.cakto.com.br\/35dueap_485359\"><br \/><img fetchpriority=\"high\" width=\"960\" height=\"288\" decoding=\"async\" alt=\"Banner do Livro\" style=\"max-width:100%; height:auto;\" src=\"https:\/\/podernacional.com.br\/wp-content\/uploads\/2025\/04\/Livro-Banner.png\" data-rel=\"penci-gallery-image-content\" \/><img fetchpriority=\"high\" width=\"960\" height=\"288\" decoding=\"async\" src=\"https:\/\/podernacional.com.br\/wp-content\/uploads\/2025\/04\/Livro-Banner.png\" alt=\"Banner do Livro\" style=\"max-width:100%; height:auto;\"\/><\/a><\/div>\n<\/div>\n<\/div>\n<p><br \/>\n<br \/><a href=\"https:\/\/tvfloridausa.com\/2025\/07\/19\/delegado-da-pf-e-diretor-geral-tambem-tem-vistos-cancelados-pelo-donald-trump\/\">Source link <\/a><\/p>","protected":false},"excerpt":{"rendered":"<p>Donald Trump determinou a imediata transforma\u00e7\u00e3o do visto tempor\u00e1rio de Eduardo Bolsonaro e sua fam\u00edlia em permanente, informa a Fox News. A ordem foi endere\u00e7ada a Marco Rubio, que anunciou&hellip;<\/p>","protected":false},"author":1,"featured_media":122139,"comment_status":"closed","ping_status":"open","sticky":false,"template":"","format":"standard","meta":{"content-type":"","footnotes":""},"categories":[22],"tags":[],"class_list":["post-122152","post","type-post","status-publish","format-standard","has-post-thumbnail","hentry","category-tv-florida-usa"],"_links":{"self":[{"href":"https:\/\/tvbrazilusa.com\/pt\/wp-json\/wp\/v2\/posts\/122152","targetHints":{"allow":["GET"]}}],"collection":[{"href":"https:\/\/tvbrazilusa.com\/pt\/wp-json\/wp\/v2\/posts"}],"about":[{"href":"https:\/\/tvbrazilusa.com\/pt\/wp-json\/wp\/v2\/types\/post"}],"author":[{"embeddable":true,"href":"https:\/\/tvbrazilusa.com\/pt\/wp-json\/wp\/v2\/users\/1"}],"replies":[{"embeddable":true,"href":"https:\/\/tvbrazilusa.com\/pt\/wp-json\/wp\/v2\/comments?post=122152"}],"version-history":[{"count":1,"href":"https:\/\/tvbrazilusa.com\/pt\/wp-json\/wp\/v2\/posts\/122152\/revisions"}],"predecessor-version":[{"id":122153,"href":"https:\/\/tvbrazilusa.com\/pt\/wp-json\/wp\/v2\/posts\/122152\/revisions\/122153"}],"wp:featuredmedia":[{"embeddable":true,"href":"https:\/\/tvbrazilusa.com\/pt\/wp-json\/wp\/v2\/media\/122139"}],"wp:attachment":[{"href":"https:\/\/tvbrazilusa.com\/pt\/wp-json\/wp\/v2\/media?parent=122152"}],"wp:term":[{"taxonomy":"category","embeddable":true,"href":"https:\/\/tvbrazilusa.com\/pt\/wp-json\/wp\/v2\/categories?post=122152"},{"taxonomy":"post_tag","embeddable":true,"href":"https:\/\/tvbrazilusa.com\/pt\/wp-json\/wp\/v2\/tags?post=122152"}],"curies":[{"name":"wp","href":"https:\/\/api.w.org\/{rel}","templated":true}]}}