{"id":122161,"date":"2025-07-20T14:30:00","date_gmt":"2025-07-20T14:30:00","guid":{"rendered":"https:\/\/tvbrazilusa.com\/2025\/07\/20\/relatorio-do-capitolio-elliott-o-torna-oficial-potencial-1a-batalha-distrital-sun-se-mudando\/"},"modified":"2025-07-20T14:47:43","modified_gmt":"2025-07-20T14:47:43","slug":"relatorio-do-capitolio-elliott-o-torna-oficial-potencial-1a-batalha-distrital-sun-se-mudando","status":"publish","type":"post","link":"https:\/\/tvbrazilusa.com\/pt\/2025\/07\/20\/relatorio-do-capitolio-elliott-o-torna-oficial-potencial-1a-batalha-distrital-sun-se-mudando\/","title":{"rendered":"Relat\u00f3rio do Capit\u00f3lio: Elliott o torna oficial, potencial 1\u00aa Batalha Distrital, Sun se mudando?"},"content":{"rendered":"<script async src=\"https:\/\/pagead2.googlesyndication.com\/pagead\/js\/adsbygoogle.js?client=ca-pub-8864793242727901\"\r\n     crossorigin=\"anonymous\"><\/script>\n<p>NEW HAVEN, Connecticut (WTNH) &#8211; Nesta semana, no Relat\u00f3rio do Capit\u00f3lio, o painel discute a oferta oficial de Josh Elliott pela mesa do governador e lembrando os l\u00edderes locais, Bill Gerber, de Fairfield, e Anthony Candelora de North Branford.<\/p>\n<p>Al\u00e9m disso, uma batalha potencial para o 1\u00ba lugar do Congresso poderia esquentar. Bronin desafiar\u00e1 Larson?<\/p>\n<p>O sol est\u00e1 no WNBA em Connecticut? O governador Ned Lamont, Jen Rizzotti e um vereador de Boston falam sobre o sol de Connecticut potencialmente se mudando. <\/p>\n<p>Finalmente, como voc\u00ea gosta do seu cachorro -quente?<\/p>\n<div class=\"nlp-ignore-block article-content rich-text\">\n<section class=\"article-list article-list--link_group\">\n<div class=\"article-list__content\">\n<h2 class=\"article-list__label\">Relat\u00f3rio do Capit\u00f3lio<\/h2>\n<div class=\"article-list__triangle\"><\/div>\n<section class=\"article-list article-list--headline-one-col article-list--link-group\">\n<div class=\"article-list__content\" data-module-type=\"no-title\">\n<article class=\"article-list__article\" data-article-id=\"2289788\" data-context=\"link_group\" data-index=\"0\" data-collection=\"article-list1\" data-anvato-params=\"{\"pauseontabinactive\":false}\">\n\t\t\t<!-- Next line is not the perfect\/ideal way to control hiding the items. Can revisit later. --><\/p>\n<div class=\"article-list__article-text\" data-context=\"link_group\" data-article-list-id=\"article-list1\" data-article-text-classes=\"article-list__article-text\" data-article-thumb-classes=\"article-list__article-thumb\" data-current-image-context=\"[\"16:9\",\"(max-width: 1023px) 50vw, 876px\"]\">\n<p>\t\t\t\t<a class=\"article-list__gradient-link\" href=\"https:\/\/www.wtnh.com\/on-air\/capitol-report\/capitol-report-elliott-makes-it-official-potential-1st-district-battle-sun-relocating\/\" data-link-type=\"content-link\" data-link-position=\"1\" data-link-pinned=\"false\" data-link-label=\"Capitol Report: Elliott makes it official, potential 1st District battle, Sun relocating?\"><br \/>\n\t\t<\/a><\/p>\n<h2 class=\"article-list__article-title\">\n\t\t\t\t\t\t\t\t\t\t\t\t\t<a href=\"https:\/\/www.wtnh.com\/on-air\/capitol-report\/capitol-report-elliott-makes-it-official-potential-1st-district-battle-sun-relocating\/\" class=\"article-list__article-link\" data-link-type=\"content-link\" data-link-position=\"1\" data-link-pinned=\"false\" data-link-label=\"Capitol Report: Elliott makes it official, potential 1st District battle, Sun relocating?\"><\/p>\n<p>\t\t\tElliott o torna oficial, potencial 1\u00ba Dist. batalha<br \/>\n\t\t\t\t\t\t\t\t\t\t<\/a><br \/>\n\t\t\t\t\t<\/h2>\n<p><span aria-hidden=\"true\" class=\"article-list__article-mediaicon article-list__article-mediaicon--video\"><br \/>\n\t<span class=\"article-list__article-mediaicon-svg\"><\/p>\n<p>\t\t.cls-3 {preenchimento: #fff; preenchimento-regra: parodd}<br \/>\n\t<\/span><br \/>\n\t<\/span>\n\t<\/div>\n<\/article>\n<article class=\"article-list__article\" data-article-id=\"2283197\" data-context=\"link_group\" data-index=\"1\" data-collection=\"article-list1\" data-anvato-params=\"{\"pauseontabinactive\":false}\">\n\t\t\t<!-- Next line is not the perfect\/ideal way to control hiding the items. Can revisit later. --><\/p>\n<div class=\"article-list__article-text\" data-context=\"link_group\" data-article-list-id=\"article-list1\" data-article-text-classes=\"article-list__article-text\" data-article-thumb-classes=\"article-list__article-thumb\" data-current-image-context=\"[\"16:9\",\"(max-width: 1023px) 50vw, 876px\"]\">\n<p>\t\t\t\t<a class=\"article-list__gradient-link\" href=\"https:\/\/www.wtnh.com\/on-air\/capitol-report\/capitol-report-democrat-files-to-run-for-governor-a-growing-push-for-affordable-housing\/\" data-link-type=\"content-link\" data-link-position=\"2\" data-link-pinned=\"false\" data-link-label=\"Capitol Report: Democrat files to run for governor, a growing push for affordable housing\"><br \/>\n\t\t<\/a><\/p>\n<h2 class=\"article-list__article-title\">\n\t\t\t\t\t\t\t\t\t\t\t\t\t<a href=\"https:\/\/www.wtnh.com\/on-air\/capitol-report\/capitol-report-democrat-files-to-run-for-governor-a-growing-push-for-affordable-housing\/\" class=\"article-list__article-link\" data-link-type=\"content-link\" data-link-position=\"2\" data-link-pinned=\"false\" data-link-label=\"Capitol Report: Democrat files to run for governor, a growing push for affordable housing\"><\/p>\n<p>\t\t\tDem. Arquivos a serem executados para o governador, pressione para a acessibilidade<br \/>\n\t\t\t\t\t\t\t\t\t\t<\/a><br \/>\n\t\t\t\t\t<\/h2>\n<p><span aria-hidden=\"true\" class=\"article-list__article-mediaicon article-list__article-mediaicon--video\"><br \/>\n\t<span class=\"article-list__article-mediaicon-svg\"><\/p>\n<p>\t\t.cls-3 {preenchimento: #fff; preenchimento-regra: parodd}<br \/>\n\t<\/span><br \/>\n\t<\/span>\n\t<\/div>\n<\/article>\n<article class=\"article-list__article\" data-article-id=\"2268194\" data-context=\"link_group\" data-index=\"2\" data-collection=\"article-list1\" data-anvato-params=\"{\"pauseontabinactive\":false}\">\n\t\t\t<!-- Next line is not the perfect\/ideal way to control hiding the items. Can revisit later. --><\/p>\n<div class=\"article-list__article-text\" data-context=\"link_group\" data-article-list-id=\"article-list1\" data-article-text-classes=\"article-list__article-text\" data-article-thumb-classes=\"article-list__article-thumb\" data-current-image-context=\"[\"16:9\",\"(max-width: 1023px) 50vw, 876px\"]\">\n<p>\t\t\t\t<a class=\"article-list__gradient-link\" href=\"https:\/\/www.wtnh.com\/on-air\/capitol-report\/capitol-report-housing-bill-vetoed-nyc-mayoral-race-reactions-remembering-mark-davis\/\" data-link-type=\"content-link\" data-link-position=\"3\" data-link-pinned=\"false\" data-link-label=\"Capitol Report: Housing bill vetoed, NYC mayoral race reactions, remembering Mark Davis\"><br \/>\n\t\t<\/a><\/p>\n<h2 class=\"article-list__article-title\">\n\t\t\t\t\t\t\t\t\t\t\t\t\t<a href=\"https:\/\/www.wtnh.com\/on-air\/capitol-report\/capitol-report-housing-bill-vetoed-nyc-mayoral-race-reactions-remembering-mark-davis\/\" class=\"article-list__article-link\" data-link-type=\"content-link\" data-link-position=\"3\" data-link-pinned=\"false\" data-link-label=\"Capitol Report: Housing bill vetoed, NYC mayoral race reactions, remembering Mark Davis\"><\/p>\n<p>\t\t\tHB 5002 veto, Race prefeito de Nova York, homenageando Mark Davis<br \/>\n\t\t\t\t\t\t\t\t\t\t<\/a><br \/>\n\t\t\t\t\t<\/h2>\n<p><span aria-hidden=\"true\" class=\"article-list__article-mediaicon article-list__article-mediaicon--video\"><br \/>\n\t<span class=\"article-list__article-mediaicon-svg\"><\/p>\n<p>\t\t.cls-3 {preenchimento: #fff; preenchimento-regra: parodd}<br \/>\n\t<\/span><br \/>\n\t<\/span>\n\t<\/div>\n<\/article>\n<\/div>\n<\/section><\/div>\n<\/section>\n<\/div>\n<p><br \/>\n<br \/><a href=\"https:\/\/www.wtnh.com\/on-air\/capitol-report\/capitol-report-elliott-makes-it-official-potential-1st-district-battle-sun-relocating\/\">Source link <\/a><\/p>","protected":false},"excerpt":{"rendered":"<p>NEW HAVEN, Connecticut (WTNH) &#8211; Nesta semana, no Relat\u00f3rio do Capit\u00f3lio, o painel discute a oferta oficial de Josh Elliott pela mesa do governador e lembrando os l\u00edderes locais, Bill&hellip;<\/p>","protected":false},"author":1,"featured_media":57216,"comment_status":"closed","ping_status":"open","sticky":false,"template":"","format":"standard","meta":{"content-type":"","footnotes":""},"categories":[1],"tags":[],"class_list":["post-122161","post","type-post","status-publish","format-standard","has-post-thumbnail","hentry","category-uncategorized"],"_links":{"self":[{"href":"https:\/\/tvbrazilusa.com\/pt\/wp-json\/wp\/v2\/posts\/122161","targetHints":{"allow":["GET"]}}],"collection":[{"href":"https:\/\/tvbrazilusa.com\/pt\/wp-json\/wp\/v2\/posts"}],"about":[{"href":"https:\/\/tvbrazilusa.com\/pt\/wp-json\/wp\/v2\/types\/post"}],"author":[{"embeddable":true,"href":"https:\/\/tvbrazilusa.com\/pt\/wp-json\/wp\/v2\/users\/1"}],"replies":[{"embeddable":true,"href":"https:\/\/tvbrazilusa.com\/pt\/wp-json\/wp\/v2\/comments?post=122161"}],"version-history":[{"count":1,"href":"https:\/\/tvbrazilusa.com\/pt\/wp-json\/wp\/v2\/posts\/122161\/revisions"}],"predecessor-version":[{"id":122162,"href":"https:\/\/tvbrazilusa.com\/pt\/wp-json\/wp\/v2\/posts\/122161\/revisions\/122162"}],"wp:featuredmedia":[{"embeddable":true,"href":"https:\/\/tvbrazilusa.com\/pt\/wp-json\/wp\/v2\/media\/57216"}],"wp:attachment":[{"href":"https:\/\/tvbrazilusa.com\/pt\/wp-json\/wp\/v2\/media?parent=122161"}],"wp:term":[{"taxonomy":"category","embeddable":true,"href":"https:\/\/tvbrazilusa.com\/pt\/wp-json\/wp\/v2\/categories?post=122161"},{"taxonomy":"post_tag","embeddable":true,"href":"https:\/\/tvbrazilusa.com\/pt\/wp-json\/wp\/v2\/tags?post=122161"}],"curies":[{"name":"wp","href":"https:\/\/api.w.org\/{rel}","templated":true}]}}